{"id":19210,"date":"2026-01-23T23:32:57","date_gmt":"2026-01-23T23:32:57","guid":{"rendered":"https:\/\/laprensacristiana.com\/?p=19210"},"modified":"2026-01-23T23:32:58","modified_gmt":"2026-01-23T23:32:58","slug":"cristianos-son-secuestrados-en-nigeria","status":"publish","type":"post","link":"https:\/\/laprensacristiana.com\/?p=19210","title":{"rendered":"Cristianos son secuestrados en Nigeria"},"content":{"rendered":"\n<p>Fuente: <a href=\"https:\/\/puertasabiertasal.org\/\">https:\/\/puertasabiertasal.org\/<\/a><\/p>\n\n\n\n<p>Seg\u00fan inform\u00f3 Puertas Abiertas Am\u00e9rica Latina, el domingo 18 de enero, m\u00e1s de 177 cristianos fueron secuestrados en Nigeria.<\/p>\n\n\n\n<p>El rapto ocurri\u00f3 cuando hombres armados invadieron tres iglesias en el sur del estado de Kaduna.<\/p>\n\n\n\n<p>Sus familiares esperan noticias, y muchos cristianos traumatizados huyeron de sus hogares, en su mayor\u00eda duermen entre la vegetaci\u00f3n cerca de la comunidad atacada.<\/p>\n","protected":false},"excerpt":{"rendered":"<p>Fuente: https:\/\/puertasabiertasal.org\/ Seg\u00fan inform\u00f3 Puertas Abiertas Am\u00e9rica Latina, el domingo 18 de enero, m\u00e1s de 177 cristianos fueron secuestrados en Nigeria. El rapto ocurri\u00f3 cuando hombres armados invadieron tres iglesias en el sur del estado de Kaduna. Sus familiares esperan noticias, y muchos cristianos traumatizados huyeron de sus hogares, en su mayor\u00eda duermen entre la [&hellip;]<\/p>\n","protected":false},"author":3,"featured_media":19211,"comment_status":"open","ping_status":"open","sticky":false,"template":"","format":"standard","meta":[],"categories":[56],"tags":[],"yoast_head":"<!-- This site is optimized with the Yoast SEO plugin v20.8 - https:\/\/yoast.com\/wordpress\/plugins\/seo\/ -->\n<title>Cristianos son secuestrados en Nigeria - La Prensa Cristiana<\/title>\n<meta name=\"robots\" content=\"index, follow, max-snippet:-1, max-image-preview:large, max-video-preview:-1\" \/>\n<link rel=\"canonical\" href=\"https:\/\/laprensacristiana.com\/?p=19210\" \/>\n<meta property=\"og:locale\" content=\"es_ES\" \/>\n<meta property=\"og:type\" content=\"article\" \/>\n<meta property=\"og:title\" content=\"Cristianos son secuestrados en Nigeria - La Prensa Cristiana\" \/>\n<meta property=\"og:description\" content=\"Fuente: https:\/\/puertasabiertasal.org\/ Seg\u00fan inform\u00f3 Puertas Abiertas Am\u00e9rica Latina, el domingo 18 de enero, m\u00e1s de 177 cristianos fueron secuestrados en Nigeria. El rapto ocurri\u00f3 cuando hombres armados invadieron tres iglesias en el sur del estado de Kaduna. Sus familiares esperan noticias, y muchos cristianos traumatizados huyeron de sus hogares, en su mayor\u00eda duermen entre la [&hellip;]\" \/>\n<meta property=\"og:url\" content=\"https:\/\/laprensacristiana.com\/?p=19210\" \/>\n<meta property=\"og:site_name\" content=\"La Prensa Cristiana\" \/>\n<meta property=\"article:published_time\" content=\"2026-01-23T23:32:57+00:00\" \/>\n<meta property=\"article:modified_time\" content=\"2026-01-23T23:32:58+00:00\" \/>\n<meta property=\"og:image\" content=\"https:\/\/laprensacristiana.com\/wp-content\/uploads\/2026\/01\/Copia-de-Copia-de-OPINION-1.png\" \/>\n\t<meta property=\"og:image:width\" content=\"719\" \/>\n\t<meta property=\"og:image:height\" content=\"540\" \/>\n\t<meta property=\"og:image:type\" content=\"image\/png\" \/>\n<meta name=\"author\" content=\"EDITOR\" \/>\n<meta name=\"twitter:card\" content=\"summary_large_image\" \/>\n<meta name=\"twitter:label1\" content=\"Escrito por\" \/>\n\t<meta name=\"twitter:data1\" content=\"EDITOR\" \/>\n\t<meta name=\"twitter:label2\" content=\"Tiempo de lectura\" \/>\n\t<meta name=\"twitter:data2\" content=\"1 minuto\" \/>\n<script type=\"application\/ld+json\" class=\"yoast-schema-graph\">{\"@context\":\"https:\/\/schema.org\",\"@graph\":[{\"@type\":\"WebPage\",\"@id\":\"https:\/\/laprensacristiana.com\/?p=19210\",\"url\":\"https:\/\/laprensacristiana.com\/?p=19210\",\"name\":\"Cristianos son secuestrados en Nigeria - La Prensa Cristiana\",\"isPartOf\":{\"@id\":\"https:\/\/laprensacristiana.com\/#website\"},\"datePublished\":\"2026-01-23T23:32:57+00:00\",\"dateModified\":\"2026-01-23T23:32:58+00:00\",\"author\":{\"@id\":\"https:\/\/laprensacristiana.com\/#\/schema\/person\/3e7d82c6bfd6b1fa67010f8f7cd5256e\"},\"breadcrumb\":{\"@id\":\"https:\/\/laprensacristiana.com\/?p=19210#breadcrumb\"},\"inLanguage\":\"es\",\"potentialAction\":[{\"@type\":\"ReadAction\",\"target\":[\"https:\/\/laprensacristiana.com\/?p=19210\"]}]},{\"@type\":\"BreadcrumbList\",\"@id\":\"https:\/\/laprensacristiana.com\/?p=19210#breadcrumb\",\"itemListElement\":[{\"@type\":\"ListItem\",\"position\":1,\"name\":\"Portada\",\"item\":\"https:\/\/laprensacristiana.com\/\"},{\"@type\":\"ListItem\",\"position\":2,\"name\":\"Cristianos son secuestrados en Nigeria\"}]},{\"@type\":\"WebSite\",\"@id\":\"https:\/\/laprensacristiana.com\/#website\",\"url\":\"https:\/\/laprensacristiana.com\/\",\"name\":\"La Prensa Cristiana\",\"description\":\"Anunciando Las Buenas Nuevas\",\"potentialAction\":[{\"@type\":\"SearchAction\",\"target\":{\"@type\":\"EntryPoint\",\"urlTemplate\":\"https:\/\/laprensacristiana.com\/?s={search_term_string}\"},\"query-input\":\"required name=search_term_string\"}],\"inLanguage\":\"es\"},{\"@type\":\"Person\",\"@id\":\"https:\/\/laprensacristiana.com\/#\/schema\/person\/3e7d82c6bfd6b1fa67010f8f7cd5256e\",\"name\":\"EDITOR\",\"image\":{\"@type\":\"ImageObject\",\"inLanguage\":\"es\",\"@id\":\"https:\/\/laprensacristiana.com\/#\/schema\/person\/image\/\",\"url\":\"https:\/\/secure.gravatar.com\/avatar\/72069dfb6c13772d9e8381e3638666d2?s=96&d=mm&r=g\",\"contentUrl\":\"https:\/\/secure.gravatar.com\/avatar\/72069dfb6c13772d9e8381e3638666d2?s=96&d=mm&r=g\",\"caption\":\"EDITOR\"},\"url\":\"https:\/\/laprensacristiana.com\/?author=3\"}]}<\/script>\n<!-- \/ Yoast SEO plugin. -->","yoast_head_json":{"title":"Cristianos son secuestrados en Nigeria - La Prensa Cristiana","robots":{"index":"index","follow":"follow","max-snippet":"max-snippet:-1","max-image-preview":"max-image-preview:large","max-video-preview":"max-video-preview:-1"},"canonical":"https:\/\/laprensacristiana.com\/?p=19210","og_locale":"es_ES","og_type":"article","og_title":"Cristianos son secuestrados en Nigeria - La Prensa Cristiana","og_description":"Fuente: https:\/\/puertasabiertasal.org\/ Seg\u00fan inform\u00f3 Puertas Abiertas Am\u00e9rica Latina, el domingo 18 de enero, m\u00e1s de 177 cristianos fueron secuestrados en Nigeria. El rapto ocurri\u00f3 cuando hombres armados invadieron tres iglesias en el sur del estado de Kaduna. Sus familiares esperan noticias, y muchos cristianos traumatizados huyeron de sus hogares, en su mayor\u00eda duermen entre la [&hellip;]","og_url":"https:\/\/laprensacristiana.com\/?p=19210","og_site_name":"La Prensa Cristiana","article_published_time":"2026-01-23T23:32:57+00:00","article_modified_time":"2026-01-23T23:32:58+00:00","og_image":[{"width":719,"height":540,"url":"https:\/\/laprensacristiana.com\/wp-content\/uploads\/2026\/01\/Copia-de-Copia-de-OPINION-1.png","type":"image\/png"}],"author":"EDITOR","twitter_card":"summary_large_image","twitter_misc":{"Escrito por":"EDITOR","Tiempo de lectura":"1 minuto"},"schema":{"@context":"https:\/\/schema.org","@graph":[{"@type":"WebPage","@id":"https:\/\/laprensacristiana.com\/?p=19210","url":"https:\/\/laprensacristiana.com\/?p=19210","name":"Cristianos son secuestrados en Nigeria - La Prensa Cristiana","isPartOf":{"@id":"https:\/\/laprensacristiana.com\/#website"},"datePublished":"2026-01-23T23:32:57+00:00","dateModified":"2026-01-23T23:32:58+00:00","author":{"@id":"https:\/\/laprensacristiana.com\/#\/schema\/person\/3e7d82c6bfd6b1fa67010f8f7cd5256e"},"breadcrumb":{"@id":"https:\/\/laprensacristiana.com\/?p=19210#breadcrumb"},"inLanguage":"es","potentialAction":[{"@type":"ReadAction","target":["https:\/\/laprensacristiana.com\/?p=19210"]}]},{"@type":"BreadcrumbList","@id":"https:\/\/laprensacristiana.com\/?p=19210#breadcrumb","itemListElement":[{"@type":"ListItem","position":1,"name":"Portada","item":"https:\/\/laprensacristiana.com\/"},{"@type":"ListItem","position":2,"name":"Cristianos son secuestrados en Nigeria"}]},{"@type":"WebSite","@id":"https:\/\/laprensacristiana.com\/#website","url":"https:\/\/laprensacristiana.com\/","name":"La Prensa Cristiana","description":"Anunciando Las Buenas Nuevas","potentialAction":[{"@type":"SearchAction","target":{"@type":"EntryPoint","urlTemplate":"https:\/\/laprensacristiana.com\/?s={search_term_string}"},"query-input":"required name=search_term_string"}],"inLanguage":"es"},{"@type":"Person","@id":"https:\/\/laprensacristiana.com\/#\/schema\/person\/3e7d82c6bfd6b1fa67010f8f7cd5256e","name":"EDITOR","image":{"@type":"ImageObject","inLanguage":"es","@id":"https:\/\/laprensacristiana.com\/#\/schema\/person\/image\/","url":"https:\/\/secure.gravatar.com\/avatar\/72069dfb6c13772d9e8381e3638666d2?s=96&d=mm&r=g","contentUrl":"https:\/\/secure.gravatar.com\/avatar\/72069dfb6c13772d9e8381e3638666d2?s=96&d=mm&r=g","caption":"EDITOR"},"url":"https:\/\/laprensacristiana.com\/?author=3"}]}},"_links":{"self":[{"href":"https:\/\/laprensacristiana.com\/index.php?rest_route=\/wp\/v2\/posts\/19210"}],"collection":[{"href":"https:\/\/laprensacristiana.com\/index.php?rest_route=\/wp\/v2\/posts"}],"about":[{"href":"https:\/\/laprensacristiana.com\/index.php?rest_route=\/wp\/v2\/types\/post"}],"author":[{"embeddable":true,"href":"https:\/\/laprensacristiana.com\/index.php?rest_route=\/wp\/v2\/users\/3"}],"replies":[{"embeddable":true,"href":"https:\/\/laprensacristiana.com\/index.php?rest_route=%2Fwp%2Fv2%2Fcomments&post=19210"}],"version-history":[{"count":1,"href":"https:\/\/laprensacristiana.com\/index.php?rest_route=\/wp\/v2\/posts\/19210\/revisions"}],"predecessor-version":[{"id":19212,"href":"https:\/\/laprensacristiana.com\/index.php?rest_route=\/wp\/v2\/posts\/19210\/revisions\/19212"}],"wp:featuredmedia":[{"embeddable":true,"href":"https:\/\/laprensacristiana.com\/index.php?rest_route=\/wp\/v2\/media\/19211"}],"wp:attachment":[{"href":"https:\/\/laprensacristiana.com\/index.php?rest_route=%2Fwp%2Fv2%2Fmedia&parent=19210"}],"wp:term":[{"taxonomy":"category","embeddable":true,"href":"https:\/\/laprensacristiana.com\/index.php?rest_route=%2Fwp%2Fv2%2Fcategories&post=19210"},{"taxonomy":"post_tag","embeddable":true,"href":"https:\/\/laprensacristiana.com\/index.php?rest_route=%2Fwp%2Fv2%2Ftags&post=19210"}],"curies":[{"name":"wp","href":"https:\/\/api.w.org\/{rel}","templated":true}]}}