{"id":19254,"date":"2026-03-15T21:56:03","date_gmt":"2026-03-15T21:56:03","guid":{"rendered":"https:\/\/laprensacristiana.com\/?p=19254"},"modified":"2026-03-15T21:56:04","modified_gmt":"2026-03-15T21:56:04","slug":"miles-de-personas-se-reunen-en-el-festival-por-la-vida-en-el-salvador","status":"publish","type":"post","link":"https:\/\/laprensacristiana.com\/?p=19254","title":{"rendered":"Miles de personas se re\u00fanen en el festival por la vida en El Salvador\u00a0"},"content":{"rendered":"\n<p>El Salvador vivi\u00f3 uno de los hechos que marcan historia en este primer trimestre del 2026, celebrando el Festival por la Vida con Mike Silva.&nbsp;<\/p>\n\n\n\n<p>Seg\u00fan informaron sus organizadores, m\u00e1s de 50,000 personas se dieron cita en las instalaciones del Parque Recreativo El Cafetal\u00f3n en Santa Tecla, para adorar a Dios.\u00a0<br><\/p>\n\n\n\n<figure class=\"wp-block-image size-large\"><img decoding=\"async\" loading=\"lazy\" width=\"1024\" height=\"683\" src=\"https:\/\/laprensacristiana.com\/wp-content\/uploads\/2026\/03\/IMG_4548-1024x683.jpeg\" alt=\"\" class=\"wp-image-19259\" srcset=\"https:\/\/laprensacristiana.com\/wp-content\/uploads\/2026\/03\/IMG_4548-1024x683.jpeg 1024w, https:\/\/laprensacristiana.com\/wp-content\/uploads\/2026\/03\/IMG_4548-300x200.jpeg 300w, https:\/\/laprensacristiana.com\/wp-content\/uploads\/2026\/03\/IMG_4548-768x512.jpeg 768w, https:\/\/laprensacristiana.com\/wp-content\/uploads\/2026\/03\/IMG_4548-696x464.jpeg 696w, https:\/\/laprensacristiana.com\/wp-content\/uploads\/2026\/03\/IMG_4548-1068x712.jpeg 1068w, https:\/\/laprensacristiana.com\/wp-content\/uploads\/2026\/03\/IMG_4548-600x400.jpeg 600w, https:\/\/laprensacristiana.com\/wp-content\/uploads\/2026\/03\/IMG_4548.jpeg 1440w\" sizes=\"(max-width: 1024px) 100vw, 1024px\" \/><\/figure>\n\n\n\n<p>Con la participaci\u00f3n musical de exponentes internacionales como nacionales, entre los que destacan Miel San Marcos, Tercer Cielo, Alex Zurdo, GDS Band, LION RFC, entre otros, para cantar a una sola voz.&nbsp;<\/p>\n\n\n\n<p>Intervenciones especiales como la de Andrew Palau, en la que enfatiz\u00f3 c\u00f3mo se alej\u00f3 por a\u00f1os de los caminos de Dios, pero en un festival como este tuvo un encuentro con \u00c9l.&nbsp;<\/p>\n\n\n\n<p>Buena Vida, Buena M\u00fasica y Buenas Noticias. Uno de los momentos m\u00e1s emotivos se vivi\u00f3 cuando el evangelista Mike Silva trajo una palabra de vida y esperanza y como resultado miles de manos levantadas entregando su vida a Jes\u00fas.\u00a0<br><\/p>\n\n\n\n<figure class=\"wp-block-image size-large\"><img decoding=\"async\" loading=\"lazy\" width=\"819\" height=\"1024\" src=\"https:\/\/laprensacristiana.com\/wp-content\/uploads\/2026\/03\/IMG_4547-819x1024.jpeg\" alt=\"\" class=\"wp-image-19257\" srcset=\"https:\/\/laprensacristiana.com\/wp-content\/uploads\/2026\/03\/IMG_4547-819x1024.jpeg 819w, https:\/\/laprensacristiana.com\/wp-content\/uploads\/2026\/03\/IMG_4547-240x300.jpeg 240w, https:\/\/laprensacristiana.com\/wp-content\/uploads\/2026\/03\/IMG_4547-768x960.jpeg 768w, https:\/\/laprensacristiana.com\/wp-content\/uploads\/2026\/03\/IMG_4547-1229x1536.jpeg 1229w, https:\/\/laprensacristiana.com\/wp-content\/uploads\/2026\/03\/IMG_4547-696x870.jpeg 696w, https:\/\/laprensacristiana.com\/wp-content\/uploads\/2026\/03\/IMG_4547-1068x1335.jpeg 1068w, https:\/\/laprensacristiana.com\/wp-content\/uploads\/2026\/03\/IMG_4547-600x750.jpeg 600w, https:\/\/laprensacristiana.com\/wp-content\/uploads\/2026\/03\/IMG_4547.jpeg 1440w\" sizes=\"(max-width: 819px) 100vw, 819px\" \/><\/figure>\n\n\n\n<p>Dentro del festival contaron con\u00a0\u00a0una\u00a0<em>Feria Familiar:\u00a0<\/em>\u00a0con espacios de emprendimientos, puntos de comida, hidrataci\u00f3n y mercader\u00eda.\u00a0<em>Jornadas m\u00e9dicas:\u00a0<\/em>que llevaron atenci\u00f3n y servicio a quienes lo necesitaban.\u00a0<em>Espacios de adopci\u00f3n de mascotas:\u00a0<\/em>promoviendo amor y cuidado por los animales.\u00a0<em>Festikids:\u00a0<\/em>un festival pensado especialmente para los m\u00e1s peque\u00f1os, con inflables, premios, comida y un show lleno de alegr\u00eda.<\/p>\n\n\n\n<figure class=\"wp-block-image size-large\"><img decoding=\"async\" loading=\"lazy\" width=\"1024\" height=\"683\" src=\"https:\/\/laprensacristiana.com\/wp-content\/uploads\/2026\/03\/IMG_4550-1024x683.jpeg\" alt=\"\" class=\"wp-image-19256\" srcset=\"https:\/\/laprensacristiana.com\/wp-content\/uploads\/2026\/03\/IMG_4550-1024x683.jpeg 1024w, https:\/\/laprensacristiana.com\/wp-content\/uploads\/2026\/03\/IMG_4550-300x200.jpeg 300w, https:\/\/laprensacristiana.com\/wp-content\/uploads\/2026\/03\/IMG_4550-768x512.jpeg 768w, https:\/\/laprensacristiana.com\/wp-content\/uploads\/2026\/03\/IMG_4550-696x464.jpeg 696w, https:\/\/laprensacristiana.com\/wp-content\/uploads\/2026\/03\/IMG_4550-1068x712.jpeg 1068w, https:\/\/laprensacristiana.com\/wp-content\/uploads\/2026\/03\/IMG_4550-600x400.jpeg 600w, https:\/\/laprensacristiana.com\/wp-content\/uploads\/2026\/03\/IMG_4550.jpeg 1440w\" sizes=\"(max-width: 1024px) 100vw, 1024px\" \/><\/figure>\n\n\n\n<p>Cabe destacar que el evento cont\u00f3 con el acompa\u00f1amiento de personalidades como el Dr. Edgardo Cardoza, Secretario de Valores de la Presidencia de la Rep\u00fablica de El Salvador, Los pastores Roxana y William Hern\u00e1ndez de Vision Global Ministry International, el Dr. Mauricio Navas, pastor General de Iglesia Del Camino, entre otros.\u00a0<br><\/p>\n\n\n\n<figure class=\"wp-block-image size-large\"><img decoding=\"async\" loading=\"lazy\" width=\"1024\" height=\"768\" src=\"https:\/\/laprensacristiana.com\/wp-content\/uploads\/2026\/03\/IMG_4546-1024x768.jpeg\" alt=\"\" class=\"wp-image-19255\" srcset=\"https:\/\/laprensacristiana.com\/wp-content\/uploads\/2026\/03\/IMG_4546-1024x768.jpeg 1024w, https:\/\/laprensacristiana.com\/wp-content\/uploads\/2026\/03\/IMG_4546-300x225.jpeg 300w, https:\/\/laprensacristiana.com\/wp-content\/uploads\/2026\/03\/IMG_4546-768x576.jpeg 768w, https:\/\/laprensacristiana.com\/wp-content\/uploads\/2026\/03\/IMG_4546-1536x1152.jpeg 1536w, https:\/\/laprensacristiana.com\/wp-content\/uploads\/2026\/03\/IMG_4546-696x522.jpeg 696w, https:\/\/laprensacristiana.com\/wp-content\/uploads\/2026\/03\/IMG_4546-1068x801.jpeg 1068w, https:\/\/laprensacristiana.com\/wp-content\/uploads\/2026\/03\/IMG_4546-1920x1440.jpeg 1920w, https:\/\/laprensacristiana.com\/wp-content\/uploads\/2026\/03\/IMG_4546-600x450.jpeg 600w, https:\/\/laprensacristiana.com\/wp-content\/uploads\/2026\/03\/IMG_4546.jpeg 2048w\" sizes=\"(max-width: 1024px) 100vw, 1024px\" \/><\/figure>\n\n\n\n<p>\u201cEl Salvador nos recibi\u00f3 con los brazos abiertos, demostrando una vez m\u00e1s que cuando la m\u00fasica, la fe y la esperanza se unen, suceden cosas extraordinarias\u201d, concluyeron.&nbsp;<\/p>\n","protected":false},"excerpt":{"rendered":"<p>El Salvador vivi\u00f3 uno de los hechos que marcan historia en este primer trimestre del 2026, celebrando el Festival por la Vida con Mike Silva.&nbsp; Seg\u00fan informaron sus organizadores, m\u00e1s de 50,000 personas se dieron cita en las instalaciones del Parque Recreativo El Cafetal\u00f3n en Santa Tecla, para adorar a Dios.\u00a0 Con la participaci\u00f3n musical [&hellip;]<\/p>\n","protected":false},"author":3,"featured_media":19258,"comment_status":"open","ping_status":"open","sticky":false,"template":"","format":"standard","meta":[],"categories":[56],"tags":[],"yoast_head":"<!-- This site is optimized with the Yoast SEO plugin v20.8 - https:\/\/yoast.com\/wordpress\/plugins\/seo\/ -->\n<title>Miles de personas se re\u00fanen en el festival por la vida en El Salvador\u00a0 - La Prensa Cristiana<\/title>\n<meta name=\"robots\" content=\"index, follow, max-snippet:-1, max-image-preview:large, max-video-preview:-1\" \/>\n<link rel=\"canonical\" href=\"https:\/\/laprensacristiana.com\/?p=19254\" \/>\n<meta property=\"og:locale\" content=\"es_ES\" \/>\n<meta property=\"og:type\" content=\"article\" \/>\n<meta property=\"og:title\" content=\"Miles de personas se re\u00fanen en el festival por la vida en El Salvador\u00a0 - La Prensa Cristiana\" \/>\n<meta property=\"og:description\" content=\"El Salvador vivi\u00f3 uno de los hechos que marcan historia en este primer trimestre del 2026, celebrando el Festival por la Vida con Mike Silva.&nbsp; Seg\u00fan informaron sus organizadores, m\u00e1s de 50,000 personas se dieron cita en las instalaciones del Parque Recreativo El Cafetal\u00f3n en Santa Tecla, para adorar a Dios.\u00a0 Con la participaci\u00f3n musical [&hellip;]\" \/>\n<meta property=\"og:url\" content=\"https:\/\/laprensacristiana.com\/?p=19254\" \/>\n<meta property=\"og:site_name\" content=\"La Prensa Cristiana\" \/>\n<meta property=\"article:published_time\" content=\"2026-03-15T21:56:03+00:00\" \/>\n<meta property=\"article:modified_time\" content=\"2026-03-15T21:56:04+00:00\" \/>\n<meta property=\"og:image\" content=\"https:\/\/laprensacristiana.com\/wp-content\/uploads\/2026\/03\/IMG_4549.jpeg\" \/>\n\t<meta property=\"og:image:width\" content=\"1440\" \/>\n\t<meta property=\"og:image:height\" content=\"960\" \/>\n\t<meta property=\"og:image:type\" content=\"image\/jpeg\" \/>\n<meta name=\"author\" content=\"EDITOR\" \/>\n<meta name=\"twitter:card\" content=\"summary_large_image\" \/>\n<meta name=\"twitter:label1\" content=\"Escrito por\" \/>\n\t<meta name=\"twitter:data1\" content=\"EDITOR\" \/>\n\t<meta name=\"twitter:label2\" content=\"Tiempo de lectura\" \/>\n\t<meta name=\"twitter:data2\" content=\"3 minutos\" \/>\n<script type=\"application\/ld+json\" class=\"yoast-schema-graph\">{\"@context\":\"https:\/\/schema.org\",\"@graph\":[{\"@type\":\"WebPage\",\"@id\":\"https:\/\/laprensacristiana.com\/?p=19254\",\"url\":\"https:\/\/laprensacristiana.com\/?p=19254\",\"name\":\"Miles de personas se re\u00fanen en el festival por la vida en El Salvador\u00a0 - La Prensa Cristiana\",\"isPartOf\":{\"@id\":\"https:\/\/laprensacristiana.com\/#website\"},\"datePublished\":\"2026-03-15T21:56:03+00:00\",\"dateModified\":\"2026-03-15T21:56:04+00:00\",\"author\":{\"@id\":\"https:\/\/laprensacristiana.com\/#\/schema\/person\/3e7d82c6bfd6b1fa67010f8f7cd5256e\"},\"breadcrumb\":{\"@id\":\"https:\/\/laprensacristiana.com\/?p=19254#breadcrumb\"},\"inLanguage\":\"es\",\"potentialAction\":[{\"@type\":\"ReadAction\",\"target\":[\"https:\/\/laprensacristiana.com\/?p=19254\"]}]},{\"@type\":\"BreadcrumbList\",\"@id\":\"https:\/\/laprensacristiana.com\/?p=19254#breadcrumb\",\"itemListElement\":[{\"@type\":\"ListItem\",\"position\":1,\"name\":\"Portada\",\"item\":\"https:\/\/laprensacristiana.com\/\"},{\"@type\":\"ListItem\",\"position\":2,\"name\":\"Miles de personas se re\u00fanen en el festival por la vida en El Salvador\u00a0\"}]},{\"@type\":\"WebSite\",\"@id\":\"https:\/\/laprensacristiana.com\/#website\",\"url\":\"https:\/\/laprensacristiana.com\/\",\"name\":\"La Prensa Cristiana\",\"description\":\"Anunciando Las Buenas Nuevas\",\"potentialAction\":[{\"@type\":\"SearchAction\",\"target\":{\"@type\":\"EntryPoint\",\"urlTemplate\":\"https:\/\/laprensacristiana.com\/?s={search_term_string}\"},\"query-input\":\"required name=search_term_string\"}],\"inLanguage\":\"es\"},{\"@type\":\"Person\",\"@id\":\"https:\/\/laprensacristiana.com\/#\/schema\/person\/3e7d82c6bfd6b1fa67010f8f7cd5256e\",\"name\":\"EDITOR\",\"image\":{\"@type\":\"ImageObject\",\"inLanguage\":\"es\",\"@id\":\"https:\/\/laprensacristiana.com\/#\/schema\/person\/image\/\",\"url\":\"https:\/\/secure.gravatar.com\/avatar\/72069dfb6c13772d9e8381e3638666d2?s=96&d=mm&r=g\",\"contentUrl\":\"https:\/\/secure.gravatar.com\/avatar\/72069dfb6c13772d9e8381e3638666d2?s=96&d=mm&r=g\",\"caption\":\"EDITOR\"},\"url\":\"https:\/\/laprensacristiana.com\/?author=3\"}]}<\/script>\n<!-- \/ Yoast SEO plugin. -->","yoast_head_json":{"title":"Miles de personas se re\u00fanen en el festival por la vida en El Salvador\u00a0 - La Prensa Cristiana","robots":{"index":"index","follow":"follow","max-snippet":"max-snippet:-1","max-image-preview":"max-image-preview:large","max-video-preview":"max-video-preview:-1"},"canonical":"https:\/\/laprensacristiana.com\/?p=19254","og_locale":"es_ES","og_type":"article","og_title":"Miles de personas se re\u00fanen en el festival por la vida en El Salvador\u00a0 - La Prensa Cristiana","og_description":"El Salvador vivi\u00f3 uno de los hechos que marcan historia en este primer trimestre del 2026, celebrando el Festival por la Vida con Mike Silva.&nbsp; Seg\u00fan informaron sus organizadores, m\u00e1s de 50,000 personas se dieron cita en las instalaciones del Parque Recreativo El Cafetal\u00f3n en Santa Tecla, para adorar a Dios.\u00a0 Con la participaci\u00f3n musical [&hellip;]","og_url":"https:\/\/laprensacristiana.com\/?p=19254","og_site_name":"La Prensa Cristiana","article_published_time":"2026-03-15T21:56:03+00:00","article_modified_time":"2026-03-15T21:56:04+00:00","og_image":[{"width":1440,"height":960,"url":"https:\/\/laprensacristiana.com\/wp-content\/uploads\/2026\/03\/IMG_4549.jpeg","type":"image\/jpeg"}],"author":"EDITOR","twitter_card":"summary_large_image","twitter_misc":{"Escrito por":"EDITOR","Tiempo de lectura":"3 minutos"},"schema":{"@context":"https:\/\/schema.org","@graph":[{"@type":"WebPage","@id":"https:\/\/laprensacristiana.com\/?p=19254","url":"https:\/\/laprensacristiana.com\/?p=19254","name":"Miles de personas se re\u00fanen en el festival por la vida en El Salvador\u00a0 - La Prensa Cristiana","isPartOf":{"@id":"https:\/\/laprensacristiana.com\/#website"},"datePublished":"2026-03-15T21:56:03+00:00","dateModified":"2026-03-15T21:56:04+00:00","author":{"@id":"https:\/\/laprensacristiana.com\/#\/schema\/person\/3e7d82c6bfd6b1fa67010f8f7cd5256e"},"breadcrumb":{"@id":"https:\/\/laprensacristiana.com\/?p=19254#breadcrumb"},"inLanguage":"es","potentialAction":[{"@type":"ReadAction","target":["https:\/\/laprensacristiana.com\/?p=19254"]}]},{"@type":"BreadcrumbList","@id":"https:\/\/laprensacristiana.com\/?p=19254#breadcrumb","itemListElement":[{"@type":"ListItem","position":1,"name":"Portada","item":"https:\/\/laprensacristiana.com\/"},{"@type":"ListItem","position":2,"name":"Miles de personas se re\u00fanen en el festival por la vida en El Salvador\u00a0"}]},{"@type":"WebSite","@id":"https:\/\/laprensacristiana.com\/#website","url":"https:\/\/laprensacristiana.com\/","name":"La Prensa Cristiana","description":"Anunciando Las Buenas Nuevas","potentialAction":[{"@type":"SearchAction","target":{"@type":"EntryPoint","urlTemplate":"https:\/\/laprensacristiana.com\/?s={search_term_string}"},"query-input":"required name=search_term_string"}],"inLanguage":"es"},{"@type":"Person","@id":"https:\/\/laprensacristiana.com\/#\/schema\/person\/3e7d82c6bfd6b1fa67010f8f7cd5256e","name":"EDITOR","image":{"@type":"ImageObject","inLanguage":"es","@id":"https:\/\/laprensacristiana.com\/#\/schema\/person\/image\/","url":"https:\/\/secure.gravatar.com\/avatar\/72069dfb6c13772d9e8381e3638666d2?s=96&d=mm&r=g","contentUrl":"https:\/\/secure.gravatar.com\/avatar\/72069dfb6c13772d9e8381e3638666d2?s=96&d=mm&r=g","caption":"EDITOR"},"url":"https:\/\/laprensacristiana.com\/?author=3"}]}},"_links":{"self":[{"href":"https:\/\/laprensacristiana.com\/index.php?rest_route=\/wp\/v2\/posts\/19254"}],"collection":[{"href":"https:\/\/laprensacristiana.com\/index.php?rest_route=\/wp\/v2\/posts"}],"about":[{"href":"https:\/\/laprensacristiana.com\/index.php?rest_route=\/wp\/v2\/types\/post"}],"author":[{"embeddable":true,"href":"https:\/\/laprensacristiana.com\/index.php?rest_route=\/wp\/v2\/users\/3"}],"replies":[{"embeddable":true,"href":"https:\/\/laprensacristiana.com\/index.php?rest_route=%2Fwp%2Fv2%2Fcomments&post=19254"}],"version-history":[{"count":1,"href":"https:\/\/laprensacristiana.com\/index.php?rest_route=\/wp\/v2\/posts\/19254\/revisions"}],"predecessor-version":[{"id":19260,"href":"https:\/\/laprensacristiana.com\/index.php?rest_route=\/wp\/v2\/posts\/19254\/revisions\/19260"}],"wp:featuredmedia":[{"embeddable":true,"href":"https:\/\/laprensacristiana.com\/index.php?rest_route=\/wp\/v2\/media\/19258"}],"wp:attachment":[{"href":"https:\/\/laprensacristiana.com\/index.php?rest_route=%2Fwp%2Fv2%2Fmedia&parent=19254"}],"wp:term":[{"taxonomy":"category","embeddable":true,"href":"https:\/\/laprensacristiana.com\/index.php?rest_route=%2Fwp%2Fv2%2Fcategories&post=19254"},{"taxonomy":"post_tag","embeddable":true,"href":"https:\/\/laprensacristiana.com\/index.php?rest_route=%2Fwp%2Fv2%2Ftags&post=19254"}],"curies":[{"name":"wp","href":"https:\/\/api.w.org\/{rel}","templated":true}]}}