{"id":1939,"date":"2016-11-23T19:35:09","date_gmt":"2016-11-23T19:35:09","guid":{"rendered":"https:\/\/laprensacristiana.com\/?p=1939"},"modified":"2020-07-02T01:29:24","modified_gmt":"2020-07-02T01:29:24","slug":"asi-se-conmemoro-el-dia-nacional-de-la-oracion-por-el-salvador","status":"publish","type":"post","link":"https:\/\/laprensacristiana.com\/?p=1939","title":{"rendered":"As\u00ed se conmemor\u00f3 el D\u00eda Nacional de la Oraci\u00f3n por El Salvador"},"content":{"rendered":"<p>El redondel de las Naciones Unidas en Antiguo Cuscatl\u00e1n, fue el escenario donde muchos siervos, pastores, l\u00edderes y la congregaci\u00f3n en general se dieron cita para conmemorar un a\u00f1o m\u00e1s, el D\u00eda Nacional de la Oraci\u00f3n por El Salvador.<\/p>\n<figure id=\"attachment_1941\" aria-describedby=\"caption-attachment-1941\" style=\"width: 300px\" class=\"wp-caption alignnone\"><img decoding=\"async\" loading=\"lazy\" class=\"size-medium wp-image-1941\" src=\"https:\/\/laprensacristiana.com\/wp-content\/uploads\/2016\/11\/oracion1-300x200.jpg\" alt=\"Siervos clamando por El Salvador\" width=\"300\" height=\"200\" srcset=\"https:\/\/laprensacristiana.com\/wp-content\/uploads\/2016\/11\/oracion1-300x200.jpg 300w, https:\/\/laprensacristiana.com\/wp-content\/uploads\/2016\/11\/oracion1-600x400.jpg 600w, https:\/\/laprensacristiana.com\/wp-content\/uploads\/2016\/11\/oracion1-768x512.jpg 768w, https:\/\/laprensacristiana.com\/wp-content\/uploads\/2016\/11\/oracion1-1024x683.jpg 1024w, https:\/\/laprensacristiana.com\/wp-content\/uploads\/2016\/11\/oracion1-696x464.jpg 696w, https:\/\/laprensacristiana.com\/wp-content\/uploads\/2016\/11\/oracion1-1068x712.jpg 1068w, https:\/\/laprensacristiana.com\/wp-content\/uploads\/2016\/11\/oracion1-630x420.jpg 630w\" sizes=\"(max-width: 300px) 100vw, 300px\" \/><figcaption id=\"caption-attachment-1941\" class=\"wp-caption-text\">Siervos clamando por El Salvador<\/figcaption><\/figure>\n<p>Seg\u00fan el decreto legislativo 161 en su art\u00edculo 1, cada 23 de noviembre se celebra el D\u00eda Nacional de la Oraci\u00f3n por El Salvador, y en el 2016 no fue la excepci\u00f3n, diferentes iglesias, pastores y colegios cristianos clamaron por El Salvador, en un acto p\u00fablico.<\/p>\n<figure id=\"attachment_1942\" aria-describedby=\"caption-attachment-1942\" style=\"width: 300px\" class=\"wp-caption alignnone\"><img decoding=\"async\" loading=\"lazy\" class=\"size-medium wp-image-1942\" src=\"https:\/\/laprensacristiana.com\/wp-content\/uploads\/2016\/11\/oracion3-300x200.jpg\" alt=\"Banda de paz, Liceo Cristiano Reverendo Juan Bueno Central\" width=\"300\" height=\"200\" srcset=\"https:\/\/laprensacristiana.com\/wp-content\/uploads\/2016\/11\/oracion3-300x200.jpg 300w, https:\/\/laprensacristiana.com\/wp-content\/uploads\/2016\/11\/oracion3-600x400.jpg 600w, https:\/\/laprensacristiana.com\/wp-content\/uploads\/2016\/11\/oracion3-768x512.jpg 768w, https:\/\/laprensacristiana.com\/wp-content\/uploads\/2016\/11\/oracion3-1024x683.jpg 1024w, https:\/\/laprensacristiana.com\/wp-content\/uploads\/2016\/11\/oracion3-696x464.jpg 696w, https:\/\/laprensacristiana.com\/wp-content\/uploads\/2016\/11\/oracion3-1068x712.jpg 1068w, https:\/\/laprensacristiana.com\/wp-content\/uploads\/2016\/11\/oracion3-630x420.jpg 630w\" sizes=\"(max-width: 300px) 100vw, 300px\" \/><figcaption id=\"caption-attachment-1942\" class=\"wp-caption-text\">Banda de paz, Liceo Cristiano Reverendo Juan Bueno Central<\/figcaption><\/figure>\n<p>\u201cCon estos actos p\u00fablicos, lo que queremos es, que el pueblo salvadore\u00f1o, reciba un poco de paz, que entienda que hay un Dios sobre todas las cosas, que ama este pa\u00eds\u201d expres\u00f3 el Licdo. Oscar Duran, representante nacional de la Universidad Global de las Asambleas de Dios.<\/p>\n<figure id=\"attachment_1943\" aria-describedby=\"caption-attachment-1943\" style=\"width: 300px\" class=\"wp-caption alignnone\"><img decoding=\"async\" loading=\"lazy\" class=\"size-medium wp-image-1943\" src=\"https:\/\/laprensacristiana.com\/wp-content\/uploads\/2016\/11\/oracion5-300x208.jpg\" alt=\"Muchas personas se dieron cita para orar por El Salvador\" width=\"300\" height=\"208\" srcset=\"https:\/\/laprensacristiana.com\/wp-content\/uploads\/2016\/11\/oracion5-300x208.jpg 300w, https:\/\/laprensacristiana.com\/wp-content\/uploads\/2016\/11\/oracion5-600x415.jpg 600w, https:\/\/laprensacristiana.com\/wp-content\/uploads\/2016\/11\/oracion5-768x531.jpg 768w, https:\/\/laprensacristiana.com\/wp-content\/uploads\/2016\/11\/oracion5-1024x708.jpg 1024w, https:\/\/laprensacristiana.com\/wp-content\/uploads\/2016\/11\/oracion5-100x70.jpg 100w, https:\/\/laprensacristiana.com\/wp-content\/uploads\/2016\/11\/oracion5-218x150.jpg 218w, https:\/\/laprensacristiana.com\/wp-content\/uploads\/2016\/11\/oracion5-696x482.jpg 696w, https:\/\/laprensacristiana.com\/wp-content\/uploads\/2016\/11\/oracion5-1068x739.jpg 1068w, https:\/\/laprensacristiana.com\/wp-content\/uploads\/2016\/11\/oracion5-607x420.jpg 607w\" sizes=\"(max-width: 300px) 100vw, 300px\" \/><figcaption id=\"caption-attachment-1943\" class=\"wp-caption-text\">Muchas personas se dieron cita para orar por El Salvador<\/figcaption><\/figure>\n<p>En el acto adem\u00e1s particip\u00f3 la banda de paz del Liceo Cristiano Reverendo Juan Bueno Central, quienes al son de los instrumentos alabaron el nombre del Se\u00f1or, tambi\u00e9n el D\u00fao \u201cLos Olivos\u201d exalt\u00f3 y deleitaron a los asistentes, con la tradicional m\u00fasica de cuerdas.<\/p>\n<figure id=\"attachment_1944\" aria-describedby=\"caption-attachment-1944\" style=\"width: 300px\" class=\"wp-caption alignnone\"><img decoding=\"async\" loading=\"lazy\" class=\"size-medium wp-image-1944\" src=\"https:\/\/laprensacristiana.com\/wp-content\/uploads\/2016\/11\/oracion2-300x200.jpg\" alt=\"Pastor Jos\u00e9 De La Paz Palacios.\" width=\"300\" height=\"200\" srcset=\"https:\/\/laprensacristiana.com\/wp-content\/uploads\/2016\/11\/oracion2-300x200.jpg 300w, https:\/\/laprensacristiana.com\/wp-content\/uploads\/2016\/11\/oracion2-600x400.jpg 600w, https:\/\/laprensacristiana.com\/wp-content\/uploads\/2016\/11\/oracion2-768x512.jpg 768w, https:\/\/laprensacristiana.com\/wp-content\/uploads\/2016\/11\/oracion2-1024x683.jpg 1024w, https:\/\/laprensacristiana.com\/wp-content\/uploads\/2016\/11\/oracion2-696x464.jpg 696w, https:\/\/laprensacristiana.com\/wp-content\/uploads\/2016\/11\/oracion2-1068x712.jpg 1068w, https:\/\/laprensacristiana.com\/wp-content\/uploads\/2016\/11\/oracion2-630x420.jpg 630w\" sizes=\"(max-width: 300px) 100vw, 300px\" \/><figcaption id=\"caption-attachment-1944\" class=\"wp-caption-text\">Pastor Jos\u00e9 De La Paz Palacios.<\/figcaption><\/figure>\n<p>El decreto legislativo entr\u00f3 en vigencia en el a\u00f1o 2003, teniendo en el 2016, trece a\u00f1os de existir y ser conmemorado.<\/p>\n","protected":false},"excerpt":{"rendered":"<p>El redondel de las Naciones Unidas en Antiguo Cuscatl\u00e1n, fue el escenario donde muchos siervos, pastores, l\u00edderes y la congregaci\u00f3n en general se dieron cita para conmemorar un a\u00f1o m\u00e1s, el D\u00eda Nacional de la Oraci\u00f3n por El Salvador. Seg\u00fan el decreto legislativo 161 en su art\u00edculo 1, cada 23 de noviembre se celebra el [&hellip;]<\/p>\n","protected":false},"author":3,"featured_media":1940,"comment_status":"open","ping_status":"open","sticky":false,"template":"","format":"standard","meta":[],"categories":[56],"tags":[],"yoast_head":"<!-- This site is optimized with the Yoast SEO plugin v20.8 - https:\/\/yoast.com\/wordpress\/plugins\/seo\/ -->\n<title>As\u00ed se conmemor\u00f3 el D\u00eda Nacional de la Oraci\u00f3n por El Salvador - La Prensa Cristiana<\/title>\n<meta name=\"robots\" content=\"index, follow, max-snippet:-1, max-image-preview:large, max-video-preview:-1\" \/>\n<link rel=\"canonical\" href=\"https:\/\/laprensacristiana.com\/?p=1939\" \/>\n<meta property=\"og:locale\" content=\"es_ES\" \/>\n<meta property=\"og:type\" content=\"article\" \/>\n<meta property=\"og:title\" content=\"As\u00ed se conmemor\u00f3 el D\u00eda Nacional de la Oraci\u00f3n por El Salvador - La Prensa Cristiana\" \/>\n<meta property=\"og:description\" content=\"El redondel de las Naciones Unidas en Antiguo Cuscatl\u00e1n, fue el escenario donde muchos siervos, pastores, l\u00edderes y la congregaci\u00f3n en general se dieron cita para conmemorar un a\u00f1o m\u00e1s, el D\u00eda Nacional de la Oraci\u00f3n por El Salvador. Seg\u00fan el decreto legislativo 161 en su art\u00edculo 1, cada 23 de noviembre se celebra el [&hellip;]\" \/>\n<meta property=\"og:url\" content=\"https:\/\/laprensacristiana.com\/?p=1939\" \/>\n<meta property=\"og:site_name\" content=\"La Prensa Cristiana\" \/>\n<meta property=\"article:published_time\" content=\"2016-11-23T19:35:09+00:00\" \/>\n<meta property=\"article:modified_time\" content=\"2020-07-02T01:29:24+00:00\" \/>\n<meta property=\"og:image\" content=\"https:\/\/laprensacristiana.com\/wp-content\/uploads\/2016\/11\/oracionportada-scaled.jpg\" \/>\n\t<meta property=\"og:image:width\" content=\"2560\" \/>\n\t<meta property=\"og:image:height\" content=\"1390\" \/>\n\t<meta property=\"og:image:type\" content=\"image\/jpeg\" \/>\n<meta name=\"author\" content=\"EDITOR\" \/>\n<meta name=\"twitter:card\" content=\"summary_large_image\" \/>\n<meta name=\"twitter:label1\" content=\"Escrito por\" \/>\n\t<meta name=\"twitter:data1\" content=\"EDITOR\" \/>\n\t<meta name=\"twitter:label2\" content=\"Tiempo de lectura\" \/>\n\t<meta name=\"twitter:data2\" content=\"1 minuto\" \/>\n<script type=\"application\/ld+json\" class=\"yoast-schema-graph\">{\"@context\":\"https:\/\/schema.org\",\"@graph\":[{\"@type\":\"WebPage\",\"@id\":\"https:\/\/laprensacristiana.com\/?p=1939\",\"url\":\"https:\/\/laprensacristiana.com\/?p=1939\",\"name\":\"As\u00ed se conmemor\u00f3 el D\u00eda Nacional de la Oraci\u00f3n por El Salvador - La Prensa Cristiana\",\"isPartOf\":{\"@id\":\"https:\/\/laprensacristiana.com\/#website\"},\"datePublished\":\"2016-11-23T19:35:09+00:00\",\"dateModified\":\"2020-07-02T01:29:24+00:00\",\"author\":{\"@id\":\"https:\/\/laprensacristiana.com\/#\/schema\/person\/3e7d82c6bfd6b1fa67010f8f7cd5256e\"},\"breadcrumb\":{\"@id\":\"https:\/\/laprensacristiana.com\/?p=1939#breadcrumb\"},\"inLanguage\":\"es\",\"potentialAction\":[{\"@type\":\"ReadAction\",\"target\":[\"https:\/\/laprensacristiana.com\/?p=1939\"]}]},{\"@type\":\"BreadcrumbList\",\"@id\":\"https:\/\/laprensacristiana.com\/?p=1939#breadcrumb\",\"itemListElement\":[{\"@type\":\"ListItem\",\"position\":1,\"name\":\"Portada\",\"item\":\"https:\/\/laprensacristiana.com\/\"},{\"@type\":\"ListItem\",\"position\":2,\"name\":\"As\u00ed se conmemor\u00f3 el D\u00eda Nacional de la Oraci\u00f3n por El Salvador\"}]},{\"@type\":\"WebSite\",\"@id\":\"https:\/\/laprensacristiana.com\/#website\",\"url\":\"https:\/\/laprensacristiana.com\/\",\"name\":\"La Prensa Cristiana\",\"description\":\"Anunciando Las Buenas Nuevas\",\"potentialAction\":[{\"@type\":\"SearchAction\",\"target\":{\"@type\":\"EntryPoint\",\"urlTemplate\":\"https:\/\/laprensacristiana.com\/?s={search_term_string}\"},\"query-input\":\"required name=search_term_string\"}],\"inLanguage\":\"es\"},{\"@type\":\"Person\",\"@id\":\"https:\/\/laprensacristiana.com\/#\/schema\/person\/3e7d82c6bfd6b1fa67010f8f7cd5256e\",\"name\":\"EDITOR\",\"image\":{\"@type\":\"ImageObject\",\"inLanguage\":\"es\",\"@id\":\"https:\/\/laprensacristiana.com\/#\/schema\/person\/image\/\",\"url\":\"https:\/\/secure.gravatar.com\/avatar\/72069dfb6c13772d9e8381e3638666d2?s=96&d=mm&r=g\",\"contentUrl\":\"https:\/\/secure.gravatar.com\/avatar\/72069dfb6c13772d9e8381e3638666d2?s=96&d=mm&r=g\",\"caption\":\"EDITOR\"},\"url\":\"https:\/\/laprensacristiana.com\/?author=3\"}]}<\/script>\n<!-- \/ Yoast SEO plugin. -->","yoast_head_json":{"title":"As\u00ed se conmemor\u00f3 el D\u00eda Nacional de la Oraci\u00f3n por El Salvador - La Prensa Cristiana","robots":{"index":"index","follow":"follow","max-snippet":"max-snippet:-1","max-image-preview":"max-image-preview:large","max-video-preview":"max-video-preview:-1"},"canonical":"https:\/\/laprensacristiana.com\/?p=1939","og_locale":"es_ES","og_type":"article","og_title":"As\u00ed se conmemor\u00f3 el D\u00eda Nacional de la Oraci\u00f3n por El Salvador - La Prensa Cristiana","og_description":"El redondel de las Naciones Unidas en Antiguo Cuscatl\u00e1n, fue el escenario donde muchos siervos, pastores, l\u00edderes y la congregaci\u00f3n en general se dieron cita para conmemorar un a\u00f1o m\u00e1s, el D\u00eda Nacional de la Oraci\u00f3n por El Salvador. Seg\u00fan el decreto legislativo 161 en su art\u00edculo 1, cada 23 de noviembre se celebra el [&hellip;]","og_url":"https:\/\/laprensacristiana.com\/?p=1939","og_site_name":"La Prensa Cristiana","article_published_time":"2016-11-23T19:35:09+00:00","article_modified_time":"2020-07-02T01:29:24+00:00","og_image":[{"width":2560,"height":1390,"url":"https:\/\/laprensacristiana.com\/wp-content\/uploads\/2016\/11\/oracionportada-scaled.jpg","type":"image\/jpeg"}],"author":"EDITOR","twitter_card":"summary_large_image","twitter_misc":{"Escrito por":"EDITOR","Tiempo de lectura":"1 minuto"},"schema":{"@context":"https:\/\/schema.org","@graph":[{"@type":"WebPage","@id":"https:\/\/laprensacristiana.com\/?p=1939","url":"https:\/\/laprensacristiana.com\/?p=1939","name":"As\u00ed se conmemor\u00f3 el D\u00eda Nacional de la Oraci\u00f3n por El Salvador - La Prensa Cristiana","isPartOf":{"@id":"https:\/\/laprensacristiana.com\/#website"},"datePublished":"2016-11-23T19:35:09+00:00","dateModified":"2020-07-02T01:29:24+00:00","author":{"@id":"https:\/\/laprensacristiana.com\/#\/schema\/person\/3e7d82c6bfd6b1fa67010f8f7cd5256e"},"breadcrumb":{"@id":"https:\/\/laprensacristiana.com\/?p=1939#breadcrumb"},"inLanguage":"es","potentialAction":[{"@type":"ReadAction","target":["https:\/\/laprensacristiana.com\/?p=1939"]}]},{"@type":"BreadcrumbList","@id":"https:\/\/laprensacristiana.com\/?p=1939#breadcrumb","itemListElement":[{"@type":"ListItem","position":1,"name":"Portada","item":"https:\/\/laprensacristiana.com\/"},{"@type":"ListItem","position":2,"name":"As\u00ed se conmemor\u00f3 el D\u00eda Nacional de la Oraci\u00f3n por El Salvador"}]},{"@type":"WebSite","@id":"https:\/\/laprensacristiana.com\/#website","url":"https:\/\/laprensacristiana.com\/","name":"La Prensa Cristiana","description":"Anunciando Las Buenas Nuevas","potentialAction":[{"@type":"SearchAction","target":{"@type":"EntryPoint","urlTemplate":"https:\/\/laprensacristiana.com\/?s={search_term_string}"},"query-input":"required name=search_term_string"}],"inLanguage":"es"},{"@type":"Person","@id":"https:\/\/laprensacristiana.com\/#\/schema\/person\/3e7d82c6bfd6b1fa67010f8f7cd5256e","name":"EDITOR","image":{"@type":"ImageObject","inLanguage":"es","@id":"https:\/\/laprensacristiana.com\/#\/schema\/person\/image\/","url":"https:\/\/secure.gravatar.com\/avatar\/72069dfb6c13772d9e8381e3638666d2?s=96&d=mm&r=g","contentUrl":"https:\/\/secure.gravatar.com\/avatar\/72069dfb6c13772d9e8381e3638666d2?s=96&d=mm&r=g","caption":"EDITOR"},"url":"https:\/\/laprensacristiana.com\/?author=3"}]}},"_links":{"self":[{"href":"https:\/\/laprensacristiana.com\/index.php?rest_route=\/wp\/v2\/posts\/1939"}],"collection":[{"href":"https:\/\/laprensacristiana.com\/index.php?rest_route=\/wp\/v2\/posts"}],"about":[{"href":"https:\/\/laprensacristiana.com\/index.php?rest_route=\/wp\/v2\/types\/post"}],"author":[{"embeddable":true,"href":"https:\/\/laprensacristiana.com\/index.php?rest_route=\/wp\/v2\/users\/3"}],"replies":[{"embeddable":true,"href":"https:\/\/laprensacristiana.com\/index.php?rest_route=%2Fwp%2Fv2%2Fcomments&post=1939"}],"version-history":[{"count":2,"href":"https:\/\/laprensacristiana.com\/index.php?rest_route=\/wp\/v2\/posts\/1939\/revisions"}],"predecessor-version":[{"id":1946,"href":"https:\/\/laprensacristiana.com\/index.php?rest_route=\/wp\/v2\/posts\/1939\/revisions\/1946"}],"wp:featuredmedia":[{"embeddable":true,"href":"https:\/\/laprensacristiana.com\/index.php?rest_route=\/wp\/v2\/media\/1940"}],"wp:attachment":[{"href":"https:\/\/laprensacristiana.com\/index.php?rest_route=%2Fwp%2Fv2%2Fmedia&parent=1939"}],"wp:term":[{"taxonomy":"category","embeddable":true,"href":"https:\/\/laprensacristiana.com\/index.php?rest_route=%2Fwp%2Fv2%2Fcategories&post=1939"},{"taxonomy":"post_tag","embeddable":true,"href":"https:\/\/laprensacristiana.com\/index.php?rest_route=%2Fwp%2Fv2%2Ftags&post=1939"}],"curies":[{"name":"wp","href":"https:\/\/api.w.org\/{rel}","templated":true}]}}