{"id":1947,"date":"2016-11-24T21:03:17","date_gmt":"2016-11-24T21:03:17","guid":{"rendered":"https:\/\/laprensacristiana.com\/?p=1947"},"modified":"2020-07-02T01:29:14","modified_gmt":"2020-07-02T01:29:14","slug":"se-conmemora-el-dia-de-la-oracion-nacional","status":"publish","type":"post","link":"https:\/\/laprensacristiana.com\/?p=1947","title":{"rendered":"Se conmemora el d\u00eda de la oraci\u00f3n nacional"},"content":{"rendered":"<p>En celebraci\u00f3n del d\u00eda de la oraci\u00f3n nacional, ejecutada ayer, la Iglesia Misi\u00f3n Cristiana Shekina, realiz\u00f3 un tiempo de oraci\u00f3n, pidiendo por cada suceso por el que atraviesa el pa\u00eds.<img decoding=\"async\" loading=\"lazy\" class=\"size-medium wp-image-1950 aligncenter\" src=\"https:\/\/laprensacristiana.com\/wp-content\/uploads\/2016\/11\/SHEKINA-3-300x187.jpg\" alt=\"SHEKINA 3\" width=\"300\" height=\"187\" srcset=\"https:\/\/laprensacristiana.com\/wp-content\/uploads\/2016\/11\/SHEKINA-3-300x187.jpg 300w, https:\/\/laprensacristiana.com\/wp-content\/uploads\/2016\/11\/SHEKINA-3-600x375.jpg 600w, https:\/\/laprensacristiana.com\/wp-content\/uploads\/2016\/11\/SHEKINA-3-768x480.jpg 768w, https:\/\/laprensacristiana.com\/wp-content\/uploads\/2016\/11\/SHEKINA-3-1024x640.jpg 1024w, https:\/\/laprensacristiana.com\/wp-content\/uploads\/2016\/11\/SHEKINA-3-696x435.jpg 696w, https:\/\/laprensacristiana.com\/wp-content\/uploads\/2016\/11\/SHEKINA-3-673x420.jpg 673w, https:\/\/laprensacristiana.com\/wp-content\/uploads\/2016\/11\/SHEKINA-3.jpg 1044w\" sizes=\"(max-width: 300px) 100vw, 300px\" \/><\/p>\n<p>El Pastor general Neftali Alvarenga, hizo un llamado a quienes se congregaron de seguir orando por la naci\u00f3n, por un cese a la violencia, para que quienes gobiernan lo hagan con sabidur\u00eda, y por todos los problemas que actualmente golpean a los salvadore\u00f1os.<\/p>\n<p>&nbsp;<\/p>\n<figure id=\"attachment_1949\" aria-describedby=\"caption-attachment-1949\" style=\"width: 225px\" class=\"wp-caption alignleft\"><img decoding=\"async\" loading=\"lazy\" class=\"size-medium wp-image-1949\" src=\"https:\/\/laprensacristiana.com\/wp-content\/uploads\/2016\/11\/SHEKINA-2-225x300.jpg\" alt=\"Pastor Tom\u00e1s Alfaro de Iglesia Shekina.\" width=\"225\" height=\"300\" srcset=\"https:\/\/laprensacristiana.com\/wp-content\/uploads\/2016\/11\/SHEKINA-2-225x300.jpg 225w, https:\/\/laprensacristiana.com\/wp-content\/uploads\/2016\/11\/SHEKINA-2-600x800.jpg 600w, https:\/\/laprensacristiana.com\/wp-content\/uploads\/2016\/11\/SHEKINA-2-696x928.jpg 696w, https:\/\/laprensacristiana.com\/wp-content\/uploads\/2016\/11\/SHEKINA-2-315x420.jpg 315w, https:\/\/laprensacristiana.com\/wp-content\/uploads\/2016\/11\/SHEKINA-2.jpg 707w\" sizes=\"(max-width: 225px) 100vw, 225px\" \/><figcaption id=\"caption-attachment-1949\" class=\"wp-caption-text\">Pastor Tom\u00e1s Alfaro de Iglesia Shekina.<\/figcaption><\/figure>\n<p><em>\u201cNosotros tenemos que creer en el Se\u00f1or Jesucristo, ya que \u00e9l dice que todo aquel que cree en su palabra ser\u00e1 salvo. Como hermanos salvadore\u00f1os tenemos que creer en su palabra, tenemos que darle a El Salvador la oraci\u00f3n\u201d.<\/em>\u00a0 Expres\u00f3 el Pastor Tom\u00e1s Alfaro.<\/p>\n","protected":false},"excerpt":{"rendered":"<p>En celebraci\u00f3n del d\u00eda de la oraci\u00f3n nacional, ejecutada ayer, la Iglesia Misi\u00f3n Cristiana Shekina, realiz\u00f3 un tiempo de oraci\u00f3n, pidiendo por cada suceso por el que atraviesa el pa\u00eds. El Pastor general Neftali Alvarenga, hizo un llamado a quienes se congregaron de seguir orando por la naci\u00f3n, por un cese a la violencia, para [&hellip;]<\/p>\n","protected":false},"author":3,"featured_media":1948,"comment_status":"open","ping_status":"open","sticky":false,"template":"","format":"standard","meta":[],"categories":[56],"tags":[],"yoast_head":"<!-- This site is optimized with the Yoast SEO plugin v20.8 - https:\/\/yoast.com\/wordpress\/plugins\/seo\/ -->\n<title>Se conmemora el d\u00eda de la oraci\u00f3n nacional - La Prensa Cristiana<\/title>\n<meta name=\"robots\" content=\"index, follow, max-snippet:-1, max-image-preview:large, max-video-preview:-1\" \/>\n<link rel=\"canonical\" href=\"https:\/\/laprensacristiana.com\/?p=1947\" \/>\n<meta property=\"og:locale\" content=\"es_ES\" \/>\n<meta property=\"og:type\" content=\"article\" \/>\n<meta property=\"og:title\" content=\"Se conmemora el d\u00eda de la oraci\u00f3n nacional - La Prensa Cristiana\" \/>\n<meta property=\"og:description\" content=\"En celebraci\u00f3n del d\u00eda de la oraci\u00f3n nacional, ejecutada ayer, la Iglesia Misi\u00f3n Cristiana Shekina, realiz\u00f3 un tiempo de oraci\u00f3n, pidiendo por cada suceso por el que atraviesa el pa\u00eds. El Pastor general Neftali Alvarenga, hizo un llamado a quienes se congregaron de seguir orando por la naci\u00f3n, por un cese a la violencia, para [&hellip;]\" \/>\n<meta property=\"og:url\" content=\"https:\/\/laprensacristiana.com\/?p=1947\" \/>\n<meta property=\"og:site_name\" content=\"La Prensa Cristiana\" \/>\n<meta property=\"article:published_time\" content=\"2016-11-24T21:03:17+00:00\" \/>\n<meta property=\"article:modified_time\" content=\"2020-07-02T01:29:14+00:00\" \/>\n<meta property=\"og:image\" content=\"https:\/\/laprensacristiana.com\/wp-content\/uploads\/2016\/11\/SHEKINA-1.jpg\" \/>\n\t<meta property=\"og:image:width\" content=\"978\" \/>\n\t<meta property=\"og:image:height\" content=\"701\" \/>\n\t<meta property=\"og:image:type\" content=\"image\/jpeg\" \/>\n<meta name=\"author\" content=\"EDITOR\" \/>\n<meta name=\"twitter:card\" content=\"summary_large_image\" \/>\n<meta name=\"twitter:label1\" content=\"Escrito por\" \/>\n\t<meta name=\"twitter:data1\" content=\"EDITOR\" \/>\n\t<meta name=\"twitter:label2\" content=\"Tiempo de lectura\" \/>\n\t<meta name=\"twitter:data2\" content=\"1 minuto\" \/>\n<script type=\"application\/ld+json\" class=\"yoast-schema-graph\">{\"@context\":\"https:\/\/schema.org\",\"@graph\":[{\"@type\":\"WebPage\",\"@id\":\"https:\/\/laprensacristiana.com\/?p=1947\",\"url\":\"https:\/\/laprensacristiana.com\/?p=1947\",\"name\":\"Se conmemora el d\u00eda de la oraci\u00f3n nacional - La Prensa Cristiana\",\"isPartOf\":{\"@id\":\"https:\/\/laprensacristiana.com\/#website\"},\"datePublished\":\"2016-11-24T21:03:17+00:00\",\"dateModified\":\"2020-07-02T01:29:14+00:00\",\"author\":{\"@id\":\"https:\/\/laprensacristiana.com\/#\/schema\/person\/3e7d82c6bfd6b1fa67010f8f7cd5256e\"},\"breadcrumb\":{\"@id\":\"https:\/\/laprensacristiana.com\/?p=1947#breadcrumb\"},\"inLanguage\":\"es\",\"potentialAction\":[{\"@type\":\"ReadAction\",\"target\":[\"https:\/\/laprensacristiana.com\/?p=1947\"]}]},{\"@type\":\"BreadcrumbList\",\"@id\":\"https:\/\/laprensacristiana.com\/?p=1947#breadcrumb\",\"itemListElement\":[{\"@type\":\"ListItem\",\"position\":1,\"name\":\"Portada\",\"item\":\"https:\/\/laprensacristiana.com\/\"},{\"@type\":\"ListItem\",\"position\":2,\"name\":\"Se conmemora el d\u00eda de la oraci\u00f3n nacional\"}]},{\"@type\":\"WebSite\",\"@id\":\"https:\/\/laprensacristiana.com\/#website\",\"url\":\"https:\/\/laprensacristiana.com\/\",\"name\":\"La Prensa Cristiana\",\"description\":\"Anunciando Las Buenas Nuevas\",\"potentialAction\":[{\"@type\":\"SearchAction\",\"target\":{\"@type\":\"EntryPoint\",\"urlTemplate\":\"https:\/\/laprensacristiana.com\/?s={search_term_string}\"},\"query-input\":\"required name=search_term_string\"}],\"inLanguage\":\"es\"},{\"@type\":\"Person\",\"@id\":\"https:\/\/laprensacristiana.com\/#\/schema\/person\/3e7d82c6bfd6b1fa67010f8f7cd5256e\",\"name\":\"EDITOR\",\"image\":{\"@type\":\"ImageObject\",\"inLanguage\":\"es\",\"@id\":\"https:\/\/laprensacristiana.com\/#\/schema\/person\/image\/\",\"url\":\"https:\/\/secure.gravatar.com\/avatar\/72069dfb6c13772d9e8381e3638666d2?s=96&d=mm&r=g\",\"contentUrl\":\"https:\/\/secure.gravatar.com\/avatar\/72069dfb6c13772d9e8381e3638666d2?s=96&d=mm&r=g\",\"caption\":\"EDITOR\"},\"url\":\"https:\/\/laprensacristiana.com\/?author=3\"}]}<\/script>\n<!-- \/ Yoast SEO plugin. -->","yoast_head_json":{"title":"Se conmemora el d\u00eda de la oraci\u00f3n nacional - La Prensa Cristiana","robots":{"index":"index","follow":"follow","max-snippet":"max-snippet:-1","max-image-preview":"max-image-preview:large","max-video-preview":"max-video-preview:-1"},"canonical":"https:\/\/laprensacristiana.com\/?p=1947","og_locale":"es_ES","og_type":"article","og_title":"Se conmemora el d\u00eda de la oraci\u00f3n nacional - La Prensa Cristiana","og_description":"En celebraci\u00f3n del d\u00eda de la oraci\u00f3n nacional, ejecutada ayer, la Iglesia Misi\u00f3n Cristiana Shekina, realiz\u00f3 un tiempo de oraci\u00f3n, pidiendo por cada suceso por el que atraviesa el pa\u00eds. El Pastor general Neftali Alvarenga, hizo un llamado a quienes se congregaron de seguir orando por la naci\u00f3n, por un cese a la violencia, para [&hellip;]","og_url":"https:\/\/laprensacristiana.com\/?p=1947","og_site_name":"La Prensa Cristiana","article_published_time":"2016-11-24T21:03:17+00:00","article_modified_time":"2020-07-02T01:29:14+00:00","og_image":[{"width":978,"height":701,"url":"https:\/\/laprensacristiana.com\/wp-content\/uploads\/2016\/11\/SHEKINA-1.jpg","type":"image\/jpeg"}],"author":"EDITOR","twitter_card":"summary_large_image","twitter_misc":{"Escrito por":"EDITOR","Tiempo de lectura":"1 minuto"},"schema":{"@context":"https:\/\/schema.org","@graph":[{"@type":"WebPage","@id":"https:\/\/laprensacristiana.com\/?p=1947","url":"https:\/\/laprensacristiana.com\/?p=1947","name":"Se conmemora el d\u00eda de la oraci\u00f3n nacional - La Prensa Cristiana","isPartOf":{"@id":"https:\/\/laprensacristiana.com\/#website"},"datePublished":"2016-11-24T21:03:17+00:00","dateModified":"2020-07-02T01:29:14+00:00","author":{"@id":"https:\/\/laprensacristiana.com\/#\/schema\/person\/3e7d82c6bfd6b1fa67010f8f7cd5256e"},"breadcrumb":{"@id":"https:\/\/laprensacristiana.com\/?p=1947#breadcrumb"},"inLanguage":"es","potentialAction":[{"@type":"ReadAction","target":["https:\/\/laprensacristiana.com\/?p=1947"]}]},{"@type":"BreadcrumbList","@id":"https:\/\/laprensacristiana.com\/?p=1947#breadcrumb","itemListElement":[{"@type":"ListItem","position":1,"name":"Portada","item":"https:\/\/laprensacristiana.com\/"},{"@type":"ListItem","position":2,"name":"Se conmemora el d\u00eda de la oraci\u00f3n nacional"}]},{"@type":"WebSite","@id":"https:\/\/laprensacristiana.com\/#website","url":"https:\/\/laprensacristiana.com\/","name":"La Prensa Cristiana","description":"Anunciando Las Buenas Nuevas","potentialAction":[{"@type":"SearchAction","target":{"@type":"EntryPoint","urlTemplate":"https:\/\/laprensacristiana.com\/?s={search_term_string}"},"query-input":"required name=search_term_string"}],"inLanguage":"es"},{"@type":"Person","@id":"https:\/\/laprensacristiana.com\/#\/schema\/person\/3e7d82c6bfd6b1fa67010f8f7cd5256e","name":"EDITOR","image":{"@type":"ImageObject","inLanguage":"es","@id":"https:\/\/laprensacristiana.com\/#\/schema\/person\/image\/","url":"https:\/\/secure.gravatar.com\/avatar\/72069dfb6c13772d9e8381e3638666d2?s=96&d=mm&r=g","contentUrl":"https:\/\/secure.gravatar.com\/avatar\/72069dfb6c13772d9e8381e3638666d2?s=96&d=mm&r=g","caption":"EDITOR"},"url":"https:\/\/laprensacristiana.com\/?author=3"}]}},"_links":{"self":[{"href":"https:\/\/laprensacristiana.com\/index.php?rest_route=\/wp\/v2\/posts\/1947"}],"collection":[{"href":"https:\/\/laprensacristiana.com\/index.php?rest_route=\/wp\/v2\/posts"}],"about":[{"href":"https:\/\/laprensacristiana.com\/index.php?rest_route=\/wp\/v2\/types\/post"}],"author":[{"embeddable":true,"href":"https:\/\/laprensacristiana.com\/index.php?rest_route=\/wp\/v2\/users\/3"}],"replies":[{"embeddable":true,"href":"https:\/\/laprensacristiana.com\/index.php?rest_route=%2Fwp%2Fv2%2Fcomments&post=1947"}],"version-history":[{"count":1,"href":"https:\/\/laprensacristiana.com\/index.php?rest_route=\/wp\/v2\/posts\/1947\/revisions"}],"predecessor-version":[{"id":1951,"href":"https:\/\/laprensacristiana.com\/index.php?rest_route=\/wp\/v2\/posts\/1947\/revisions\/1951"}],"wp:featuredmedia":[{"embeddable":true,"href":"https:\/\/laprensacristiana.com\/index.php?rest_route=\/wp\/v2\/media\/1948"}],"wp:attachment":[{"href":"https:\/\/laprensacristiana.com\/index.php?rest_route=%2Fwp%2Fv2%2Fmedia&parent=1947"}],"wp:term":[{"taxonomy":"category","embeddable":true,"href":"https:\/\/laprensacristiana.com\/index.php?rest_route=%2Fwp%2Fv2%2Fcategories&post=1947"},{"taxonomy":"post_tag","embeddable":true,"href":"https:\/\/laprensacristiana.com\/index.php?rest_route=%2Fwp%2Fv2%2Ftags&post=1947"}],"curies":[{"name":"wp","href":"https:\/\/api.w.org\/{rel}","templated":true}]}}