{"id":1953,"date":"2016-11-24T21:28:24","date_gmt":"2016-11-24T21:28:24","guid":{"rendered":"https:\/\/laprensacristiana.com\/?p=1953"},"modified":"2020-07-02T01:29:05","modified_gmt":"2020-07-02T01:29:05","slug":"alianza-evangelica-elije-a-sus-representantes","status":"publish","type":"post","link":"https:\/\/laprensacristiana.com\/?p=1953","title":{"rendered":"Alianza Evang\u00e9lica elije a sus representantes"},"content":{"rendered":"<p>Hoy por la ma\u00f1ana se llev\u00f3 a cabo la \u00faltima reuni\u00f3n del presente a\u00f1o de la Alianza Evang\u00e9lica, evento que reuni\u00f3 a l\u00edderes de las diferentes iglesias del pa\u00eds.<\/p>\n<figure id=\"attachment_1955\" aria-describedby=\"caption-attachment-1955\" style=\"width: 300px\" class=\"wp-caption alignleft\"><img decoding=\"async\" loading=\"lazy\" class=\"size-medium wp-image-1955\" src=\"https:\/\/laprensacristiana.com\/wp-content\/uploads\/2016\/11\/PORTADA-1-300x143.jpg\" alt=\"Nueva Junta Directiva\" width=\"300\" height=\"143\" srcset=\"https:\/\/laprensacristiana.com\/wp-content\/uploads\/2016\/11\/PORTADA-1-300x143.jpg 300w, https:\/\/laprensacristiana.com\/wp-content\/uploads\/2016\/11\/PORTADA-1-600x286.jpg 600w, https:\/\/laprensacristiana.com\/wp-content\/uploads\/2016\/11\/PORTADA-1-768x366.jpg 768w, https:\/\/laprensacristiana.com\/wp-content\/uploads\/2016\/11\/PORTADA-1-1024x488.jpg 1024w, https:\/\/laprensacristiana.com\/wp-content\/uploads\/2016\/11\/PORTADA-1-696x332.jpg 696w, https:\/\/laprensacristiana.com\/wp-content\/uploads\/2016\/11\/PORTADA-1-1068x509.jpg 1068w, https:\/\/laprensacristiana.com\/wp-content\/uploads\/2016\/11\/PORTADA-1-881x420.jpg 881w, https:\/\/laprensacristiana.com\/wp-content\/uploads\/2016\/11\/PORTADA-1.jpg 1212w\" sizes=\"(max-width: 300px) 100vw, 300px\" \/><figcaption id=\"caption-attachment-1955\" class=\"wp-caption-text\">Nueva Junta Directiva<\/figcaption><\/figure>\n<p>En esta oportunidad, dentro de la actividad se efectu\u00f3 la elecci\u00f3n de los nuevos miembros de la junta \u00a0directiva de la Alianza, conformada por ocho miembros,\u00a0 siendo cinco los nuevos integrantes que componen la junta y dando\u00a0 lugar como presidente al Pastor General de Misi\u00f3n Cristiana Elim, Mario Vega; \u00a0que por segunda ocasi\u00f3n consecutiva, vuelve a estar al frente.<\/p>\n<p><img decoding=\"async\" loading=\"lazy\" class=\"size-medium wp-image-1956 aligncenter\" src=\"https:\/\/laprensacristiana.com\/wp-content\/uploads\/2016\/11\/ALIANZA-2-300x204.jpg\" alt=\"ALIANZA 2\" width=\"300\" height=\"204\" srcset=\"https:\/\/laprensacristiana.com\/wp-content\/uploads\/2016\/11\/ALIANZA-2-300x204.jpg 300w, https:\/\/laprensacristiana.com\/wp-content\/uploads\/2016\/11\/ALIANZA-2-600x408.jpg 600w, https:\/\/laprensacristiana.com\/wp-content\/uploads\/2016\/11\/ALIANZA-2-768x523.jpg 768w, https:\/\/laprensacristiana.com\/wp-content\/uploads\/2016\/11\/ALIANZA-2-696x474.jpg 696w, https:\/\/laprensacristiana.com\/wp-content\/uploads\/2016\/11\/ALIANZA-2-617x420.jpg 617w, https:\/\/laprensacristiana.com\/wp-content\/uploads\/2016\/11\/ALIANZA-2.jpg 849w\" sizes=\"(max-width: 300px) 100vw, 300px\" \/>\u201c<em>Gran responsabilidad que se asume y con entusiasmo de continuar sirviendo, esperando cumplir lo que Dios tiene para nosotros en este nuevo periodo. El m\u00e1s importante ser\u00eda poder unir las diversas iglesias en prop\u00f3sitos que sean comunes y en el trabajo ya que hay mucho que hacer<\/em>.\u201d Dijo el Pastor Mario Vega.<\/p>\n","protected":false},"excerpt":{"rendered":"<p>Hoy por la ma\u00f1ana se llev\u00f3 a cabo la \u00faltima reuni\u00f3n del presente a\u00f1o de la Alianza Evang\u00e9lica, evento que reuni\u00f3 a l\u00edderes de las diferentes iglesias del pa\u00eds. En esta oportunidad, dentro de la actividad se efectu\u00f3 la elecci\u00f3n de los nuevos miembros de la junta \u00a0directiva de la Alianza, conformada por ocho miembros,\u00a0 [&hellip;]<\/p>\n","protected":false},"author":3,"featured_media":1955,"comment_status":"open","ping_status":"open","sticky":false,"template":"","format":"standard","meta":[],"categories":[56],"tags":[],"yoast_head":"<!-- This site is optimized with the Yoast SEO plugin v20.8 - https:\/\/yoast.com\/wordpress\/plugins\/seo\/ -->\n<title>Alianza Evang\u00e9lica elije a sus representantes - La Prensa Cristiana<\/title>\n<meta name=\"robots\" content=\"index, follow, max-snippet:-1, max-image-preview:large, max-video-preview:-1\" \/>\n<link rel=\"canonical\" href=\"https:\/\/laprensacristiana.com\/?p=1953\" \/>\n<meta property=\"og:locale\" content=\"es_ES\" \/>\n<meta property=\"og:type\" content=\"article\" \/>\n<meta property=\"og:title\" content=\"Alianza Evang\u00e9lica elije a sus representantes - La Prensa Cristiana\" \/>\n<meta property=\"og:description\" content=\"Hoy por la ma\u00f1ana se llev\u00f3 a cabo la \u00faltima reuni\u00f3n del presente a\u00f1o de la Alianza Evang\u00e9lica, evento que reuni\u00f3 a l\u00edderes de las diferentes iglesias del pa\u00eds. En esta oportunidad, dentro de la actividad se efectu\u00f3 la elecci\u00f3n de los nuevos miembros de la junta \u00a0directiva de la Alianza, conformada por ocho miembros,\u00a0 [&hellip;]\" \/>\n<meta property=\"og:url\" content=\"https:\/\/laprensacristiana.com\/?p=1953\" \/>\n<meta property=\"og:site_name\" content=\"La Prensa Cristiana\" \/>\n<meta property=\"article:published_time\" content=\"2016-11-24T21:28:24+00:00\" \/>\n<meta property=\"article:modified_time\" content=\"2020-07-02T01:29:05+00:00\" \/>\n<meta property=\"og:image\" content=\"https:\/\/laprensacristiana.com\/wp-content\/uploads\/2016\/11\/PORTADA-1.jpg\" \/>\n\t<meta property=\"og:image:width\" content=\"1212\" \/>\n\t<meta property=\"og:image:height\" content=\"578\" \/>\n\t<meta property=\"og:image:type\" content=\"image\/jpeg\" \/>\n<meta name=\"author\" content=\"EDITOR\" \/>\n<meta name=\"twitter:card\" content=\"summary_large_image\" \/>\n<meta name=\"twitter:label1\" content=\"Escrito por\" \/>\n\t<meta name=\"twitter:data1\" content=\"EDITOR\" \/>\n\t<meta name=\"twitter:label2\" content=\"Tiempo de lectura\" \/>\n\t<meta name=\"twitter:data2\" content=\"1 minuto\" \/>\n<script type=\"application\/ld+json\" class=\"yoast-schema-graph\">{\"@context\":\"https:\/\/schema.org\",\"@graph\":[{\"@type\":\"WebPage\",\"@id\":\"https:\/\/laprensacristiana.com\/?p=1953\",\"url\":\"https:\/\/laprensacristiana.com\/?p=1953\",\"name\":\"Alianza Evang\u00e9lica elije a sus representantes - La Prensa Cristiana\",\"isPartOf\":{\"@id\":\"https:\/\/laprensacristiana.com\/#website\"},\"datePublished\":\"2016-11-24T21:28:24+00:00\",\"dateModified\":\"2020-07-02T01:29:05+00:00\",\"author\":{\"@id\":\"https:\/\/laprensacristiana.com\/#\/schema\/person\/3e7d82c6bfd6b1fa67010f8f7cd5256e\"},\"breadcrumb\":{\"@id\":\"https:\/\/laprensacristiana.com\/?p=1953#breadcrumb\"},\"inLanguage\":\"es\",\"potentialAction\":[{\"@type\":\"ReadAction\",\"target\":[\"https:\/\/laprensacristiana.com\/?p=1953\"]}]},{\"@type\":\"BreadcrumbList\",\"@id\":\"https:\/\/laprensacristiana.com\/?p=1953#breadcrumb\",\"itemListElement\":[{\"@type\":\"ListItem\",\"position\":1,\"name\":\"Portada\",\"item\":\"https:\/\/laprensacristiana.com\/\"},{\"@type\":\"ListItem\",\"position\":2,\"name\":\"Alianza Evang\u00e9lica elije a sus representantes\"}]},{\"@type\":\"WebSite\",\"@id\":\"https:\/\/laprensacristiana.com\/#website\",\"url\":\"https:\/\/laprensacristiana.com\/\",\"name\":\"La Prensa Cristiana\",\"description\":\"Anunciando Las Buenas Nuevas\",\"potentialAction\":[{\"@type\":\"SearchAction\",\"target\":{\"@type\":\"EntryPoint\",\"urlTemplate\":\"https:\/\/laprensacristiana.com\/?s={search_term_string}\"},\"query-input\":\"required name=search_term_string\"}],\"inLanguage\":\"es\"},{\"@type\":\"Person\",\"@id\":\"https:\/\/laprensacristiana.com\/#\/schema\/person\/3e7d82c6bfd6b1fa67010f8f7cd5256e\",\"name\":\"EDITOR\",\"image\":{\"@type\":\"ImageObject\",\"inLanguage\":\"es\",\"@id\":\"https:\/\/laprensacristiana.com\/#\/schema\/person\/image\/\",\"url\":\"https:\/\/secure.gravatar.com\/avatar\/72069dfb6c13772d9e8381e3638666d2?s=96&d=mm&r=g\",\"contentUrl\":\"https:\/\/secure.gravatar.com\/avatar\/72069dfb6c13772d9e8381e3638666d2?s=96&d=mm&r=g\",\"caption\":\"EDITOR\"},\"url\":\"https:\/\/laprensacristiana.com\/?author=3\"}]}<\/script>\n<!-- \/ Yoast SEO plugin. -->","yoast_head_json":{"title":"Alianza Evang\u00e9lica elije a sus representantes - La Prensa Cristiana","robots":{"index":"index","follow":"follow","max-snippet":"max-snippet:-1","max-image-preview":"max-image-preview:large","max-video-preview":"max-video-preview:-1"},"canonical":"https:\/\/laprensacristiana.com\/?p=1953","og_locale":"es_ES","og_type":"article","og_title":"Alianza Evang\u00e9lica elije a sus representantes - La Prensa Cristiana","og_description":"Hoy por la ma\u00f1ana se llev\u00f3 a cabo la \u00faltima reuni\u00f3n del presente a\u00f1o de la Alianza Evang\u00e9lica, evento que reuni\u00f3 a l\u00edderes de las diferentes iglesias del pa\u00eds. En esta oportunidad, dentro de la actividad se efectu\u00f3 la elecci\u00f3n de los nuevos miembros de la junta \u00a0directiva de la Alianza, conformada por ocho miembros,\u00a0 [&hellip;]","og_url":"https:\/\/laprensacristiana.com\/?p=1953","og_site_name":"La Prensa Cristiana","article_published_time":"2016-11-24T21:28:24+00:00","article_modified_time":"2020-07-02T01:29:05+00:00","og_image":[{"width":1212,"height":578,"url":"https:\/\/laprensacristiana.com\/wp-content\/uploads\/2016\/11\/PORTADA-1.jpg","type":"image\/jpeg"}],"author":"EDITOR","twitter_card":"summary_large_image","twitter_misc":{"Escrito por":"EDITOR","Tiempo de lectura":"1 minuto"},"schema":{"@context":"https:\/\/schema.org","@graph":[{"@type":"WebPage","@id":"https:\/\/laprensacristiana.com\/?p=1953","url":"https:\/\/laprensacristiana.com\/?p=1953","name":"Alianza Evang\u00e9lica elije a sus representantes - La Prensa Cristiana","isPartOf":{"@id":"https:\/\/laprensacristiana.com\/#website"},"datePublished":"2016-11-24T21:28:24+00:00","dateModified":"2020-07-02T01:29:05+00:00","author":{"@id":"https:\/\/laprensacristiana.com\/#\/schema\/person\/3e7d82c6bfd6b1fa67010f8f7cd5256e"},"breadcrumb":{"@id":"https:\/\/laprensacristiana.com\/?p=1953#breadcrumb"},"inLanguage":"es","potentialAction":[{"@type":"ReadAction","target":["https:\/\/laprensacristiana.com\/?p=1953"]}]},{"@type":"BreadcrumbList","@id":"https:\/\/laprensacristiana.com\/?p=1953#breadcrumb","itemListElement":[{"@type":"ListItem","position":1,"name":"Portada","item":"https:\/\/laprensacristiana.com\/"},{"@type":"ListItem","position":2,"name":"Alianza Evang\u00e9lica elije a sus representantes"}]},{"@type":"WebSite","@id":"https:\/\/laprensacristiana.com\/#website","url":"https:\/\/laprensacristiana.com\/","name":"La Prensa Cristiana","description":"Anunciando Las Buenas Nuevas","potentialAction":[{"@type":"SearchAction","target":{"@type":"EntryPoint","urlTemplate":"https:\/\/laprensacristiana.com\/?s={search_term_string}"},"query-input":"required name=search_term_string"}],"inLanguage":"es"},{"@type":"Person","@id":"https:\/\/laprensacristiana.com\/#\/schema\/person\/3e7d82c6bfd6b1fa67010f8f7cd5256e","name":"EDITOR","image":{"@type":"ImageObject","inLanguage":"es","@id":"https:\/\/laprensacristiana.com\/#\/schema\/person\/image\/","url":"https:\/\/secure.gravatar.com\/avatar\/72069dfb6c13772d9e8381e3638666d2?s=96&d=mm&r=g","contentUrl":"https:\/\/secure.gravatar.com\/avatar\/72069dfb6c13772d9e8381e3638666d2?s=96&d=mm&r=g","caption":"EDITOR"},"url":"https:\/\/laprensacristiana.com\/?author=3"}]}},"_links":{"self":[{"href":"https:\/\/laprensacristiana.com\/index.php?rest_route=\/wp\/v2\/posts\/1953"}],"collection":[{"href":"https:\/\/laprensacristiana.com\/index.php?rest_route=\/wp\/v2\/posts"}],"about":[{"href":"https:\/\/laprensacristiana.com\/index.php?rest_route=\/wp\/v2\/types\/post"}],"author":[{"embeddable":true,"href":"https:\/\/laprensacristiana.com\/index.php?rest_route=\/wp\/v2\/users\/3"}],"replies":[{"embeddable":true,"href":"https:\/\/laprensacristiana.com\/index.php?rest_route=%2Fwp%2Fv2%2Fcomments&post=1953"}],"version-history":[{"count":3,"href":"https:\/\/laprensacristiana.com\/index.php?rest_route=\/wp\/v2\/posts\/1953\/revisions"}],"predecessor-version":[{"id":1958,"href":"https:\/\/laprensacristiana.com\/index.php?rest_route=\/wp\/v2\/posts\/1953\/revisions\/1958"}],"wp:featuredmedia":[{"embeddable":true,"href":"https:\/\/laprensacristiana.com\/index.php?rest_route=\/wp\/v2\/media\/1955"}],"wp:attachment":[{"href":"https:\/\/laprensacristiana.com\/index.php?rest_route=%2Fwp%2Fv2%2Fmedia&parent=1953"}],"wp:term":[{"taxonomy":"category","embeddable":true,"href":"https:\/\/laprensacristiana.com\/index.php?rest_route=%2Fwp%2Fv2%2Fcategories&post=1953"},{"taxonomy":"post_tag","embeddable":true,"href":"https:\/\/laprensacristiana.com\/index.php?rest_route=%2Fwp%2Fv2%2Ftags&post=1953"}],"curies":[{"name":"wp","href":"https:\/\/api.w.org\/{rel}","templated":true}]}}