{"id":19573,"date":"2026-08-31T15:38:21","date_gmt":"2026-08-31T15:38:21","guid":{"rendered":"https:\/\/laprensacristiana.com\/?p=19573"},"modified":"2026-08-31T15:38:21","modified_gmt":"2026-08-31T15:38:21","slug":"congreso-coronadas-y-sanadas-reune-a-cientos-de-mujeres-en-una-jornada-de-fe","status":"publish","type":"post","link":"https:\/\/laprensacristiana.com\/?p=19573","title":{"rendered":"Congreso \u201cCoronadas y Sanadas\u201d re\u00fane a cientos de mujeres en una jornada de fe"},"content":{"rendered":"\n<p class=\"wp-block-paragraph\">El movimiento <em>Tomando Mi Naci\u00f3n Mujer<\/em>, bajo el liderazgo de la pastora Emma de Cu\u00e9llar, llev\u00f3 a cabo el Congreso <strong>\u201cCoronadas y Sanadas\u201d<\/strong>, un espacio dedicado a la restauraci\u00f3n espiritual, la sanidad del coraz\u00f3n y el fortalecimiento de la fe, combinando alabanza, oraci\u00f3n por las naciones y un mensaje de esperanza.<\/p>\n\n\n\n<p class=\"wp-block-paragraph\">La jornada dio inicio con un solemne ingreso de las banderas de las naciones, acompa\u00f1ado por la participaci\u00f3n musical de la agrupaci\u00f3n <em>XTREME BAND<\/em>, procedente del Colegio Evang\u00e9lico Pre-Universitario Triling\u00fce de Occidente en Totonicap\u00e1n, Guatemala.<\/p>\n\n\n\n<figure class=\"wp-block-image size-large\"><img loading=\"lazy\" decoding=\"async\" width=\"1024\" height=\"683\" src=\"https:\/\/laprensacristiana.com\/wp-content\/uploads\/2026\/08\/780032456_1743334400212114_6453474981587020652_n-1024x683.jpg\" alt=\"\" class=\"wp-image-19577\" srcset=\"https:\/\/laprensacristiana.com\/wp-content\/uploads\/2026\/08\/780032456_1743334400212114_6453474981587020652_n-1024x683.jpg 1024w, https:\/\/laprensacristiana.com\/wp-content\/uploads\/2026\/08\/780032456_1743334400212114_6453474981587020652_n-300x200.jpg 300w, https:\/\/laprensacristiana.com\/wp-content\/uploads\/2026\/08\/780032456_1743334400212114_6453474981587020652_n-768x512.jpg 768w, https:\/\/laprensacristiana.com\/wp-content\/uploads\/2026\/08\/780032456_1743334400212114_6453474981587020652_n-696x464.jpg 696w, https:\/\/laprensacristiana.com\/wp-content\/uploads\/2026\/08\/780032456_1743334400212114_6453474981587020652_n-1068x712.jpg 1068w, https:\/\/laprensacristiana.com\/wp-content\/uploads\/2026\/08\/780032456_1743334400212114_6453474981587020652_n-600x400.jpg 600w, https:\/\/laprensacristiana.com\/wp-content\/uploads\/2026\/08\/780032456_1743334400212114_6453474981587020652_n.jpg 1440w\" sizes=\"auto, (max-width: 1024px) 100vw, 1024px\" \/><\/figure>\n\n\n\n<p class=\"wp-block-paragraph\">Durante la actividad, el Dr. Mauricio Navas Guzm\u00e1n, coordinador nacional de <em>Tomando Mi Naci\u00f3n<\/em> y pastor general de <em>Iglesia Del Camino<\/em>, dirigi\u00f3 un momento de oraci\u00f3n intercediendo por la regi\u00f3n, haciendo especial \u00e9nfasis en las recientes emergencias naturales que afectan a diversos pa\u00edses: \u201cUna de las se\u00f1ales que nos acercan al regreso del Se\u00f1or habla sobre la fuerza de la naturaleza descontrolada: terremotos e inundaciones. Ser\u00e1n conmovidas las entra\u00f1as de la tierra, pero pedimos por su misericordia, la cual siempre ha estado presente en la historia humana\u201d, destac\u00f3 el pastor Navas Guzm\u00e1n.<\/p>\n\n\n\n<figure class=\"wp-block-image size-large\"><img loading=\"lazy\" decoding=\"async\" width=\"1024\" height=\"683\" src=\"https:\/\/laprensacristiana.com\/wp-content\/uploads\/2026\/08\/788208275_1419769760092051_5490985955080991257_n-1024x683.jpg\" alt=\"\" class=\"wp-image-19576\" srcset=\"https:\/\/laprensacristiana.com\/wp-content\/uploads\/2026\/08\/788208275_1419769760092051_5490985955080991257_n-1024x683.jpg 1024w, https:\/\/laprensacristiana.com\/wp-content\/uploads\/2026\/08\/788208275_1419769760092051_5490985955080991257_n-300x200.jpg 300w, https:\/\/laprensacristiana.com\/wp-content\/uploads\/2026\/08\/788208275_1419769760092051_5490985955080991257_n-768x512.jpg 768w, https:\/\/laprensacristiana.com\/wp-content\/uploads\/2026\/08\/788208275_1419769760092051_5490985955080991257_n-696x464.jpg 696w, https:\/\/laprensacristiana.com\/wp-content\/uploads\/2026\/08\/788208275_1419769760092051_5490985955080991257_n-1068x712.jpg 1068w, https:\/\/laprensacristiana.com\/wp-content\/uploads\/2026\/08\/788208275_1419769760092051_5490985955080991257_n-600x400.jpg 600w, https:\/\/laprensacristiana.com\/wp-content\/uploads\/2026\/08\/788208275_1419769760092051_5490985955080991257_n.jpg 1440w\" sizes=\"auto, (max-width: 1024px) 100vw, 1024px\" \/><\/figure>\n\n\n\n<p class=\"wp-block-paragraph\">La experiencia de adoraci\u00f3n fue complementada por las presentaciones del ministerio de danza, <em>Castillo del Rey<\/em> y la agrupaci\u00f3n musical de <em>Iglesia Del Camino<\/em>.<\/p>\n\n\n\n<p class=\"wp-block-paragraph\">Asimismo, la pastora invitada Raquel L\u00f3pez comparti\u00f3 un mensaje de aliento centrado en el prop\u00f3sito detr\u00e1s del sufrimiento: <em>\u201cLas historias m\u00e1s fuertes en las Escrituras comenzaron con dolor, pero terminaron en gloria. Si hoy sientes que el proceso ha sido duro, recuerda: Dios sigue restaurando historias y coronando tu fe\u201d<\/em>.<\/p>\n\n\n\n<p class=\"wp-block-paragraph\">Los organizadores manifestaron haber sido testigos de una profundo mover del Esp\u00edritu Santo y restauraci\u00f3n entre las asistentes. Para concluir, la pastora Emma de Cu\u00e9llar hizo un llamado a las participantes a asumir su rol dentro del plan divino: <em>\u201cEstamos en esta tierra porque el Se\u00f1or quiere que cumplamos un prop\u00f3sito. Muchas mujeres a\u00fan dudan en asumirlo, pero es tiempo de levantarse y escuchar lo que Dios est\u00e1 hablando al coraz\u00f3n\u201d<\/em>.<\/p>\n\n\n\n<figure class=\"wp-block-image size-large\"><img loading=\"lazy\" decoding=\"async\" width=\"1024\" height=\"683\" src=\"https:\/\/laprensacristiana.com\/wp-content\/uploads\/2026\/08\/788470454_2114183489983552_3447348444682307915_n-1024x683.jpg\" alt=\"\" class=\"wp-image-19575\" srcset=\"https:\/\/laprensacristiana.com\/wp-content\/uploads\/2026\/08\/788470454_2114183489983552_3447348444682307915_n-1024x683.jpg 1024w, https:\/\/laprensacristiana.com\/wp-content\/uploads\/2026\/08\/788470454_2114183489983552_3447348444682307915_n-300x200.jpg 300w, https:\/\/laprensacristiana.com\/wp-content\/uploads\/2026\/08\/788470454_2114183489983552_3447348444682307915_n-768x512.jpg 768w, https:\/\/laprensacristiana.com\/wp-content\/uploads\/2026\/08\/788470454_2114183489983552_3447348444682307915_n-696x464.jpg 696w, https:\/\/laprensacristiana.com\/wp-content\/uploads\/2026\/08\/788470454_2114183489983552_3447348444682307915_n-1068x712.jpg 1068w, https:\/\/laprensacristiana.com\/wp-content\/uploads\/2026\/08\/788470454_2114183489983552_3447348444682307915_n-600x400.jpg 600w, https:\/\/laprensacristiana.com\/wp-content\/uploads\/2026\/08\/788470454_2114183489983552_3447348444682307915_n.jpg 1440w\" sizes=\"auto, (max-width: 1024px) 100vw, 1024px\" \/><\/figure>\n","protected":false},"excerpt":{"rendered":"<p>El movimiento Tomando Mi Naci\u00f3n Mujer, bajo el liderazgo de la pastora Emma de Cu\u00e9llar, llev\u00f3 a cabo el Congreso \u201cCoronadas y Sanadas\u201d, un espacio dedicado a la restauraci\u00f3n espiritual, la sanidad del coraz\u00f3n y el fortalecimiento de la fe, combinando alabanza, oraci\u00f3n por las naciones y un mensaje de esperanza. La jornada dio inicio [&hellip;]<\/p>\n","protected":false},"author":3,"featured_media":19574,"comment_status":"open","ping_status":"open","sticky":false,"template":"","format":"standard","meta":{"_exactmetrics_skip_tracking":false,"footnotes":""},"categories":[56],"tags":[],"class_list":["post-19573","post","type-post","status-publish","format-standard","has-post-thumbnail","category-noticias"],"yoast_head":"<!-- This site is optimized with the Yoast SEO plugin v28.3 - https:\/\/yoast.com\/product\/yoast-seo-wordpress\/ -->\n<title>Congreso \u201cCoronadas y Sanadas\u201d re\u00fane a cientos de mujeres en una jornada de fe - La Prensa Cristiana<\/title>\n<meta name=\"robots\" content=\"index, follow, max-snippet:-1, max-image-preview:large, max-video-preview:-1\" \/>\n<link rel=\"canonical\" href=\"https:\/\/laprensacristiana.com\/?p=19573\" \/>\n<meta property=\"og:locale\" content=\"es_ES\" \/>\n<meta property=\"og:type\" content=\"article\" \/>\n<meta property=\"og:title\" content=\"Congreso \u201cCoronadas y Sanadas\u201d re\u00fane a cientos de mujeres en una jornada de fe - La Prensa Cristiana\" \/>\n<meta property=\"og:description\" content=\"El movimiento Tomando Mi Naci\u00f3n Mujer, bajo el liderazgo de la pastora Emma de Cu\u00e9llar, llev\u00f3 a cabo el Congreso \u201cCoronadas y Sanadas\u201d, un espacio dedicado a la restauraci\u00f3n espiritual, la sanidad del coraz\u00f3n y el fortalecimiento de la fe, combinando alabanza, oraci\u00f3n por las naciones y un mensaje de esperanza. La jornada dio inicio [&hellip;]\" \/>\n<meta property=\"og:url\" content=\"https:\/\/laprensacristiana.com\/?p=19573\" \/>\n<meta property=\"og:site_name\" content=\"La Prensa Cristiana\" \/>\n<meta property=\"article:published_time\" content=\"2026-08-31T15:38:21+00:00\" \/>\n<meta property=\"og:image\" content=\"https:\/\/laprensacristiana.com\/wp-content\/uploads\/2026\/08\/787726673_1117645024160455_515190004351980010_n.jpg\" \/>\n\t<meta property=\"og:image:width\" content=\"1440\" \/>\n\t<meta property=\"og:image:height\" content=\"960\" \/>\n\t<meta property=\"og:image:type\" content=\"image\/jpeg\" \/>\n<meta name=\"author\" content=\"EDITOR\" \/>\n<meta name=\"twitter:card\" content=\"summary_large_image\" \/>\n<meta name=\"twitter:label1\" content=\"Escrito por\" \/>\n\t<meta name=\"twitter:data1\" content=\"EDITOR\" \/>\n\t<meta name=\"twitter:label2\" content=\"Tiempo de lectura\" \/>\n\t<meta name=\"twitter:data2\" content=\"3 minutos\" \/>\n<script type=\"application\/ld+json\" class=\"yoast-schema-graph\">{\"@context\":\"https:\\\/\\\/schema.org\",\"@graph\":[{\"@type\":\"Article\",\"@id\":\"https:\\\/\\\/laprensacristiana.com\\\/?p=19573#article\",\"isPartOf\":{\"@id\":\"https:\\\/\\\/laprensacristiana.com\\\/?p=19573\"},\"author\":{\"name\":\"EDITOR\",\"@id\":\"https:\\\/\\\/laprensacristiana.com\\\/#\\\/schema\\\/person\\\/3e7d82c6bfd6b1fa67010f8f7cd5256e\"},\"headline\":\"Congreso \u201cCoronadas y Sanadas\u201d re\u00fane a cientos de mujeres en una jornada de fe\",\"datePublished\":\"2026-08-31T15:38:21+00:00\",\"mainEntityOfPage\":{\"@id\":\"https:\\\/\\\/laprensacristiana.com\\\/?p=19573\"},\"wordCount\":372,\"commentCount\":0,\"image\":{\"@id\":\"https:\\\/\\\/laprensacristiana.com\\\/?p=19573#primaryimage\"},\"thumbnailUrl\":\"https:\\\/\\\/laprensacristiana.com\\\/wp-content\\\/uploads\\\/2026\\\/08\\\/787726673_1117645024160455_515190004351980010_n.jpg\",\"articleSection\":[\"NOTICIAS\"],\"inLanguage\":\"es\",\"potentialAction\":[{\"@type\":\"CommentAction\",\"name\":\"Comment\",\"target\":[\"https:\\\/\\\/laprensacristiana.com\\\/?p=19573#respond\"]}]},{\"@type\":\"WebPage\",\"@id\":\"https:\\\/\\\/laprensacristiana.com\\\/?p=19573\",\"url\":\"https:\\\/\\\/laprensacristiana.com\\\/?p=19573\",\"name\":\"Congreso \u201cCoronadas y Sanadas\u201d re\u00fane a cientos de mujeres en una jornada de fe - La Prensa Cristiana\",\"isPartOf\":{\"@id\":\"https:\\\/\\\/laprensacristiana.com\\\/#website\"},\"primaryImageOfPage\":{\"@id\":\"https:\\\/\\\/laprensacristiana.com\\\/?p=19573#primaryimage\"},\"image\":{\"@id\":\"https:\\\/\\\/laprensacristiana.com\\\/?p=19573#primaryimage\"},\"thumbnailUrl\":\"https:\\\/\\\/laprensacristiana.com\\\/wp-content\\\/uploads\\\/2026\\\/08\\\/787726673_1117645024160455_515190004351980010_n.jpg\",\"datePublished\":\"2026-08-31T15:38:21+00:00\",\"author\":{\"@id\":\"https:\\\/\\\/laprensacristiana.com\\\/#\\\/schema\\\/person\\\/3e7d82c6bfd6b1fa67010f8f7cd5256e\"},\"breadcrumb\":{\"@id\":\"https:\\\/\\\/laprensacristiana.com\\\/?p=19573#breadcrumb\"},\"inLanguage\":\"es\",\"potentialAction\":[{\"@type\":\"ReadAction\",\"target\":[\"https:\\\/\\\/laprensacristiana.com\\\/?p=19573\"]}]},{\"@type\":\"ImageObject\",\"inLanguage\":\"es\",\"@id\":\"https:\\\/\\\/laprensacristiana.com\\\/?p=19573#primaryimage\",\"url\":\"https:\\\/\\\/laprensacristiana.com\\\/wp-content\\\/uploads\\\/2026\\\/08\\\/787726673_1117645024160455_515190004351980010_n.jpg\",\"contentUrl\":\"https:\\\/\\\/laprensacristiana.com\\\/wp-content\\\/uploads\\\/2026\\\/08\\\/787726673_1117645024160455_515190004351980010_n.jpg\",\"width\":1440,\"height\":960},{\"@type\":\"BreadcrumbList\",\"@id\":\"https:\\\/\\\/laprensacristiana.com\\\/?p=19573#breadcrumb\",\"itemListElement\":[{\"@type\":\"ListItem\",\"position\":1,\"name\":\"Portada\",\"item\":\"https:\\\/\\\/laprensacristiana.com\\\/\"},{\"@type\":\"ListItem\",\"position\":2,\"name\":\"Congreso \u201cCoronadas y Sanadas\u201d re\u00fane a cientos de mujeres en una jornada de fe\"}]},{\"@type\":\"WebSite\",\"@id\":\"https:\\\/\\\/laprensacristiana.com\\\/#website\",\"url\":\"https:\\\/\\\/laprensacristiana.com\\\/\",\"name\":\"La Prensa Cristiana\",\"description\":\"Anunciando Las Buenas Nuevas\",\"potentialAction\":[{\"@type\":\"SearchAction\",\"target\":{\"@type\":\"EntryPoint\",\"urlTemplate\":\"https:\\\/\\\/laprensacristiana.com\\\/?s={search_term_string}\"},\"query-input\":{\"@type\":\"PropertyValueSpecification\",\"valueRequired\":true,\"valueName\":\"search_term_string\"}}],\"inLanguage\":\"es\"},{\"@type\":\"Person\",\"@id\":\"https:\\\/\\\/laprensacristiana.com\\\/#\\\/schema\\\/person\\\/3e7d82c6bfd6b1fa67010f8f7cd5256e\",\"name\":\"EDITOR\",\"image\":{\"@type\":\"ImageObject\",\"inLanguage\":\"es\",\"@id\":\"https:\\\/\\\/secure.gravatar.com\\\/avatar\\\/2a6f80452f67b1b479b9184ac2138e768f5787dfe822c833f9a911d355587161?s=96&d=mm&r=g\",\"url\":\"https:\\\/\\\/secure.gravatar.com\\\/avatar\\\/2a6f80452f67b1b479b9184ac2138e768f5787dfe822c833f9a911d355587161?s=96&d=mm&r=g\",\"contentUrl\":\"https:\\\/\\\/secure.gravatar.com\\\/avatar\\\/2a6f80452f67b1b479b9184ac2138e768f5787dfe822c833f9a911d355587161?s=96&d=mm&r=g\",\"caption\":\"EDITOR\"},\"url\":\"https:\\\/\\\/laprensacristiana.com\\\/?author=3\"}]}<\/script>\n<!-- \/ Yoast SEO plugin. -->","yoast_head_json":{"title":"Congreso \u201cCoronadas y Sanadas\u201d re\u00fane a cientos de mujeres en una jornada de fe - La Prensa Cristiana","robots":{"index":"index","follow":"follow","max-snippet":"max-snippet:-1","max-image-preview":"max-image-preview:large","max-video-preview":"max-video-preview:-1"},"canonical":"https:\/\/laprensacristiana.com\/?p=19573","og_locale":"es_ES","og_type":"article","og_title":"Congreso \u201cCoronadas y Sanadas\u201d re\u00fane a cientos de mujeres en una jornada de fe - La Prensa Cristiana","og_description":"El movimiento Tomando Mi Naci\u00f3n Mujer, bajo el liderazgo de la pastora Emma de Cu\u00e9llar, llev\u00f3 a cabo el Congreso \u201cCoronadas y Sanadas\u201d, un espacio dedicado a la restauraci\u00f3n espiritual, la sanidad del coraz\u00f3n y el fortalecimiento de la fe, combinando alabanza, oraci\u00f3n por las naciones y un mensaje de esperanza. La jornada dio inicio [&hellip;]","og_url":"https:\/\/laprensacristiana.com\/?p=19573","og_site_name":"La Prensa Cristiana","article_published_time":"2026-08-31T15:38:21+00:00","og_image":[{"width":1440,"height":960,"url":"https:\/\/laprensacristiana.com\/wp-content\/uploads\/2026\/08\/787726673_1117645024160455_515190004351980010_n.jpg","type":"image\/jpeg"}],"author":"EDITOR","twitter_card":"summary_large_image","twitter_misc":{"Escrito por":"EDITOR","Tiempo de lectura":"3 minutos"},"schema":{"@context":"https:\/\/schema.org","@graph":[{"@type":"Article","@id":"https:\/\/laprensacristiana.com\/?p=19573#article","isPartOf":{"@id":"https:\/\/laprensacristiana.com\/?p=19573"},"author":{"name":"EDITOR","@id":"https:\/\/laprensacristiana.com\/#\/schema\/person\/3e7d82c6bfd6b1fa67010f8f7cd5256e"},"headline":"Congreso \u201cCoronadas y Sanadas\u201d re\u00fane a cientos de mujeres en una jornada de fe","datePublished":"2026-08-31T15:38:21+00:00","mainEntityOfPage":{"@id":"https:\/\/laprensacristiana.com\/?p=19573"},"wordCount":372,"commentCount":0,"image":{"@id":"https:\/\/laprensacristiana.com\/?p=19573#primaryimage"},"thumbnailUrl":"https:\/\/laprensacristiana.com\/wp-content\/uploads\/2026\/08\/787726673_1117645024160455_515190004351980010_n.jpg","articleSection":["NOTICIAS"],"inLanguage":"es","potentialAction":[{"@type":"CommentAction","name":"Comment","target":["https:\/\/laprensacristiana.com\/?p=19573#respond"]}]},{"@type":"WebPage","@id":"https:\/\/laprensacristiana.com\/?p=19573","url":"https:\/\/laprensacristiana.com\/?p=19573","name":"Congreso \u201cCoronadas y Sanadas\u201d re\u00fane a cientos de mujeres en una jornada de fe - La Prensa Cristiana","isPartOf":{"@id":"https:\/\/laprensacristiana.com\/#website"},"primaryImageOfPage":{"@id":"https:\/\/laprensacristiana.com\/?p=19573#primaryimage"},"image":{"@id":"https:\/\/laprensacristiana.com\/?p=19573#primaryimage"},"thumbnailUrl":"https:\/\/laprensacristiana.com\/wp-content\/uploads\/2026\/08\/787726673_1117645024160455_515190004351980010_n.jpg","datePublished":"2026-08-31T15:38:21+00:00","author":{"@id":"https:\/\/laprensacristiana.com\/#\/schema\/person\/3e7d82c6bfd6b1fa67010f8f7cd5256e"},"breadcrumb":{"@id":"https:\/\/laprensacristiana.com\/?p=19573#breadcrumb"},"inLanguage":"es","potentialAction":[{"@type":"ReadAction","target":["https:\/\/laprensacristiana.com\/?p=19573"]}]},{"@type":"ImageObject","inLanguage":"es","@id":"https:\/\/laprensacristiana.com\/?p=19573#primaryimage","url":"https:\/\/laprensacristiana.com\/wp-content\/uploads\/2026\/08\/787726673_1117645024160455_515190004351980010_n.jpg","contentUrl":"https:\/\/laprensacristiana.com\/wp-content\/uploads\/2026\/08\/787726673_1117645024160455_515190004351980010_n.jpg","width":1440,"height":960},{"@type":"BreadcrumbList","@id":"https:\/\/laprensacristiana.com\/?p=19573#breadcrumb","itemListElement":[{"@type":"ListItem","position":1,"name":"Portada","item":"https:\/\/laprensacristiana.com\/"},{"@type":"ListItem","position":2,"name":"Congreso \u201cCoronadas y Sanadas\u201d re\u00fane a cientos de mujeres en una jornada de fe"}]},{"@type":"WebSite","@id":"https:\/\/laprensacristiana.com\/#website","url":"https:\/\/laprensacristiana.com\/","name":"La Prensa Cristiana","description":"Anunciando Las Buenas Nuevas","potentialAction":[{"@type":"SearchAction","target":{"@type":"EntryPoint","urlTemplate":"https:\/\/laprensacristiana.com\/?s={search_term_string}"},"query-input":{"@type":"PropertyValueSpecification","valueRequired":true,"valueName":"search_term_string"}}],"inLanguage":"es"},{"@type":"Person","@id":"https:\/\/laprensacristiana.com\/#\/schema\/person\/3e7d82c6bfd6b1fa67010f8f7cd5256e","name":"EDITOR","image":{"@type":"ImageObject","inLanguage":"es","@id":"https:\/\/secure.gravatar.com\/avatar\/2a6f80452f67b1b479b9184ac2138e768f5787dfe822c833f9a911d355587161?s=96&d=mm&r=g","url":"https:\/\/secure.gravatar.com\/avatar\/2a6f80452f67b1b479b9184ac2138e768f5787dfe822c833f9a911d355587161?s=96&d=mm&r=g","contentUrl":"https:\/\/secure.gravatar.com\/avatar\/2a6f80452f67b1b479b9184ac2138e768f5787dfe822c833f9a911d355587161?s=96&d=mm&r=g","caption":"EDITOR"},"url":"https:\/\/laprensacristiana.com\/?author=3"}]}},"_links":{"self":[{"href":"https:\/\/laprensacristiana.com\/index.php?rest_route=\/wp\/v2\/posts\/19573","targetHints":{"allow":["GET"]}}],"collection":[{"href":"https:\/\/laprensacristiana.com\/index.php?rest_route=\/wp\/v2\/posts"}],"about":[{"href":"https:\/\/laprensacristiana.com\/index.php?rest_route=\/wp\/v2\/types\/post"}],"author":[{"embeddable":true,"href":"https:\/\/laprensacristiana.com\/index.php?rest_route=\/wp\/v2\/users\/3"}],"replies":[{"embeddable":true,"href":"https:\/\/laprensacristiana.com\/index.php?rest_route=%2Fwp%2Fv2%2Fcomments&post=19573"}],"version-history":[{"count":1,"href":"https:\/\/laprensacristiana.com\/index.php?rest_route=\/wp\/v2\/posts\/19573\/revisions"}],"predecessor-version":[{"id":19578,"href":"https:\/\/laprensacristiana.com\/index.php?rest_route=\/wp\/v2\/posts\/19573\/revisions\/19578"}],"wp:featuredmedia":[{"embeddable":true,"href":"https:\/\/laprensacristiana.com\/index.php?rest_route=\/wp\/v2\/media\/19574"}],"wp:attachment":[{"href":"https:\/\/laprensacristiana.com\/index.php?rest_route=%2Fwp%2Fv2%2Fmedia&parent=19573"}],"wp:term":[{"taxonomy":"category","embeddable":true,"href":"https:\/\/laprensacristiana.com\/index.php?rest_route=%2Fwp%2Fv2%2Fcategories&post=19573"},{"taxonomy":"post_tag","embeddable":true,"href":"https:\/\/laprensacristiana.com\/index.php?rest_route=%2Fwp%2Fv2%2Ftags&post=19573"}],"curies":[{"name":"wp","href":"https:\/\/api.w.org\/{rel}","templated":true}]}}