{"id":19579,"date":"2026-08-31T18:36:11","date_gmt":"2026-08-31T18:36:11","guid":{"rendered":"https:\/\/laprensacristiana.com\/?p=19579"},"modified":"2026-08-31T18:55:39","modified_gmt":"2026-08-31T18:55:39","slug":"iglesia-de-dios-nombra-al-obispo-jose-santos-fuentes-como-nuevo-supervisor-del-territorio-centro","status":"publish","type":"post","link":"https:\/\/laprensacristiana.com\/?p=19579","title":{"rendered":"Iglesia de Dios nombra al obispo Jos\u00e9 Santos Fuentes como nuevo supervisor del Territorio Centro"},"content":{"rendered":"\n<p class=\"wp-block-paragraph\">La Iglesia de Dios en El Salvador, una de las denominaciones de mayor presencia en el pa\u00eds con m\u00e1s de 400 congregaciones a nivel nacional, anunci\u00f3 el nombramiento del obispo <strong>Jos\u00e9 Santos Fuentes<\/strong> como nuevo supervisor del Territorio Centro, cargo que ha asumido desde el 14 de agosto de 2026, junto a su esposa, Yohana, y sus hijos, Jos\u00e9 Daniel y Kenneth.<\/p>\n\n\n\n<p class=\"wp-block-paragraph\">La estructura organizativa de la denominaci\u00f3n cuenta con una supervisi\u00f3n nacional y tres divisiones territoriales para dar cobertura integral a sus iglesias. En esta nueva etapa, el obispo Fuentes enfocar\u00e1n su gesti\u00f3n en:<\/p>\n\n\n\n<ul class=\"wp-block-list\">\n<li><strong>Optimizaci\u00f3n operativa:<\/strong> Promover mejoras continuas en el funcionamiento de las iglesias locales.<\/li>\n\n\n\n<li><strong>Desarrollo de liderazgo:<\/strong> Potenciar el talento ministerial mediante programas de formaci\u00f3n integral.<\/li>\n\n\n\n<li><strong>Crecimiento e impacto:<\/strong> Impulsar la productividad y la expansi\u00f3n de la obra eclesial en la regi\u00f3n central.<\/li>\n<\/ul>\n\n\n\n<p class=\"wp-block-paragraph\">Un pilar fundamental en la trayectoria del obispo Fuentes ha sido su constante preparaci\u00f3n acad\u00e9mica. Es licenciado en Psicolog\u00eda por la Universidad Dr. Jos\u00e9 Mat\u00edas Delgado y cuenta con una licenciatura en Ministerio Cristiano otorgada por el Seminario B\u00edblico Pentecostal Centroamericano (SEBIPCA).<\/p>\n\n\n\n<p class=\"wp-block-paragraph\">Adem\u00e1s, posee una maestr\u00eda en Liderazgo y Administraci\u00f3n de la Iglesia por la Lee University (Cleveland, Tennessee, EE. UU.), formaci\u00f3n que complementa con estudios en capellan\u00eda y el desarrollo de sus estudios doctorales, de los cuales est\u00e1 pr\u00f3ximo a egresar.<\/p>\n\n\n\n<p class=\"wp-block-paragraph\">A lo largo de su trayectoria en la Iglesia de Dios, el obispo Fuentes ha desempe\u00f1ado m\u00faltiples responsabilidades estrat\u00e9gicas y pastorales, entre las que destacan:<\/p>\n\n\n\n<ul class=\"wp-block-list\">\n<li>Pastor principal de la congregaci\u00f3n <strong>Iglesia Casa de Dios<\/strong>, ubicada en Santa Tecla.<\/li>\n\n\n\n<li>Director del \u00e1rea de <strong>Incidencia P\u00fablica y Social<\/strong>.<\/li>\n\n\n\n<li>Supervisor del Distrito de Santa Tecla.<\/li>\n\n\n\n<li>Integrante de la <strong>Junta de Cuidado y Desarrollo Integral de Ministros<\/strong> del Territorio Central.<\/li>\n\n\n\n<li><strong>L\u00edder Nacional de Incidencia Social<\/strong> de la denominaci\u00f3n en El Salvador.<\/li>\n<\/ul>\n\n\n\n<p class=\"wp-block-paragraph\">Este bagaje de conocimientos y experiencia pastoral respalda su visi\u00f3n de servicio enfocado en la tutor\u00eda y la inspiraci\u00f3n de las nuevas generaciones, desafi\u00e1ndolas a desarrollar su m\u00e1ximo potencial integral y espiritual.<\/p>\n\n\n\n<figure class=\"wp-block-gallery has-nested-images columns-default is-cropped wp-block-gallery-1 is-layout-flex wp-block-gallery-is-layout-flex\">\n<figure class=\"wp-block-image size-large\"><img loading=\"lazy\" decoding=\"async\" width=\"1024\" height=\"576\" data-id=\"19585\" src=\"https:\/\/laprensacristiana.com\/wp-content\/uploads\/2026\/08\/WhatsApp-Image-2026-08-21-at-5.57.01-PM-2-1024x576.jpeg\" alt=\"\" class=\"wp-image-19585\" srcset=\"https:\/\/laprensacristiana.com\/wp-content\/uploads\/2026\/08\/WhatsApp-Image-2026-08-21-at-5.57.01-PM-2-1024x576.jpeg 1024w, https:\/\/laprensacristiana.com\/wp-content\/uploads\/2026\/08\/WhatsApp-Image-2026-08-21-at-5.57.01-PM-2-300x169.jpeg 300w, https:\/\/laprensacristiana.com\/wp-content\/uploads\/2026\/08\/WhatsApp-Image-2026-08-21-at-5.57.01-PM-2-768x432.jpeg 768w, https:\/\/laprensacristiana.com\/wp-content\/uploads\/2026\/08\/WhatsApp-Image-2026-08-21-at-5.57.01-PM-2-1536x864.jpeg 1536w, https:\/\/laprensacristiana.com\/wp-content\/uploads\/2026\/08\/WhatsApp-Image-2026-08-21-at-5.57.01-PM-2-696x392.jpeg 696w, https:\/\/laprensacristiana.com\/wp-content\/uploads\/2026\/08\/WhatsApp-Image-2026-08-21-at-5.57.01-PM-2-1068x601.jpeg 1068w, https:\/\/laprensacristiana.com\/wp-content\/uploads\/2026\/08\/WhatsApp-Image-2026-08-21-at-5.57.01-PM-2-600x338.jpeg 600w, https:\/\/laprensacristiana.com\/wp-content\/uploads\/2026\/08\/WhatsApp-Image-2026-08-21-at-5.57.01-PM-2.jpeg 1600w\" sizes=\"auto, (max-width: 1024px) 100vw, 1024px\" \/><\/figure>\n<\/figure>\n","protected":false},"excerpt":{"rendered":"<p>La Iglesia de Dios en El Salvador, una de las denominaciones de mayor presencia en el pa\u00eds con m\u00e1s de 400 congregaciones a nivel nacional, anunci\u00f3 el nombramiento del obispo Jos\u00e9 Santos Fuentes como nuevo supervisor del Territorio Centro, cargo que ha asumido desde el 14 de agosto de 2026, junto a su esposa, Yohana, [&hellip;]<\/p>\n","protected":false},"author":3,"featured_media":19587,"comment_status":"open","ping_status":"open","sticky":false,"template":"","format":"standard","meta":{"_exactmetrics_skip_tracking":false,"footnotes":""},"categories":[37],"tags":[],"class_list":["post-19579","post","type-post","status-publish","format-standard","has-post-thumbnail","category-reportaje"],"yoast_head":"<!-- This site is optimized with the Yoast SEO plugin v28.3 - https:\/\/yoast.com\/product\/yoast-seo-wordpress\/ -->\n<title>Iglesia de Dios nombra al obispo Jos\u00e9 Santos Fuentes como nuevo supervisor del Territorio Centro - La Prensa Cristiana<\/title>\n<meta name=\"robots\" content=\"index, follow, max-snippet:-1, max-image-preview:large, max-video-preview:-1\" \/>\n<link rel=\"canonical\" href=\"https:\/\/laprensacristiana.com\/?p=19579\" \/>\n<meta property=\"og:locale\" content=\"es_ES\" \/>\n<meta property=\"og:type\" content=\"article\" \/>\n<meta property=\"og:title\" content=\"Iglesia de Dios nombra al obispo Jos\u00e9 Santos Fuentes como nuevo supervisor del Territorio Centro - La Prensa Cristiana\" \/>\n<meta property=\"og:description\" content=\"La Iglesia de Dios en El Salvador, una de las denominaciones de mayor presencia en el pa\u00eds con m\u00e1s de 400 congregaciones a nivel nacional, anunci\u00f3 el nombramiento del obispo Jos\u00e9 Santos Fuentes como nuevo supervisor del Territorio Centro, cargo que ha asumido desde el 14 de agosto de 2026, junto a su esposa, Yohana, [&hellip;]\" \/>\n<meta property=\"og:url\" content=\"https:\/\/laprensacristiana.com\/?p=19579\" \/>\n<meta property=\"og:site_name\" content=\"La Prensa Cristiana\" \/>\n<meta property=\"article:published_time\" content=\"2026-08-31T18:36:11+00:00\" \/>\n<meta property=\"article:modified_time\" content=\"2026-08-31T18:55:39+00:00\" \/>\n<meta property=\"og:image\" content=\"https:\/\/laprensacristiana.com\/wp-content\/uploads\/2026\/08\/Copia-de-Copia-de-OPINION-3-1.png\" \/>\n\t<meta property=\"og:image:width\" content=\"1079\" \/>\n\t<meta property=\"og:image:height\" content=\"810\" \/>\n\t<meta property=\"og:image:type\" content=\"image\/png\" \/>\n<meta name=\"author\" content=\"EDITOR\" \/>\n<meta name=\"twitter:card\" content=\"summary_large_image\" \/>\n<meta name=\"twitter:label1\" content=\"Escrito por\" \/>\n\t<meta name=\"twitter:data1\" content=\"EDITOR\" \/>\n\t<meta name=\"twitter:label2\" content=\"Tiempo de lectura\" \/>\n\t<meta name=\"twitter:data2\" content=\"2 minutos\" \/>\n<script type=\"application\/ld+json\" class=\"yoast-schema-graph\">{\"@context\":\"https:\\\/\\\/schema.org\",\"@graph\":[{\"@type\":\"Article\",\"@id\":\"https:\\\/\\\/laprensacristiana.com\\\/?p=19579#article\",\"isPartOf\":{\"@id\":\"https:\\\/\\\/laprensacristiana.com\\\/?p=19579\"},\"author\":{\"name\":\"EDITOR\",\"@id\":\"https:\\\/\\\/laprensacristiana.com\\\/#\\\/schema\\\/person\\\/3e7d82c6bfd6b1fa67010f8f7cd5256e\"},\"headline\":\"Iglesia de Dios nombra al obispo Jos\u00e9 Santos Fuentes como nuevo supervisor del Territorio Centro\",\"datePublished\":\"2026-08-31T18:36:11+00:00\",\"dateModified\":\"2026-08-31T18:55:39+00:00\",\"mainEntityOfPage\":{\"@id\":\"https:\\\/\\\/laprensacristiana.com\\\/?p=19579\"},\"wordCount\":372,\"commentCount\":0,\"image\":{\"@id\":\"https:\\\/\\\/laprensacristiana.com\\\/?p=19579#primaryimage\"},\"thumbnailUrl\":\"https:\\\/\\\/laprensacristiana.com\\\/wp-content\\\/uploads\\\/2026\\\/08\\\/Copia-de-Copia-de-OPINION-3-1.png\",\"articleSection\":[\"REPORTAJE\"],\"inLanguage\":\"es\",\"potentialAction\":[{\"@type\":\"CommentAction\",\"name\":\"Comment\",\"target\":[\"https:\\\/\\\/laprensacristiana.com\\\/?p=19579#respond\"]}]},{\"@type\":\"WebPage\",\"@id\":\"https:\\\/\\\/laprensacristiana.com\\\/?p=19579\",\"url\":\"https:\\\/\\\/laprensacristiana.com\\\/?p=19579\",\"name\":\"Iglesia de Dios nombra al obispo Jos\u00e9 Santos Fuentes como nuevo supervisor del Territorio Centro - La Prensa Cristiana\",\"isPartOf\":{\"@id\":\"https:\\\/\\\/laprensacristiana.com\\\/#website\"},\"primaryImageOfPage\":{\"@id\":\"https:\\\/\\\/laprensacristiana.com\\\/?p=19579#primaryimage\"},\"image\":{\"@id\":\"https:\\\/\\\/laprensacristiana.com\\\/?p=19579#primaryimage\"},\"thumbnailUrl\":\"https:\\\/\\\/laprensacristiana.com\\\/wp-content\\\/uploads\\\/2026\\\/08\\\/Copia-de-Copia-de-OPINION-3-1.png\",\"datePublished\":\"2026-08-31T18:36:11+00:00\",\"dateModified\":\"2026-08-31T18:55:39+00:00\",\"author\":{\"@id\":\"https:\\\/\\\/laprensacristiana.com\\\/#\\\/schema\\\/person\\\/3e7d82c6bfd6b1fa67010f8f7cd5256e\"},\"breadcrumb\":{\"@id\":\"https:\\\/\\\/laprensacristiana.com\\\/?p=19579#breadcrumb\"},\"inLanguage\":\"es\",\"potentialAction\":[{\"@type\":\"ReadAction\",\"target\":[\"https:\\\/\\\/laprensacristiana.com\\\/?p=19579\"]}]},{\"@type\":\"ImageObject\",\"inLanguage\":\"es\",\"@id\":\"https:\\\/\\\/laprensacristiana.com\\\/?p=19579#primaryimage\",\"url\":\"https:\\\/\\\/laprensacristiana.com\\\/wp-content\\\/uploads\\\/2026\\\/08\\\/Copia-de-Copia-de-OPINION-3-1.png\",\"contentUrl\":\"https:\\\/\\\/laprensacristiana.com\\\/wp-content\\\/uploads\\\/2026\\\/08\\\/Copia-de-Copia-de-OPINION-3-1.png\",\"width\":1079,\"height\":810},{\"@type\":\"BreadcrumbList\",\"@id\":\"https:\\\/\\\/laprensacristiana.com\\\/?p=19579#breadcrumb\",\"itemListElement\":[{\"@type\":\"ListItem\",\"position\":1,\"name\":\"Portada\",\"item\":\"https:\\\/\\\/laprensacristiana.com\\\/\"},{\"@type\":\"ListItem\",\"position\":2,\"name\":\"Iglesia de Dios nombra al obispo Jos\u00e9 Santos Fuentes como nuevo supervisor del Territorio Centro\"}]},{\"@type\":\"WebSite\",\"@id\":\"https:\\\/\\\/laprensacristiana.com\\\/#website\",\"url\":\"https:\\\/\\\/laprensacristiana.com\\\/\",\"name\":\"La Prensa Cristiana\",\"description\":\"Anunciando Las Buenas Nuevas\",\"potentialAction\":[{\"@type\":\"SearchAction\",\"target\":{\"@type\":\"EntryPoint\",\"urlTemplate\":\"https:\\\/\\\/laprensacristiana.com\\\/?s={search_term_string}\"},\"query-input\":{\"@type\":\"PropertyValueSpecification\",\"valueRequired\":true,\"valueName\":\"search_term_string\"}}],\"inLanguage\":\"es\"},{\"@type\":\"Person\",\"@id\":\"https:\\\/\\\/laprensacristiana.com\\\/#\\\/schema\\\/person\\\/3e7d82c6bfd6b1fa67010f8f7cd5256e\",\"name\":\"EDITOR\",\"image\":{\"@type\":\"ImageObject\",\"inLanguage\":\"es\",\"@id\":\"https:\\\/\\\/secure.gravatar.com\\\/avatar\\\/2a6f80452f67b1b479b9184ac2138e768f5787dfe822c833f9a911d355587161?s=96&d=mm&r=g\",\"url\":\"https:\\\/\\\/secure.gravatar.com\\\/avatar\\\/2a6f80452f67b1b479b9184ac2138e768f5787dfe822c833f9a911d355587161?s=96&d=mm&r=g\",\"contentUrl\":\"https:\\\/\\\/secure.gravatar.com\\\/avatar\\\/2a6f80452f67b1b479b9184ac2138e768f5787dfe822c833f9a911d355587161?s=96&d=mm&r=g\",\"caption\":\"EDITOR\"},\"url\":\"https:\\\/\\\/laprensacristiana.com\\\/?author=3\"}]}<\/script>\n<!-- \/ Yoast SEO plugin. -->","yoast_head_json":{"title":"Iglesia de Dios nombra al obispo Jos\u00e9 Santos Fuentes como nuevo supervisor del Territorio Centro - La Prensa Cristiana","robots":{"index":"index","follow":"follow","max-snippet":"max-snippet:-1","max-image-preview":"max-image-preview:large","max-video-preview":"max-video-preview:-1"},"canonical":"https:\/\/laprensacristiana.com\/?p=19579","og_locale":"es_ES","og_type":"article","og_title":"Iglesia de Dios nombra al obispo Jos\u00e9 Santos Fuentes como nuevo supervisor del Territorio Centro - La Prensa Cristiana","og_description":"La Iglesia de Dios en El Salvador, una de las denominaciones de mayor presencia en el pa\u00eds con m\u00e1s de 400 congregaciones a nivel nacional, anunci\u00f3 el nombramiento del obispo Jos\u00e9 Santos Fuentes como nuevo supervisor del Territorio Centro, cargo que ha asumido desde el 14 de agosto de 2026, junto a su esposa, Yohana, [&hellip;]","og_url":"https:\/\/laprensacristiana.com\/?p=19579","og_site_name":"La Prensa Cristiana","article_published_time":"2026-08-31T18:36:11+00:00","article_modified_time":"2026-08-31T18:55:39+00:00","og_image":[{"width":1079,"height":810,"url":"https:\/\/laprensacristiana.com\/wp-content\/uploads\/2026\/08\/Copia-de-Copia-de-OPINION-3-1.png","type":"image\/png"}],"author":"EDITOR","twitter_card":"summary_large_image","twitter_misc":{"Escrito por":"EDITOR","Tiempo de lectura":"2 minutos"},"schema":{"@context":"https:\/\/schema.org","@graph":[{"@type":"Article","@id":"https:\/\/laprensacristiana.com\/?p=19579#article","isPartOf":{"@id":"https:\/\/laprensacristiana.com\/?p=19579"},"author":{"name":"EDITOR","@id":"https:\/\/laprensacristiana.com\/#\/schema\/person\/3e7d82c6bfd6b1fa67010f8f7cd5256e"},"headline":"Iglesia de Dios nombra al obispo Jos\u00e9 Santos Fuentes como nuevo supervisor del Territorio Centro","datePublished":"2026-08-31T18:36:11+00:00","dateModified":"2026-08-31T18:55:39+00:00","mainEntityOfPage":{"@id":"https:\/\/laprensacristiana.com\/?p=19579"},"wordCount":372,"commentCount":0,"image":{"@id":"https:\/\/laprensacristiana.com\/?p=19579#primaryimage"},"thumbnailUrl":"https:\/\/laprensacristiana.com\/wp-content\/uploads\/2026\/08\/Copia-de-Copia-de-OPINION-3-1.png","articleSection":["REPORTAJE"],"inLanguage":"es","potentialAction":[{"@type":"CommentAction","name":"Comment","target":["https:\/\/laprensacristiana.com\/?p=19579#respond"]}]},{"@type":"WebPage","@id":"https:\/\/laprensacristiana.com\/?p=19579","url":"https:\/\/laprensacristiana.com\/?p=19579","name":"Iglesia de Dios nombra al obispo Jos\u00e9 Santos Fuentes como nuevo supervisor del Territorio Centro - La Prensa Cristiana","isPartOf":{"@id":"https:\/\/laprensacristiana.com\/#website"},"primaryImageOfPage":{"@id":"https:\/\/laprensacristiana.com\/?p=19579#primaryimage"},"image":{"@id":"https:\/\/laprensacristiana.com\/?p=19579#primaryimage"},"thumbnailUrl":"https:\/\/laprensacristiana.com\/wp-content\/uploads\/2026\/08\/Copia-de-Copia-de-OPINION-3-1.png","datePublished":"2026-08-31T18:36:11+00:00","dateModified":"2026-08-31T18:55:39+00:00","author":{"@id":"https:\/\/laprensacristiana.com\/#\/schema\/person\/3e7d82c6bfd6b1fa67010f8f7cd5256e"},"breadcrumb":{"@id":"https:\/\/laprensacristiana.com\/?p=19579#breadcrumb"},"inLanguage":"es","potentialAction":[{"@type":"ReadAction","target":["https:\/\/laprensacristiana.com\/?p=19579"]}]},{"@type":"ImageObject","inLanguage":"es","@id":"https:\/\/laprensacristiana.com\/?p=19579#primaryimage","url":"https:\/\/laprensacristiana.com\/wp-content\/uploads\/2026\/08\/Copia-de-Copia-de-OPINION-3-1.png","contentUrl":"https:\/\/laprensacristiana.com\/wp-content\/uploads\/2026\/08\/Copia-de-Copia-de-OPINION-3-1.png","width":1079,"height":810},{"@type":"BreadcrumbList","@id":"https:\/\/laprensacristiana.com\/?p=19579#breadcrumb","itemListElement":[{"@type":"ListItem","position":1,"name":"Portada","item":"https:\/\/laprensacristiana.com\/"},{"@type":"ListItem","position":2,"name":"Iglesia de Dios nombra al obispo Jos\u00e9 Santos Fuentes como nuevo supervisor del Territorio Centro"}]},{"@type":"WebSite","@id":"https:\/\/laprensacristiana.com\/#website","url":"https:\/\/laprensacristiana.com\/","name":"La Prensa Cristiana","description":"Anunciando Las Buenas Nuevas","potentialAction":[{"@type":"SearchAction","target":{"@type":"EntryPoint","urlTemplate":"https:\/\/laprensacristiana.com\/?s={search_term_string}"},"query-input":{"@type":"PropertyValueSpecification","valueRequired":true,"valueName":"search_term_string"}}],"inLanguage":"es"},{"@type":"Person","@id":"https:\/\/laprensacristiana.com\/#\/schema\/person\/3e7d82c6bfd6b1fa67010f8f7cd5256e","name":"EDITOR","image":{"@type":"ImageObject","inLanguage":"es","@id":"https:\/\/secure.gravatar.com\/avatar\/2a6f80452f67b1b479b9184ac2138e768f5787dfe822c833f9a911d355587161?s=96&d=mm&r=g","url":"https:\/\/secure.gravatar.com\/avatar\/2a6f80452f67b1b479b9184ac2138e768f5787dfe822c833f9a911d355587161?s=96&d=mm&r=g","contentUrl":"https:\/\/secure.gravatar.com\/avatar\/2a6f80452f67b1b479b9184ac2138e768f5787dfe822c833f9a911d355587161?s=96&d=mm&r=g","caption":"EDITOR"},"url":"https:\/\/laprensacristiana.com\/?author=3"}]}},"_links":{"self":[{"href":"https:\/\/laprensacristiana.com\/index.php?rest_route=\/wp\/v2\/posts\/19579","targetHints":{"allow":["GET"]}}],"collection":[{"href":"https:\/\/laprensacristiana.com\/index.php?rest_route=\/wp\/v2\/posts"}],"about":[{"href":"https:\/\/laprensacristiana.com\/index.php?rest_route=\/wp\/v2\/types\/post"}],"author":[{"embeddable":true,"href":"https:\/\/laprensacristiana.com\/index.php?rest_route=\/wp\/v2\/users\/3"}],"replies":[{"embeddable":true,"href":"https:\/\/laprensacristiana.com\/index.php?rest_route=%2Fwp%2Fv2%2Fcomments&post=19579"}],"version-history":[{"count":2,"href":"https:\/\/laprensacristiana.com\/index.php?rest_route=\/wp\/v2\/posts\/19579\/revisions"}],"predecessor-version":[{"id":19588,"href":"https:\/\/laprensacristiana.com\/index.php?rest_route=\/wp\/v2\/posts\/19579\/revisions\/19588"}],"wp:featuredmedia":[{"embeddable":true,"href":"https:\/\/laprensacristiana.com\/index.php?rest_route=\/wp\/v2\/media\/19587"}],"wp:attachment":[{"href":"https:\/\/laprensacristiana.com\/index.php?rest_route=%2Fwp%2Fv2%2Fmedia&parent=19579"}],"wp:term":[{"taxonomy":"category","embeddable":true,"href":"https:\/\/laprensacristiana.com\/index.php?rest_route=%2Fwp%2Fv2%2Fcategories&post=19579"},{"taxonomy":"post_tag","embeddable":true,"href":"https:\/\/laprensacristiana.com\/index.php?rest_route=%2Fwp%2Fv2%2Ftags&post=19579"}],"curies":[{"name":"wp","href":"https:\/\/api.w.org\/{rel}","templated":true}]}}