{"id":19608,"date":"2026-09-03T18:05:49","date_gmt":"2026-09-03T18:05:49","guid":{"rendered":"https:\/\/laprensacristiana.com\/?p=19608"},"modified":"2026-09-03T18:05:49","modified_gmt":"2026-09-03T18:05:49","slug":"la-tirania-del-que-diran","status":"publish","type":"post","link":"https:\/\/laprensacristiana.com\/?p=19608","title":{"rendered":"La tiran\u00eda del qu\u00e9 dir\u00e1n"},"content":{"rendered":"\n<p class=\"wp-block-paragraph\">Uno de los instrumentos m\u00e1s valiosos que posee el ser humano para comunicarse y manifestar su postura ante el mundo es la opini\u00f3n. Ya sea que est\u00e9 profundamente estructurada o sea v\u00edctima de malas interpretaciones, la voz propia cobra un valor incalculable cuando se aprende a utilizar. Despu\u00e9s de todo, el peso de una mirada nunca ser\u00e1 el mismo si proviene de quien ha recorrido caminos similares o si nace del juicio apresurado de quien jam\u00e1s los ha transitado.<\/p>\n\n\n\n<p class=\"wp-block-paragraph\">Sin embargo, ni los tropiezos definen la esencia de una persona, ni los aplausos aseguran su grandeza. Lo que verdaderamente nos moldea y revela de qu\u00e9 estamos hechos es el d\u00eda despu\u00e9s: la ma\u00f1ana que le sigue al desastre o al triunfo. La verdadera prueba reside en la capacidad de levantarse tras la ca\u00edda o en la disciplina para sostenerse en la cima. Como bien se ha reflexionado a lo largo del tiempo, el reto no est\u00e1 en comenzar, sino en permanecer. Es f\u00e1cil sentir la adrenalina y la fe de dar el primer paso hacia un sue\u00f1o; lo verdaderamente complejo es mantener el mismo entusiasmo con el paso de los a\u00f1os, cuando la madurez, la experiencia y la conciencia nos muestran con claridad c\u00f3mo funciona la realidad.<\/p>\n\n\n\n<p class=\"wp-block-paragraph\">A la par de este reto, la humanidad arrastra un mal silencioso y desgastante: la esclavitud del <em>qu\u00e9 dir\u00e1n<\/em>. Vivir pendientes del juicio ajeno frena el desarrollo del criterio propio, esa capacidad indispensable de pensar, razonar y ser anal\u00edticos con nuestra propia trayectoria.<\/p>\n\n\n\n<p class=\"wp-block-paragraph\">Olvidamos que la vida exige sabidur\u00eda para entender los tiempos: no se puede transitar siempre a 100 kil\u00f3metros por hora. Hay momentos que exigen acelerar para alcanzar la meta, pero hay otros en los que detenerse y frenar es el acto m\u00e1s inteligente para no perder el rumbo.<\/p>\n\n\n\n<p class=\"wp-block-paragraph\">\u00bfEstamos viviendo bajo el ritmo de nuestras propias convicciones o bajo el freno del qu\u00e9 dir\u00e1n?<\/p>\n","protected":false},"excerpt":{"rendered":"<p>Uno de los instrumentos m\u00e1s valiosos que posee el ser humano para comunicarse y manifestar su postura ante el mundo es la opini\u00f3n. Ya sea que est\u00e9 profundamente estructurada o sea v\u00edctima de malas interpretaciones, la voz propia cobra un valor incalculable cuando se aprende a utilizar. Despu\u00e9s de todo, el peso de una mirada [&hellip;]<\/p>\n","protected":false},"author":3,"featured_media":19609,"comment_status":"open","ping_status":"open","sticky":false,"template":"","format":"standard","meta":{"_exactmetrics_skip_tracking":false,"footnotes":""},"categories":[111],"tags":[],"class_list":["post-19608","post","type-post","status-publish","format-standard","has-post-thumbnail","category-editorial"],"yoast_head":"<!-- This site is optimized with the Yoast SEO plugin v28.3 - https:\/\/yoast.com\/product\/yoast-seo-wordpress\/ -->\n<title>La tiran\u00eda del qu\u00e9 dir\u00e1n - La Prensa Cristiana<\/title>\n<meta name=\"robots\" content=\"index, follow, max-snippet:-1, max-image-preview:large, max-video-preview:-1\" \/>\n<link rel=\"canonical\" href=\"https:\/\/laprensacristiana.com\/?p=19608\" \/>\n<meta property=\"og:locale\" content=\"es_ES\" \/>\n<meta property=\"og:type\" content=\"article\" \/>\n<meta property=\"og:title\" content=\"La tiran\u00eda del qu\u00e9 dir\u00e1n - La Prensa Cristiana\" \/>\n<meta property=\"og:description\" content=\"Uno de los instrumentos m\u00e1s valiosos que posee el ser humano para comunicarse y manifestar su postura ante el mundo es la opini\u00f3n. Ya sea que est\u00e9 profundamente estructurada o sea v\u00edctima de malas interpretaciones, la voz propia cobra un valor incalculable cuando se aprende a utilizar. Despu\u00e9s de todo, el peso de una mirada [&hellip;]\" \/>\n<meta property=\"og:url\" content=\"https:\/\/laprensacristiana.com\/?p=19608\" \/>\n<meta property=\"og:site_name\" content=\"La Prensa Cristiana\" \/>\n<meta property=\"article:published_time\" content=\"2026-09-03T18:05:49+00:00\" \/>\n<meta property=\"og:image\" content=\"https:\/\/laprensacristiana.com\/wp-content\/uploads\/2026\/09\/Copia-de-OPINION-2.png\" \/>\n\t<meta property=\"og:image:width\" content=\"719\" \/>\n\t<meta property=\"og:image:height\" content=\"540\" \/>\n\t<meta property=\"og:image:type\" content=\"image\/png\" \/>\n<meta name=\"author\" content=\"EDITOR\" \/>\n<meta name=\"twitter:card\" content=\"summary_large_image\" \/>\n<meta name=\"twitter:label1\" content=\"Escrito por\" \/>\n\t<meta name=\"twitter:data1\" content=\"EDITOR\" \/>\n\t<meta name=\"twitter:label2\" content=\"Tiempo de lectura\" \/>\n\t<meta name=\"twitter:data2\" content=\"2 minutos\" \/>\n<script type=\"application\/ld+json\" class=\"yoast-schema-graph\">{\"@context\":\"https:\\\/\\\/schema.org\",\"@graph\":[{\"@type\":\"Article\",\"@id\":\"https:\\\/\\\/laprensacristiana.com\\\/?p=19608#article\",\"isPartOf\":{\"@id\":\"https:\\\/\\\/laprensacristiana.com\\\/?p=19608\"},\"author\":{\"name\":\"EDITOR\",\"@id\":\"https:\\\/\\\/laprensacristiana.com\\\/#\\\/schema\\\/person\\\/3e7d82c6bfd6b1fa67010f8f7cd5256e\"},\"headline\":\"La tiran\u00eda del qu\u00e9 dir\u00e1n\",\"datePublished\":\"2026-09-03T18:05:49+00:00\",\"mainEntityOfPage\":{\"@id\":\"https:\\\/\\\/laprensacristiana.com\\\/?p=19608\"},\"wordCount\":339,\"commentCount\":0,\"image\":{\"@id\":\"https:\\\/\\\/laprensacristiana.com\\\/?p=19608#primaryimage\"},\"thumbnailUrl\":\"https:\\\/\\\/laprensacristiana.com\\\/wp-content\\\/uploads\\\/2026\\\/09\\\/Copia-de-OPINION-2.png\",\"articleSection\":[\"EDITORIAL\"],\"inLanguage\":\"es\",\"potentialAction\":[{\"@type\":\"CommentAction\",\"name\":\"Comment\",\"target\":[\"https:\\\/\\\/laprensacristiana.com\\\/?p=19608#respond\"]}]},{\"@type\":\"WebPage\",\"@id\":\"https:\\\/\\\/laprensacristiana.com\\\/?p=19608\",\"url\":\"https:\\\/\\\/laprensacristiana.com\\\/?p=19608\",\"name\":\"La tiran\u00eda del qu\u00e9 dir\u00e1n - La Prensa Cristiana\",\"isPartOf\":{\"@id\":\"https:\\\/\\\/laprensacristiana.com\\\/#website\"},\"primaryImageOfPage\":{\"@id\":\"https:\\\/\\\/laprensacristiana.com\\\/?p=19608#primaryimage\"},\"image\":{\"@id\":\"https:\\\/\\\/laprensacristiana.com\\\/?p=19608#primaryimage\"},\"thumbnailUrl\":\"https:\\\/\\\/laprensacristiana.com\\\/wp-content\\\/uploads\\\/2026\\\/09\\\/Copia-de-OPINION-2.png\",\"datePublished\":\"2026-09-03T18:05:49+00:00\",\"author\":{\"@id\":\"https:\\\/\\\/laprensacristiana.com\\\/#\\\/schema\\\/person\\\/3e7d82c6bfd6b1fa67010f8f7cd5256e\"},\"breadcrumb\":{\"@id\":\"https:\\\/\\\/laprensacristiana.com\\\/?p=19608#breadcrumb\"},\"inLanguage\":\"es\",\"potentialAction\":[{\"@type\":\"ReadAction\",\"target\":[\"https:\\\/\\\/laprensacristiana.com\\\/?p=19608\"]}]},{\"@type\":\"ImageObject\",\"inLanguage\":\"es\",\"@id\":\"https:\\\/\\\/laprensacristiana.com\\\/?p=19608#primaryimage\",\"url\":\"https:\\\/\\\/laprensacristiana.com\\\/wp-content\\\/uploads\\\/2026\\\/09\\\/Copia-de-OPINION-2.png\",\"contentUrl\":\"https:\\\/\\\/laprensacristiana.com\\\/wp-content\\\/uploads\\\/2026\\\/09\\\/Copia-de-OPINION-2.png\",\"width\":719,\"height\":540},{\"@type\":\"BreadcrumbList\",\"@id\":\"https:\\\/\\\/laprensacristiana.com\\\/?p=19608#breadcrumb\",\"itemListElement\":[{\"@type\":\"ListItem\",\"position\":1,\"name\":\"Portada\",\"item\":\"https:\\\/\\\/laprensacristiana.com\\\/\"},{\"@type\":\"ListItem\",\"position\":2,\"name\":\"La tiran\u00eda del qu\u00e9 dir\u00e1n\"}]},{\"@type\":\"WebSite\",\"@id\":\"https:\\\/\\\/laprensacristiana.com\\\/#website\",\"url\":\"https:\\\/\\\/laprensacristiana.com\\\/\",\"name\":\"La Prensa Cristiana\",\"description\":\"Anunciando Las Buenas Nuevas\",\"potentialAction\":[{\"@type\":\"SearchAction\",\"target\":{\"@type\":\"EntryPoint\",\"urlTemplate\":\"https:\\\/\\\/laprensacristiana.com\\\/?s={search_term_string}\"},\"query-input\":{\"@type\":\"PropertyValueSpecification\",\"valueRequired\":true,\"valueName\":\"search_term_string\"}}],\"inLanguage\":\"es\"},{\"@type\":\"Person\",\"@id\":\"https:\\\/\\\/laprensacristiana.com\\\/#\\\/schema\\\/person\\\/3e7d82c6bfd6b1fa67010f8f7cd5256e\",\"name\":\"EDITOR\",\"image\":{\"@type\":\"ImageObject\",\"inLanguage\":\"es\",\"@id\":\"https:\\\/\\\/secure.gravatar.com\\\/avatar\\\/2a6f80452f67b1b479b9184ac2138e768f5787dfe822c833f9a911d355587161?s=96&d=mm&r=g\",\"url\":\"https:\\\/\\\/secure.gravatar.com\\\/avatar\\\/2a6f80452f67b1b479b9184ac2138e768f5787dfe822c833f9a911d355587161?s=96&d=mm&r=g\",\"contentUrl\":\"https:\\\/\\\/secure.gravatar.com\\\/avatar\\\/2a6f80452f67b1b479b9184ac2138e768f5787dfe822c833f9a911d355587161?s=96&d=mm&r=g\",\"caption\":\"EDITOR\"},\"url\":\"https:\\\/\\\/laprensacristiana.com\\\/?author=3\"}]}<\/script>\n<!-- \/ Yoast SEO plugin. -->","yoast_head_json":{"title":"La tiran\u00eda del qu\u00e9 dir\u00e1n - La Prensa Cristiana","robots":{"index":"index","follow":"follow","max-snippet":"max-snippet:-1","max-image-preview":"max-image-preview:large","max-video-preview":"max-video-preview:-1"},"canonical":"https:\/\/laprensacristiana.com\/?p=19608","og_locale":"es_ES","og_type":"article","og_title":"La tiran\u00eda del qu\u00e9 dir\u00e1n - La Prensa Cristiana","og_description":"Uno de los instrumentos m\u00e1s valiosos que posee el ser humano para comunicarse y manifestar su postura ante el mundo es la opini\u00f3n. Ya sea que est\u00e9 profundamente estructurada o sea v\u00edctima de malas interpretaciones, la voz propia cobra un valor incalculable cuando se aprende a utilizar. Despu\u00e9s de todo, el peso de una mirada [&hellip;]","og_url":"https:\/\/laprensacristiana.com\/?p=19608","og_site_name":"La Prensa Cristiana","article_published_time":"2026-09-03T18:05:49+00:00","og_image":[{"width":719,"height":540,"url":"https:\/\/laprensacristiana.com\/wp-content\/uploads\/2026\/09\/Copia-de-OPINION-2.png","type":"image\/png"}],"author":"EDITOR","twitter_card":"summary_large_image","twitter_misc":{"Escrito por":"EDITOR","Tiempo de lectura":"2 minutos"},"schema":{"@context":"https:\/\/schema.org","@graph":[{"@type":"Article","@id":"https:\/\/laprensacristiana.com\/?p=19608#article","isPartOf":{"@id":"https:\/\/laprensacristiana.com\/?p=19608"},"author":{"name":"EDITOR","@id":"https:\/\/laprensacristiana.com\/#\/schema\/person\/3e7d82c6bfd6b1fa67010f8f7cd5256e"},"headline":"La tiran\u00eda del qu\u00e9 dir\u00e1n","datePublished":"2026-09-03T18:05:49+00:00","mainEntityOfPage":{"@id":"https:\/\/laprensacristiana.com\/?p=19608"},"wordCount":339,"commentCount":0,"image":{"@id":"https:\/\/laprensacristiana.com\/?p=19608#primaryimage"},"thumbnailUrl":"https:\/\/laprensacristiana.com\/wp-content\/uploads\/2026\/09\/Copia-de-OPINION-2.png","articleSection":["EDITORIAL"],"inLanguage":"es","potentialAction":[{"@type":"CommentAction","name":"Comment","target":["https:\/\/laprensacristiana.com\/?p=19608#respond"]}]},{"@type":"WebPage","@id":"https:\/\/laprensacristiana.com\/?p=19608","url":"https:\/\/laprensacristiana.com\/?p=19608","name":"La tiran\u00eda del qu\u00e9 dir\u00e1n - La Prensa Cristiana","isPartOf":{"@id":"https:\/\/laprensacristiana.com\/#website"},"primaryImageOfPage":{"@id":"https:\/\/laprensacristiana.com\/?p=19608#primaryimage"},"image":{"@id":"https:\/\/laprensacristiana.com\/?p=19608#primaryimage"},"thumbnailUrl":"https:\/\/laprensacristiana.com\/wp-content\/uploads\/2026\/09\/Copia-de-OPINION-2.png","datePublished":"2026-09-03T18:05:49+00:00","author":{"@id":"https:\/\/laprensacristiana.com\/#\/schema\/person\/3e7d82c6bfd6b1fa67010f8f7cd5256e"},"breadcrumb":{"@id":"https:\/\/laprensacristiana.com\/?p=19608#breadcrumb"},"inLanguage":"es","potentialAction":[{"@type":"ReadAction","target":["https:\/\/laprensacristiana.com\/?p=19608"]}]},{"@type":"ImageObject","inLanguage":"es","@id":"https:\/\/laprensacristiana.com\/?p=19608#primaryimage","url":"https:\/\/laprensacristiana.com\/wp-content\/uploads\/2026\/09\/Copia-de-OPINION-2.png","contentUrl":"https:\/\/laprensacristiana.com\/wp-content\/uploads\/2026\/09\/Copia-de-OPINION-2.png","width":719,"height":540},{"@type":"BreadcrumbList","@id":"https:\/\/laprensacristiana.com\/?p=19608#breadcrumb","itemListElement":[{"@type":"ListItem","position":1,"name":"Portada","item":"https:\/\/laprensacristiana.com\/"},{"@type":"ListItem","position":2,"name":"La tiran\u00eda del qu\u00e9 dir\u00e1n"}]},{"@type":"WebSite","@id":"https:\/\/laprensacristiana.com\/#website","url":"https:\/\/laprensacristiana.com\/","name":"La Prensa Cristiana","description":"Anunciando Las Buenas Nuevas","potentialAction":[{"@type":"SearchAction","target":{"@type":"EntryPoint","urlTemplate":"https:\/\/laprensacristiana.com\/?s={search_term_string}"},"query-input":{"@type":"PropertyValueSpecification","valueRequired":true,"valueName":"search_term_string"}}],"inLanguage":"es"},{"@type":"Person","@id":"https:\/\/laprensacristiana.com\/#\/schema\/person\/3e7d82c6bfd6b1fa67010f8f7cd5256e","name":"EDITOR","image":{"@type":"ImageObject","inLanguage":"es","@id":"https:\/\/secure.gravatar.com\/avatar\/2a6f80452f67b1b479b9184ac2138e768f5787dfe822c833f9a911d355587161?s=96&d=mm&r=g","url":"https:\/\/secure.gravatar.com\/avatar\/2a6f80452f67b1b479b9184ac2138e768f5787dfe822c833f9a911d355587161?s=96&d=mm&r=g","contentUrl":"https:\/\/secure.gravatar.com\/avatar\/2a6f80452f67b1b479b9184ac2138e768f5787dfe822c833f9a911d355587161?s=96&d=mm&r=g","caption":"EDITOR"},"url":"https:\/\/laprensacristiana.com\/?author=3"}]}},"_links":{"self":[{"href":"https:\/\/laprensacristiana.com\/index.php?rest_route=\/wp\/v2\/posts\/19608","targetHints":{"allow":["GET"]}}],"collection":[{"href":"https:\/\/laprensacristiana.com\/index.php?rest_route=\/wp\/v2\/posts"}],"about":[{"href":"https:\/\/laprensacristiana.com\/index.php?rest_route=\/wp\/v2\/types\/post"}],"author":[{"embeddable":true,"href":"https:\/\/laprensacristiana.com\/index.php?rest_route=\/wp\/v2\/users\/3"}],"replies":[{"embeddable":true,"href":"https:\/\/laprensacristiana.com\/index.php?rest_route=%2Fwp%2Fv2%2Fcomments&post=19608"}],"version-history":[{"count":1,"href":"https:\/\/laprensacristiana.com\/index.php?rest_route=\/wp\/v2\/posts\/19608\/revisions"}],"predecessor-version":[{"id":19610,"href":"https:\/\/laprensacristiana.com\/index.php?rest_route=\/wp\/v2\/posts\/19608\/revisions\/19610"}],"wp:featuredmedia":[{"embeddable":true,"href":"https:\/\/laprensacristiana.com\/index.php?rest_route=\/wp\/v2\/media\/19609"}],"wp:attachment":[{"href":"https:\/\/laprensacristiana.com\/index.php?rest_route=%2Fwp%2Fv2%2Fmedia&parent=19608"}],"wp:term":[{"taxonomy":"category","embeddable":true,"href":"https:\/\/laprensacristiana.com\/index.php?rest_route=%2Fwp%2Fv2%2Fcategories&post=19608"},{"taxonomy":"post_tag","embeddable":true,"href":"https:\/\/laprensacristiana.com\/index.php?rest_route=%2Fwp%2Fv2%2Ftags&post=19608"}],"curies":[{"name":"wp","href":"https:\/\/api.w.org\/{rel}","templated":true}]}}