{"id":1965,"date":"2016-11-26T07:41:04","date_gmt":"2016-11-26T07:41:04","guid":{"rendered":"https:\/\/laprensacristiana.com\/?p=1965"},"modified":"2020-07-02T01:28:38","modified_gmt":"2020-07-02T01:28:38","slug":"barak-en-conferencia-de-prensa","status":"publish","type":"post","link":"https:\/\/laprensacristiana.com\/?p=1965","title":{"rendered":"Barak en conferencia de prensa"},"content":{"rendered":"<p>Barak, una banda musical que se presentar\u00e1 en nuestro pa\u00eds.<\/p>\n<p>La banda conformada por tres chicos dominicanos, est\u00e1 en el territorio salvadore\u00f1o, para hacer vibrar el escenario del Estadio M\u00e1gico Gonz\u00e1lez, con sus melod\u00edas \u00fanicas hoy a las 4:00 p. m.<\/p>\n<p>Ellos compartieron lo que significa una generaci\u00f3n radical (su\u00a0 m\u00e1s reciente producci\u00f3n), mencionan que todo es parte de una generaci\u00f3n que no pierde sus principios, sino que pelea por ellos,\u00a0 adem\u00e1s de plasmar una generaci\u00f3n postrada a los pies del Se\u00f1or.<\/p>\n<p>De las situaciones que m\u00e1s ha reflejado su p\u00fablico, es el hecho de ver j\u00f3venes convertirse, arrodillarse en medio de las dificultades y ver como entregan su coraz\u00f3n, es parte de la satisfacci\u00f3n que les ha dejado.<img decoding=\"async\" loading=\"lazy\" class=\"size-medium wp-image-1967 alignright\" src=\"https:\/\/laprensacristiana.com\/wp-content\/uploads\/2016\/11\/IMG_0754-300x225.jpg\" alt=\"IMG_0754\" width=\"300\" height=\"225\" srcset=\"https:\/\/laprensacristiana.com\/wp-content\/uploads\/2016\/11\/IMG_0754-300x225.jpg 300w, https:\/\/laprensacristiana.com\/wp-content\/uploads\/2016\/11\/IMG_0754-600x450.jpg 600w, https:\/\/laprensacristiana.com\/wp-content\/uploads\/2016\/11\/IMG_0754-768x576.jpg 768w, https:\/\/laprensacristiana.com\/wp-content\/uploads\/2016\/11\/IMG_0754-1024x768.jpg 1024w, https:\/\/laprensacristiana.com\/wp-content\/uploads\/2016\/11\/IMG_0754-80x60.jpg 80w, https:\/\/laprensacristiana.com\/wp-content\/uploads\/2016\/11\/IMG_0754-265x198.jpg 265w, https:\/\/laprensacristiana.com\/wp-content\/uploads\/2016\/11\/IMG_0754-696x522.jpg 696w, https:\/\/laprensacristiana.com\/wp-content\/uploads\/2016\/11\/IMG_0754-1068x801.jpg 1068w, https:\/\/laprensacristiana.com\/wp-content\/uploads\/2016\/11\/IMG_0754-560x420.jpg 560w\" sizes=\"(max-width: 300px) 100vw, 300px\" \/><\/p>\n<p><em>\u201cHemos visto que a los j\u00f3venes, para que se queden en la iglesia hay que entretenerlos mucho y hacer cultos especiales; lo que estamos haciendo con generaci\u00f3n\u00a0 radical es llegar a aquel que no le importa nada solo Jes\u00fas y a que a pesar de los cambios mantengan sus pies en Cristo\u201d.<\/em> Expresaron.<\/p>\n","protected":false},"excerpt":{"rendered":"<p>Barak, una banda musical que se presentar\u00e1 en nuestro pa\u00eds. La banda conformada por tres chicos dominicanos, est\u00e1 en el territorio salvadore\u00f1o, para hacer vibrar el escenario del Estadio M\u00e1gico Gonz\u00e1lez, con sus melod\u00edas \u00fanicas hoy a las 4:00 p. m. Ellos compartieron lo que significa una generaci\u00f3n radical (su\u00a0 m\u00e1s reciente producci\u00f3n), mencionan que [&hellip;]<\/p>\n","protected":false},"author":3,"featured_media":1966,"comment_status":"open","ping_status":"open","sticky":false,"template":"","format":"standard","meta":[],"categories":[101],"tags":[],"yoast_head":"<!-- This site is optimized with the Yoast SEO plugin v20.8 - https:\/\/yoast.com\/wordpress\/plugins\/seo\/ -->\n<title>Barak en conferencia de prensa - La Prensa Cristiana<\/title>\n<meta name=\"robots\" content=\"index, follow, max-snippet:-1, max-image-preview:large, max-video-preview:-1\" \/>\n<link rel=\"canonical\" href=\"https:\/\/laprensacristiana.com\/?p=1965\" \/>\n<meta property=\"og:locale\" content=\"es_ES\" \/>\n<meta property=\"og:type\" content=\"article\" \/>\n<meta property=\"og:title\" content=\"Barak en conferencia de prensa - La Prensa Cristiana\" \/>\n<meta property=\"og:description\" content=\"Barak, una banda musical que se presentar\u00e1 en nuestro pa\u00eds. La banda conformada por tres chicos dominicanos, est\u00e1 en el territorio salvadore\u00f1o, para hacer vibrar el escenario del Estadio M\u00e1gico Gonz\u00e1lez, con sus melod\u00edas \u00fanicas hoy a las 4:00 p. m. Ellos compartieron lo que significa una generaci\u00f3n radical (su\u00a0 m\u00e1s reciente producci\u00f3n), mencionan que [&hellip;]\" \/>\n<meta property=\"og:url\" content=\"https:\/\/laprensacristiana.com\/?p=1965\" \/>\n<meta property=\"og:site_name\" content=\"La Prensa Cristiana\" \/>\n<meta property=\"article:published_time\" content=\"2016-11-26T07:41:04+00:00\" \/>\n<meta property=\"article:modified_time\" content=\"2020-07-02T01:28:38+00:00\" \/>\n<meta property=\"og:image\" content=\"https:\/\/laprensacristiana.com\/wp-content\/uploads\/2016\/11\/IMG_0755-scaled.jpg\" \/>\n\t<meta property=\"og:image:width\" content=\"2560\" \/>\n\t<meta property=\"og:image:height\" content=\"1920\" \/>\n\t<meta property=\"og:image:type\" content=\"image\/jpeg\" \/>\n<meta name=\"author\" content=\"EDITOR\" \/>\n<meta name=\"twitter:card\" content=\"summary_large_image\" \/>\n<meta name=\"twitter:label1\" content=\"Escrito por\" \/>\n\t<meta name=\"twitter:data1\" content=\"EDITOR\" \/>\n\t<meta name=\"twitter:label2\" content=\"Tiempo de lectura\" \/>\n\t<meta name=\"twitter:data2\" content=\"1 minuto\" \/>\n<script type=\"application\/ld+json\" class=\"yoast-schema-graph\">{\"@context\":\"https:\/\/schema.org\",\"@graph\":[{\"@type\":\"WebPage\",\"@id\":\"https:\/\/laprensacristiana.com\/?p=1965\",\"url\":\"https:\/\/laprensacristiana.com\/?p=1965\",\"name\":\"Barak en conferencia de prensa - La Prensa Cristiana\",\"isPartOf\":{\"@id\":\"https:\/\/laprensacristiana.com\/#website\"},\"datePublished\":\"2016-11-26T07:41:04+00:00\",\"dateModified\":\"2020-07-02T01:28:38+00:00\",\"author\":{\"@id\":\"https:\/\/laprensacristiana.com\/#\/schema\/person\/3e7d82c6bfd6b1fa67010f8f7cd5256e\"},\"breadcrumb\":{\"@id\":\"https:\/\/laprensacristiana.com\/?p=1965#breadcrumb\"},\"inLanguage\":\"es\",\"potentialAction\":[{\"@type\":\"ReadAction\",\"target\":[\"https:\/\/laprensacristiana.com\/?p=1965\"]}]},{\"@type\":\"BreadcrumbList\",\"@id\":\"https:\/\/laprensacristiana.com\/?p=1965#breadcrumb\",\"itemListElement\":[{\"@type\":\"ListItem\",\"position\":1,\"name\":\"Portada\",\"item\":\"https:\/\/laprensacristiana.com\/\"},{\"@type\":\"ListItem\",\"position\":2,\"name\":\"Barak en conferencia de prensa\"}]},{\"@type\":\"WebSite\",\"@id\":\"https:\/\/laprensacristiana.com\/#website\",\"url\":\"https:\/\/laprensacristiana.com\/\",\"name\":\"La Prensa Cristiana\",\"description\":\"Anunciando Las Buenas Nuevas\",\"potentialAction\":[{\"@type\":\"SearchAction\",\"target\":{\"@type\":\"EntryPoint\",\"urlTemplate\":\"https:\/\/laprensacristiana.com\/?s={search_term_string}\"},\"query-input\":\"required name=search_term_string\"}],\"inLanguage\":\"es\"},{\"@type\":\"Person\",\"@id\":\"https:\/\/laprensacristiana.com\/#\/schema\/person\/3e7d82c6bfd6b1fa67010f8f7cd5256e\",\"name\":\"EDITOR\",\"image\":{\"@type\":\"ImageObject\",\"inLanguage\":\"es\",\"@id\":\"https:\/\/laprensacristiana.com\/#\/schema\/person\/image\/\",\"url\":\"https:\/\/secure.gravatar.com\/avatar\/72069dfb6c13772d9e8381e3638666d2?s=96&d=mm&r=g\",\"contentUrl\":\"https:\/\/secure.gravatar.com\/avatar\/72069dfb6c13772d9e8381e3638666d2?s=96&d=mm&r=g\",\"caption\":\"EDITOR\"},\"url\":\"https:\/\/laprensacristiana.com\/?author=3\"}]}<\/script>\n<!-- \/ Yoast SEO plugin. -->","yoast_head_json":{"title":"Barak en conferencia de prensa - La Prensa Cristiana","robots":{"index":"index","follow":"follow","max-snippet":"max-snippet:-1","max-image-preview":"max-image-preview:large","max-video-preview":"max-video-preview:-1"},"canonical":"https:\/\/laprensacristiana.com\/?p=1965","og_locale":"es_ES","og_type":"article","og_title":"Barak en conferencia de prensa - La Prensa Cristiana","og_description":"Barak, una banda musical que se presentar\u00e1 en nuestro pa\u00eds. La banda conformada por tres chicos dominicanos, est\u00e1 en el territorio salvadore\u00f1o, para hacer vibrar el escenario del Estadio M\u00e1gico Gonz\u00e1lez, con sus melod\u00edas \u00fanicas hoy a las 4:00 p. m. Ellos compartieron lo que significa una generaci\u00f3n radical (su\u00a0 m\u00e1s reciente producci\u00f3n), mencionan que [&hellip;]","og_url":"https:\/\/laprensacristiana.com\/?p=1965","og_site_name":"La Prensa Cristiana","article_published_time":"2016-11-26T07:41:04+00:00","article_modified_time":"2020-07-02T01:28:38+00:00","og_image":[{"width":2560,"height":1920,"url":"https:\/\/laprensacristiana.com\/wp-content\/uploads\/2016\/11\/IMG_0755-scaled.jpg","type":"image\/jpeg"}],"author":"EDITOR","twitter_card":"summary_large_image","twitter_misc":{"Escrito por":"EDITOR","Tiempo de lectura":"1 minuto"},"schema":{"@context":"https:\/\/schema.org","@graph":[{"@type":"WebPage","@id":"https:\/\/laprensacristiana.com\/?p=1965","url":"https:\/\/laprensacristiana.com\/?p=1965","name":"Barak en conferencia de prensa - La Prensa Cristiana","isPartOf":{"@id":"https:\/\/laprensacristiana.com\/#website"},"datePublished":"2016-11-26T07:41:04+00:00","dateModified":"2020-07-02T01:28:38+00:00","author":{"@id":"https:\/\/laprensacristiana.com\/#\/schema\/person\/3e7d82c6bfd6b1fa67010f8f7cd5256e"},"breadcrumb":{"@id":"https:\/\/laprensacristiana.com\/?p=1965#breadcrumb"},"inLanguage":"es","potentialAction":[{"@type":"ReadAction","target":["https:\/\/laprensacristiana.com\/?p=1965"]}]},{"@type":"BreadcrumbList","@id":"https:\/\/laprensacristiana.com\/?p=1965#breadcrumb","itemListElement":[{"@type":"ListItem","position":1,"name":"Portada","item":"https:\/\/laprensacristiana.com\/"},{"@type":"ListItem","position":2,"name":"Barak en conferencia de prensa"}]},{"@type":"WebSite","@id":"https:\/\/laprensacristiana.com\/#website","url":"https:\/\/laprensacristiana.com\/","name":"La Prensa Cristiana","description":"Anunciando Las Buenas Nuevas","potentialAction":[{"@type":"SearchAction","target":{"@type":"EntryPoint","urlTemplate":"https:\/\/laprensacristiana.com\/?s={search_term_string}"},"query-input":"required name=search_term_string"}],"inLanguage":"es"},{"@type":"Person","@id":"https:\/\/laprensacristiana.com\/#\/schema\/person\/3e7d82c6bfd6b1fa67010f8f7cd5256e","name":"EDITOR","image":{"@type":"ImageObject","inLanguage":"es","@id":"https:\/\/laprensacristiana.com\/#\/schema\/person\/image\/","url":"https:\/\/secure.gravatar.com\/avatar\/72069dfb6c13772d9e8381e3638666d2?s=96&d=mm&r=g","contentUrl":"https:\/\/secure.gravatar.com\/avatar\/72069dfb6c13772d9e8381e3638666d2?s=96&d=mm&r=g","caption":"EDITOR"},"url":"https:\/\/laprensacristiana.com\/?author=3"}]}},"_links":{"self":[{"href":"https:\/\/laprensacristiana.com\/index.php?rest_route=\/wp\/v2\/posts\/1965"}],"collection":[{"href":"https:\/\/laprensacristiana.com\/index.php?rest_route=\/wp\/v2\/posts"}],"about":[{"href":"https:\/\/laprensacristiana.com\/index.php?rest_route=\/wp\/v2\/types\/post"}],"author":[{"embeddable":true,"href":"https:\/\/laprensacristiana.com\/index.php?rest_route=\/wp\/v2\/users\/3"}],"replies":[{"embeddable":true,"href":"https:\/\/laprensacristiana.com\/index.php?rest_route=%2Fwp%2Fv2%2Fcomments&post=1965"}],"version-history":[{"count":1,"href":"https:\/\/laprensacristiana.com\/index.php?rest_route=\/wp\/v2\/posts\/1965\/revisions"}],"predecessor-version":[{"id":1968,"href":"https:\/\/laprensacristiana.com\/index.php?rest_route=\/wp\/v2\/posts\/1965\/revisions\/1968"}],"wp:featuredmedia":[{"embeddable":true,"href":"https:\/\/laprensacristiana.com\/index.php?rest_route=\/wp\/v2\/media\/1966"}],"wp:attachment":[{"href":"https:\/\/laprensacristiana.com\/index.php?rest_route=%2Fwp%2Fv2%2Fmedia&parent=1965"}],"wp:term":[{"taxonomy":"category","embeddable":true,"href":"https:\/\/laprensacristiana.com\/index.php?rest_route=%2Fwp%2Fv2%2Fcategories&post=1965"},{"taxonomy":"post_tag","embeddable":true,"href":"https:\/\/laprensacristiana.com\/index.php?rest_route=%2Fwp%2Fv2%2Ftags&post=1965"}],"curies":[{"name":"wp","href":"https:\/\/api.w.org\/{rel}","templated":true}]}}