{"id":1989,"date":"2016-12-02T21:27:20","date_gmt":"2016-12-02T21:27:20","guid":{"rendered":"https:\/\/laprensacristiana.com\/?p=1989"},"modified":"2016-12-19T22:01:53","modified_gmt":"2016-12-19T22:01:53","slug":"se-fijara-dios-en-nuestro-exterior-mas-que-nuestro-interior","status":"publish","type":"post","link":"https:\/\/laprensacristiana.com\/?p=1989","title":{"rendered":"\u00bfSe fijar\u00e1 Dios en nuestro exterior m\u00e1s que nuestro interior?"},"content":{"rendered":"<p>Por: Marielos Salinas<\/p>\n<p>\u00bfSe fijar\u00e1 Dios en nuestro exterior m\u00e1s que nuestro interior?<\/p>\n<p>D\u00e9jame decirte que muchas veces Dios est\u00e1 m\u00e1s interesado en nuestro hombre Interior que en el exterior; ya que \u00e9l se fija m\u00e1s en el \u201cCoraz\u00f3n\u201d es por ello que debemos cuidarlo del dolor, del rencor, del resentimiento, la falta de perd\u00f3n. Porque todo esto contamina nuestro ser Interior.<\/p>\n<p>Pero esto no quiere decir que no debemos cuidar nuestro exterior tambi\u00e9n; que quiere decir esto, si eres un verdadero hijo de Dios debes de cuidar tambi\u00e9n tu forma de vestir, tu forma de hablar, y de expresarte; Ya que muchos hoy en d\u00eda se olvidan de esto, es de suma importancia, debemos de ser un buen testimonio para la humanidad; por que no se trata solo de decir: \u00a1Soy Cristiano!\u00a0 Asisto a una determinada iglesia, cuando tu coraz\u00f3n y tus pensamientos est\u00e1n lejos de Dios; y tu forma de actuar, de expresarte y de vestir dejan mucho que decir; debemos \u201cEstar firmes, sometidos, y caminando en la Obediencia de la palabra de Dios\u201d.<\/p>\n<p>En 1\u00ba Pedro 3:3-4 dice \u201cVuestro atav\u00edo no sea el externo de peinados ostentosos, de adornos de oro o de vestidos lujosos, sino el interno, el del coraz\u00f3n, en el incorruptible ornato de un esp\u00edritu afable y aplicable; que es el de grande estima delante de Dios\u201d.<\/p>\n<p>Debemos cuidar nuestro coraz\u00f3n como lo dice en Proverbios 4:23 \u201cSobre toda cosa guardada, guarda tu coraz\u00f3n porque de el mana la vida\u201d. Cuando dice \u201cMana\u201d la vida, la palabra mana significa brotar, salir, fluir, es decir que debemos dejar que brote amor, sinceridad, integridad etc, y salir significa que debemos dejar que salga el ego\u00edsmo, el rencor, la envidia, la falta de perd\u00f3n, la falta de amor, etc.<\/p>\n<p>Jes\u00fas dijo en una par\u00e1bola: Nada hay fuera del hombre que entre en \u00e9l, que le pueda contaminar; Pero lo que sale de el eso es lo que contamina al hombre; que\u00a0 quiere decir esto que debemos tener cuidado con lo que decimos con lo que sale de nuestra boca.<\/p>\n<p>Es por ello que nuestro coraz\u00f3n necesita ser \u201cTRANSFORMADO\u201d; y muchos nos preguntamos \u00bfY C\u00f3mo? Tu Coraz\u00f3n es trasformado cuando no se opone a lo de Dios; cuando es obediente y cuando te hablo de Obediencia me refiero a guardar \u201cLos diez mandamientos\u201d En Proverbios 4:20-22 dice: \u201cHijo m\u00edo, est\u00e1 atento a mis palabras; inclina tu o\u00eddo a mis razones. No se aparten de tus ojos; gu\u00e1rdalas en medio de tu coraz\u00f3n; Porque son vida a los que hayan, y medicina a todo su cuerpo\u201d.<\/p>\n<p>Es decir obedecer\u00a0 su palabra, de tal manera que cambie tus acciones externas.<\/p>\n<p>&nbsp;<\/p>\n<p>&nbsp;<\/p>\n<p>&nbsp;<\/p>\n","protected":false},"excerpt":{"rendered":"<p>Por: Marielos Salinas \u00bfSe fijar\u00e1 Dios en nuestro exterior m\u00e1s que nuestro interior? D\u00e9jame decirte que muchas veces Dios est\u00e1 m\u00e1s interesado en nuestro hombre Interior que en el exterior; ya que \u00e9l se fija m\u00e1s en el \u201cCoraz\u00f3n\u201d es por ello que debemos cuidarlo del dolor, del rencor, del resentimiento, la falta de perd\u00f3n. [&hellip;]<\/p>\n","protected":false},"author":3,"featured_media":1836,"comment_status":"open","ping_status":"open","sticky":false,"template":"","format":"standard","meta":[],"categories":[36],"tags":[],"yoast_head":"<!-- This site is optimized with the Yoast SEO plugin v20.8 - https:\/\/yoast.com\/wordpress\/plugins\/seo\/ -->\n<title>\u00bfSe fijar\u00e1 Dios en nuestro exterior m\u00e1s que nuestro interior? - La Prensa Cristiana<\/title>\n<meta name=\"robots\" content=\"index, follow, max-snippet:-1, max-image-preview:large, max-video-preview:-1\" \/>\n<link rel=\"canonical\" href=\"https:\/\/laprensacristiana.com\/?p=1989\" \/>\n<meta property=\"og:locale\" content=\"es_ES\" \/>\n<meta property=\"og:type\" content=\"article\" \/>\n<meta property=\"og:title\" content=\"\u00bfSe fijar\u00e1 Dios en nuestro exterior m\u00e1s que nuestro interior? - La Prensa Cristiana\" \/>\n<meta property=\"og:description\" content=\"Por: Marielos Salinas \u00bfSe fijar\u00e1 Dios en nuestro exterior m\u00e1s que nuestro interior? D\u00e9jame decirte que muchas veces Dios est\u00e1 m\u00e1s interesado en nuestro hombre Interior que en el exterior; ya que \u00e9l se fija m\u00e1s en el \u201cCoraz\u00f3n\u201d es por ello que debemos cuidarlo del dolor, del rencor, del resentimiento, la falta de perd\u00f3n. [&hellip;]\" \/>\n<meta property=\"og:url\" content=\"https:\/\/laprensacristiana.com\/?p=1989\" \/>\n<meta property=\"og:site_name\" content=\"La Prensa Cristiana\" \/>\n<meta property=\"article:published_time\" content=\"2016-12-02T21:27:20+00:00\" \/>\n<meta property=\"article:modified_time\" content=\"2016-12-19T22:01:53+00:00\" \/>\n<meta property=\"og:image\" content=\"https:\/\/laprensacristiana.com\/wp-content\/uploads\/2016\/11\/REFLEXION-MARIELOS-SALINAS-01-scaled.jpg\" \/>\n\t<meta property=\"og:image:width\" content=\"2560\" \/>\n\t<meta property=\"og:image:height\" content=\"1429\" \/>\n\t<meta property=\"og:image:type\" content=\"image\/jpeg\" \/>\n<meta name=\"author\" content=\"EDITOR\" \/>\n<meta name=\"twitter:card\" content=\"summary_large_image\" \/>\n<meta name=\"twitter:label1\" content=\"Escrito por\" \/>\n\t<meta name=\"twitter:data1\" content=\"EDITOR\" \/>\n\t<meta name=\"twitter:label2\" content=\"Tiempo de lectura\" \/>\n\t<meta name=\"twitter:data2\" content=\"2 minutos\" \/>\n<script type=\"application\/ld+json\" class=\"yoast-schema-graph\">{\"@context\":\"https:\/\/schema.org\",\"@graph\":[{\"@type\":\"WebPage\",\"@id\":\"https:\/\/laprensacristiana.com\/?p=1989\",\"url\":\"https:\/\/laprensacristiana.com\/?p=1989\",\"name\":\"\u00bfSe fijar\u00e1 Dios en nuestro exterior m\u00e1s que nuestro interior? - La Prensa Cristiana\",\"isPartOf\":{\"@id\":\"https:\/\/laprensacristiana.com\/#website\"},\"datePublished\":\"2016-12-02T21:27:20+00:00\",\"dateModified\":\"2016-12-19T22:01:53+00:00\",\"author\":{\"@id\":\"https:\/\/laprensacristiana.com\/#\/schema\/person\/3e7d82c6bfd6b1fa67010f8f7cd5256e\"},\"breadcrumb\":{\"@id\":\"https:\/\/laprensacristiana.com\/?p=1989#breadcrumb\"},\"inLanguage\":\"es\",\"potentialAction\":[{\"@type\":\"ReadAction\",\"target\":[\"https:\/\/laprensacristiana.com\/?p=1989\"]}]},{\"@type\":\"BreadcrumbList\",\"@id\":\"https:\/\/laprensacristiana.com\/?p=1989#breadcrumb\",\"itemListElement\":[{\"@type\":\"ListItem\",\"position\":1,\"name\":\"Portada\",\"item\":\"https:\/\/laprensacristiana.com\/\"},{\"@type\":\"ListItem\",\"position\":2,\"name\":\"\u00bfSe fijar\u00e1 Dios en nuestro exterior m\u00e1s que nuestro interior?\"}]},{\"@type\":\"WebSite\",\"@id\":\"https:\/\/laprensacristiana.com\/#website\",\"url\":\"https:\/\/laprensacristiana.com\/\",\"name\":\"La Prensa Cristiana\",\"description\":\"Anunciando Las Buenas Nuevas\",\"potentialAction\":[{\"@type\":\"SearchAction\",\"target\":{\"@type\":\"EntryPoint\",\"urlTemplate\":\"https:\/\/laprensacristiana.com\/?s={search_term_string}\"},\"query-input\":\"required name=search_term_string\"}],\"inLanguage\":\"es\"},{\"@type\":\"Person\",\"@id\":\"https:\/\/laprensacristiana.com\/#\/schema\/person\/3e7d82c6bfd6b1fa67010f8f7cd5256e\",\"name\":\"EDITOR\",\"image\":{\"@type\":\"ImageObject\",\"inLanguage\":\"es\",\"@id\":\"https:\/\/laprensacristiana.com\/#\/schema\/person\/image\/\",\"url\":\"https:\/\/secure.gravatar.com\/avatar\/72069dfb6c13772d9e8381e3638666d2?s=96&d=mm&r=g\",\"contentUrl\":\"https:\/\/secure.gravatar.com\/avatar\/72069dfb6c13772d9e8381e3638666d2?s=96&d=mm&r=g\",\"caption\":\"EDITOR\"},\"url\":\"https:\/\/laprensacristiana.com\/?author=3\"}]}<\/script>\n<!-- \/ Yoast SEO plugin. -->","yoast_head_json":{"title":"\u00bfSe fijar\u00e1 Dios en nuestro exterior m\u00e1s que nuestro interior? - La Prensa Cristiana","robots":{"index":"index","follow":"follow","max-snippet":"max-snippet:-1","max-image-preview":"max-image-preview:large","max-video-preview":"max-video-preview:-1"},"canonical":"https:\/\/laprensacristiana.com\/?p=1989","og_locale":"es_ES","og_type":"article","og_title":"\u00bfSe fijar\u00e1 Dios en nuestro exterior m\u00e1s que nuestro interior? - La Prensa Cristiana","og_description":"Por: Marielos Salinas \u00bfSe fijar\u00e1 Dios en nuestro exterior m\u00e1s que nuestro interior? D\u00e9jame decirte que muchas veces Dios est\u00e1 m\u00e1s interesado en nuestro hombre Interior que en el exterior; ya que \u00e9l se fija m\u00e1s en el \u201cCoraz\u00f3n\u201d es por ello que debemos cuidarlo del dolor, del rencor, del resentimiento, la falta de perd\u00f3n. [&hellip;]","og_url":"https:\/\/laprensacristiana.com\/?p=1989","og_site_name":"La Prensa Cristiana","article_published_time":"2016-12-02T21:27:20+00:00","article_modified_time":"2016-12-19T22:01:53+00:00","og_image":[{"width":2560,"height":1429,"url":"https:\/\/laprensacristiana.com\/wp-content\/uploads\/2016\/11\/REFLEXION-MARIELOS-SALINAS-01-scaled.jpg","type":"image\/jpeg"}],"author":"EDITOR","twitter_card":"summary_large_image","twitter_misc":{"Escrito por":"EDITOR","Tiempo de lectura":"2 minutos"},"schema":{"@context":"https:\/\/schema.org","@graph":[{"@type":"WebPage","@id":"https:\/\/laprensacristiana.com\/?p=1989","url":"https:\/\/laprensacristiana.com\/?p=1989","name":"\u00bfSe fijar\u00e1 Dios en nuestro exterior m\u00e1s que nuestro interior? - La Prensa Cristiana","isPartOf":{"@id":"https:\/\/laprensacristiana.com\/#website"},"datePublished":"2016-12-02T21:27:20+00:00","dateModified":"2016-12-19T22:01:53+00:00","author":{"@id":"https:\/\/laprensacristiana.com\/#\/schema\/person\/3e7d82c6bfd6b1fa67010f8f7cd5256e"},"breadcrumb":{"@id":"https:\/\/laprensacristiana.com\/?p=1989#breadcrumb"},"inLanguage":"es","potentialAction":[{"@type":"ReadAction","target":["https:\/\/laprensacristiana.com\/?p=1989"]}]},{"@type":"BreadcrumbList","@id":"https:\/\/laprensacristiana.com\/?p=1989#breadcrumb","itemListElement":[{"@type":"ListItem","position":1,"name":"Portada","item":"https:\/\/laprensacristiana.com\/"},{"@type":"ListItem","position":2,"name":"\u00bfSe fijar\u00e1 Dios en nuestro exterior m\u00e1s que nuestro interior?"}]},{"@type":"WebSite","@id":"https:\/\/laprensacristiana.com\/#website","url":"https:\/\/laprensacristiana.com\/","name":"La Prensa Cristiana","description":"Anunciando Las Buenas Nuevas","potentialAction":[{"@type":"SearchAction","target":{"@type":"EntryPoint","urlTemplate":"https:\/\/laprensacristiana.com\/?s={search_term_string}"},"query-input":"required name=search_term_string"}],"inLanguage":"es"},{"@type":"Person","@id":"https:\/\/laprensacristiana.com\/#\/schema\/person\/3e7d82c6bfd6b1fa67010f8f7cd5256e","name":"EDITOR","image":{"@type":"ImageObject","inLanguage":"es","@id":"https:\/\/laprensacristiana.com\/#\/schema\/person\/image\/","url":"https:\/\/secure.gravatar.com\/avatar\/72069dfb6c13772d9e8381e3638666d2?s=96&d=mm&r=g","contentUrl":"https:\/\/secure.gravatar.com\/avatar\/72069dfb6c13772d9e8381e3638666d2?s=96&d=mm&r=g","caption":"EDITOR"},"url":"https:\/\/laprensacristiana.com\/?author=3"}]}},"_links":{"self":[{"href":"https:\/\/laprensacristiana.com\/index.php?rest_route=\/wp\/v2\/posts\/1989"}],"collection":[{"href":"https:\/\/laprensacristiana.com\/index.php?rest_route=\/wp\/v2\/posts"}],"about":[{"href":"https:\/\/laprensacristiana.com\/index.php?rest_route=\/wp\/v2\/types\/post"}],"author":[{"embeddable":true,"href":"https:\/\/laprensacristiana.com\/index.php?rest_route=\/wp\/v2\/users\/3"}],"replies":[{"embeddable":true,"href":"https:\/\/laprensacristiana.com\/index.php?rest_route=%2Fwp%2Fv2%2Fcomments&post=1989"}],"version-history":[{"count":3,"href":"https:\/\/laprensacristiana.com\/index.php?rest_route=\/wp\/v2\/posts\/1989\/revisions"}],"predecessor-version":[{"id":2090,"href":"https:\/\/laprensacristiana.com\/index.php?rest_route=\/wp\/v2\/posts\/1989\/revisions\/2090"}],"wp:featuredmedia":[{"embeddable":true,"href":"https:\/\/laprensacristiana.com\/index.php?rest_route=\/wp\/v2\/media\/1836"}],"wp:attachment":[{"href":"https:\/\/laprensacristiana.com\/index.php?rest_route=%2Fwp%2Fv2%2Fmedia&parent=1989"}],"wp:term":[{"taxonomy":"category","embeddable":true,"href":"https:\/\/laprensacristiana.com\/index.php?rest_route=%2Fwp%2Fv2%2Fcategories&post=1989"},{"taxonomy":"post_tag","embeddable":true,"href":"https:\/\/laprensacristiana.com\/index.php?rest_route=%2Fwp%2Fv2%2Ftags&post=1989"}],"curies":[{"name":"wp","href":"https:\/\/api.w.org\/{rel}","templated":true}]}}