{"id":2004,"date":"2016-12-05T22:58:26","date_gmt":"2016-12-05T22:58:26","guid":{"rendered":"https:\/\/laprensacristiana.com\/?p=2004"},"modified":"2020-07-02T01:27:20","modified_gmt":"2020-07-02T01:27:20","slug":"los-ex-%c2%acalumnos-se-dieron-cita","status":"publish","type":"post","link":"https:\/\/laprensacristiana.com\/?p=2004","title":{"rendered":"Los Ex-alumnos se dieron cita"},"content":{"rendered":"<p>La tarde del s\u00e1bado 3 de diciembre, \u00a0los ex-alumnos de los Liceos Reverendo Juan Bueno, se reunieron en celebraci\u00f3n de los 53 a\u00f1os del nacimiento de la instituci\u00f3n,\u00a0en las instalaciones del Liceo Central.<\/p>\n<figure id=\"attachment_2008\" aria-describedby=\"caption-attachment-2008\" style=\"width: 300px\" class=\"wp-caption aligncenter\"><img decoding=\"async\" loading=\"lazy\" class=\"size-medium wp-image-2008\" src=\"https:\/\/laprensacristiana.com\/wp-content\/uploads\/2016\/12\/LICEO-2-300x225.jpg\" alt=\"Mesa de honor de izquierda a derecha: Mois\u00e9s Ram\u00edrez, director general de los Liceos, Hno. Reverendo Juan Bueno y Vilma de Hueso, directora del Liceo Central.\" width=\"300\" height=\"225\" srcset=\"https:\/\/laprensacristiana.com\/wp-content\/uploads\/2016\/12\/LICEO-2-300x225.jpg 300w, https:\/\/laprensacristiana.com\/wp-content\/uploads\/2016\/12\/LICEO-2-600x450.jpg 600w, https:\/\/laprensacristiana.com\/wp-content\/uploads\/2016\/12\/LICEO-2-768x577.jpg 768w, https:\/\/laprensacristiana.com\/wp-content\/uploads\/2016\/12\/LICEO-2-80x60.jpg 80w, https:\/\/laprensacristiana.com\/wp-content\/uploads\/2016\/12\/LICEO-2-265x198.jpg 265w, https:\/\/laprensacristiana.com\/wp-content\/uploads\/2016\/12\/LICEO-2-696x523.jpg 696w, https:\/\/laprensacristiana.com\/wp-content\/uploads\/2016\/12\/LICEO-2-559x420.jpg 559w, https:\/\/laprensacristiana.com\/wp-content\/uploads\/2016\/12\/LICEO-2.jpg 955w\" sizes=\"(max-width: 300px) 100vw, 300px\" \/><figcaption id=\"caption-attachment-2008\" class=\"wp-caption-text\">Mesa de honor de izquierda a derecha: Mois\u00e9s Ram\u00edrez, director general de los Liceos, Hno. Reverendo Juan Bueno y Vilma de Hueso, directora del Liceo Central.<\/figcaption><\/figure>\n<p>Los alumnos y maestros que se dieron cita ese d\u00eda pertenecieron a distintos liceos en diferentes \u00e9pocas, actualmente unos ya son profesionales, grandes l\u00edderes evang\u00e9licos, padres de familia, etc.<\/p>\n<figure id=\"attachment_2006\" aria-describedby=\"caption-attachment-2006\" style=\"width: 168px\" class=\"wp-caption alignleft\"><img decoding=\"async\" loading=\"lazy\" class=\" wp-image-2006\" src=\"https:\/\/laprensacristiana.com\/wp-content\/uploads\/2016\/12\/REVDO-186x300.jpg\" alt=\"Hno. Reverendo Juan Bueno.\" width=\"168\" height=\"259\" \/><figcaption id=\"caption-attachment-2006\" class=\"wp-caption-text\">Hno. Reverendo Juan Bueno.<\/figcaption><\/figure>\n<p>Como invitado de honor, estuvo presente el fundador de los liceos, el Hno. Reverendo Juan Bueno quien expres\u00f3: \u201cEs una dicha haber trabajado tantos a\u00f1os para los j\u00f3venes y ver los frutos de hoy en d\u00eda\u201d. A\u00f1adi\u00f3 adem\u00e1s, que espera seguir en esa lucha de trabajar por la sociedad salvadore\u00f1a.<\/p>\n<p>&nbsp;<\/p>\n<p>&nbsp;<\/p>\n<p>&nbsp;<\/p>\n<p>&nbsp;<\/p>\n<figure id=\"attachment_2007\" aria-describedby=\"caption-attachment-2007\" style=\"width: 198px\" class=\"wp-caption alignright\"><img decoding=\"async\" loading=\"lazy\" class=\"size-medium wp-image-2007\" src=\"https:\/\/laprensacristiana.com\/wp-content\/uploads\/2016\/12\/LICEO-3-198x300.jpg\" alt=\"Mois\u00e9s Ram\u00edrez, director general de los Liceos.\" width=\"198\" height=\"300\" srcset=\"https:\/\/laprensacristiana.com\/wp-content\/uploads\/2016\/12\/LICEO-3-198x300.jpg 198w, https:\/\/laprensacristiana.com\/wp-content\/uploads\/2016\/12\/LICEO-3-600x908.jpg 600w, https:\/\/laprensacristiana.com\/wp-content\/uploads\/2016\/12\/LICEO-3-277x420.jpg 277w, https:\/\/laprensacristiana.com\/wp-content\/uploads\/2016\/12\/LICEO-3.jpg 673w\" sizes=\"(max-width: 198px) 100vw, 198px\" \/><figcaption id=\"caption-attachment-2007\" class=\"wp-caption-text\">Mois\u00e9s Ram\u00edrez, director general de los Liceos.<\/figcaption><\/figure>\n<p>Mois\u00e9s Ram\u00edrez, director general de los Liceos dijo:\u00a0<em>\u201cMe siento agradecido y complacido por la labor que hizo el Pastor Juan Bueno, y por el hecho de pertenecer a una de las m\u00e1s prestigiosas instituciones del pa\u00eds a nivel espiritual y acad\u00e9mico, ya que son precios accesibles a la poblaci\u00f3n<\/em>\u201d.<\/p>\n<figure id=\"attachment_2009\" aria-describedby=\"caption-attachment-2009\" style=\"width: 300px\" class=\"wp-caption aligncenter\"><img decoding=\"async\" loading=\"lazy\" class=\"size-medium wp-image-2009\" src=\"https:\/\/laprensacristiana.com\/wp-content\/uploads\/2016\/12\/LICEO-4-300x225.jpg\" alt=\"Parte de los ex-alumnos reunidos. \" width=\"300\" height=\"225\" srcset=\"https:\/\/laprensacristiana.com\/wp-content\/uploads\/2016\/12\/LICEO-4-300x225.jpg 300w, https:\/\/laprensacristiana.com\/wp-content\/uploads\/2016\/12\/LICEO-4-600x450.jpg 600w, https:\/\/laprensacristiana.com\/wp-content\/uploads\/2016\/12\/LICEO-4-768x577.jpg 768w, https:\/\/laprensacristiana.com\/wp-content\/uploads\/2016\/12\/LICEO-4-80x60.jpg 80w, https:\/\/laprensacristiana.com\/wp-content\/uploads\/2016\/12\/LICEO-4-265x198.jpg 265w, https:\/\/laprensacristiana.com\/wp-content\/uploads\/2016\/12\/LICEO-4-696x523.jpg 696w, https:\/\/laprensacristiana.com\/wp-content\/uploads\/2016\/12\/LICEO-4-559x420.jpg 559w, https:\/\/laprensacristiana.com\/wp-content\/uploads\/2016\/12\/LICEO-4.jpg 959w\" sizes=\"(max-width: 300px) 100vw, 300px\" \/><figcaption id=\"caption-attachment-2009\" class=\"wp-caption-text\">Parte de los ex-alumnos reunidos.<\/figcaption><\/figure>\n","protected":false},"excerpt":{"rendered":"<p>La tarde del s\u00e1bado 3 de diciembre, \u00a0los ex-alumnos de los Liceos Reverendo Juan Bueno, se reunieron en celebraci\u00f3n de los 53 a\u00f1os del nacimiento de la instituci\u00f3n,\u00a0en las instalaciones del Liceo Central. Los alumnos y maestros que se dieron cita ese d\u00eda pertenecieron a distintos liceos en diferentes \u00e9pocas, actualmente unos ya son profesionales, [&hellip;]<\/p>\n","protected":false},"author":3,"featured_media":2005,"comment_status":"open","ping_status":"open","sticky":false,"template":"","format":"standard","meta":[],"categories":[56],"tags":[],"yoast_head":"<!-- This site is optimized with the Yoast SEO plugin v20.8 - https:\/\/yoast.com\/wordpress\/plugins\/seo\/ -->\n<title>Los Ex-alumnos se dieron cita - La Prensa Cristiana<\/title>\n<meta name=\"robots\" content=\"index, follow, max-snippet:-1, max-image-preview:large, max-video-preview:-1\" \/>\n<link rel=\"canonical\" href=\"https:\/\/laprensacristiana.com\/?p=2004\" \/>\n<meta property=\"og:locale\" content=\"es_ES\" \/>\n<meta property=\"og:type\" content=\"article\" \/>\n<meta property=\"og:title\" content=\"Los Ex-alumnos se dieron cita - La Prensa Cristiana\" \/>\n<meta property=\"og:description\" content=\"La tarde del s\u00e1bado 3 de diciembre, \u00a0los ex-alumnos de los Liceos Reverendo Juan Bueno, se reunieron en celebraci\u00f3n de los 53 a\u00f1os del nacimiento de la instituci\u00f3n,\u00a0en las instalaciones del Liceo Central. Los alumnos y maestros que se dieron cita ese d\u00eda pertenecieron a distintos liceos en diferentes \u00e9pocas, actualmente unos ya son profesionales, [&hellip;]\" \/>\n<meta property=\"og:url\" content=\"https:\/\/laprensacristiana.com\/?p=2004\" \/>\n<meta property=\"og:site_name\" content=\"La Prensa Cristiana\" \/>\n<meta property=\"article:published_time\" content=\"2016-12-05T22:58:26+00:00\" \/>\n<meta property=\"article:modified_time\" content=\"2020-07-02T01:27:20+00:00\" \/>\n<meta property=\"og:image\" content=\"https:\/\/laprensacristiana.com\/wp-content\/uploads\/2016\/12\/LICEO-1.jpg\" \/>\n\t<meta property=\"og:image:width\" content=\"955\" \/>\n\t<meta property=\"og:image:height\" content=\"717\" \/>\n\t<meta property=\"og:image:type\" content=\"image\/jpeg\" \/>\n<meta name=\"author\" content=\"EDITOR\" \/>\n<meta name=\"twitter:card\" content=\"summary_large_image\" \/>\n<meta name=\"twitter:label1\" content=\"Escrito por\" \/>\n\t<meta name=\"twitter:data1\" content=\"EDITOR\" \/>\n\t<meta name=\"twitter:label2\" content=\"Tiempo de lectura\" \/>\n\t<meta name=\"twitter:data2\" content=\"1 minuto\" \/>\n<script type=\"application\/ld+json\" class=\"yoast-schema-graph\">{\"@context\":\"https:\/\/schema.org\",\"@graph\":[{\"@type\":\"WebPage\",\"@id\":\"https:\/\/laprensacristiana.com\/?p=2004\",\"url\":\"https:\/\/laprensacristiana.com\/?p=2004\",\"name\":\"Los Ex-alumnos se dieron cita - La Prensa Cristiana\",\"isPartOf\":{\"@id\":\"https:\/\/laprensacristiana.com\/#website\"},\"datePublished\":\"2016-12-05T22:58:26+00:00\",\"dateModified\":\"2020-07-02T01:27:20+00:00\",\"author\":{\"@id\":\"https:\/\/laprensacristiana.com\/#\/schema\/person\/3e7d82c6bfd6b1fa67010f8f7cd5256e\"},\"breadcrumb\":{\"@id\":\"https:\/\/laprensacristiana.com\/?p=2004#breadcrumb\"},\"inLanguage\":\"es\",\"potentialAction\":[{\"@type\":\"ReadAction\",\"target\":[\"https:\/\/laprensacristiana.com\/?p=2004\"]}]},{\"@type\":\"BreadcrumbList\",\"@id\":\"https:\/\/laprensacristiana.com\/?p=2004#breadcrumb\",\"itemListElement\":[{\"@type\":\"ListItem\",\"position\":1,\"name\":\"Portada\",\"item\":\"https:\/\/laprensacristiana.com\/\"},{\"@type\":\"ListItem\",\"position\":2,\"name\":\"Los Ex-alumnos se dieron cita\"}]},{\"@type\":\"WebSite\",\"@id\":\"https:\/\/laprensacristiana.com\/#website\",\"url\":\"https:\/\/laprensacristiana.com\/\",\"name\":\"La Prensa Cristiana\",\"description\":\"Anunciando Las Buenas Nuevas\",\"potentialAction\":[{\"@type\":\"SearchAction\",\"target\":{\"@type\":\"EntryPoint\",\"urlTemplate\":\"https:\/\/laprensacristiana.com\/?s={search_term_string}\"},\"query-input\":\"required name=search_term_string\"}],\"inLanguage\":\"es\"},{\"@type\":\"Person\",\"@id\":\"https:\/\/laprensacristiana.com\/#\/schema\/person\/3e7d82c6bfd6b1fa67010f8f7cd5256e\",\"name\":\"EDITOR\",\"image\":{\"@type\":\"ImageObject\",\"inLanguage\":\"es\",\"@id\":\"https:\/\/laprensacristiana.com\/#\/schema\/person\/image\/\",\"url\":\"https:\/\/secure.gravatar.com\/avatar\/72069dfb6c13772d9e8381e3638666d2?s=96&d=mm&r=g\",\"contentUrl\":\"https:\/\/secure.gravatar.com\/avatar\/72069dfb6c13772d9e8381e3638666d2?s=96&d=mm&r=g\",\"caption\":\"EDITOR\"},\"url\":\"https:\/\/laprensacristiana.com\/?author=3\"}]}<\/script>\n<!-- \/ Yoast SEO plugin. -->","yoast_head_json":{"title":"Los Ex-alumnos se dieron cita - La Prensa Cristiana","robots":{"index":"index","follow":"follow","max-snippet":"max-snippet:-1","max-image-preview":"max-image-preview:large","max-video-preview":"max-video-preview:-1"},"canonical":"https:\/\/laprensacristiana.com\/?p=2004","og_locale":"es_ES","og_type":"article","og_title":"Los Ex-alumnos se dieron cita - La Prensa Cristiana","og_description":"La tarde del s\u00e1bado 3 de diciembre, \u00a0los ex-alumnos de los Liceos Reverendo Juan Bueno, se reunieron en celebraci\u00f3n de los 53 a\u00f1os del nacimiento de la instituci\u00f3n,\u00a0en las instalaciones del Liceo Central. Los alumnos y maestros que se dieron cita ese d\u00eda pertenecieron a distintos liceos en diferentes \u00e9pocas, actualmente unos ya son profesionales, [&hellip;]","og_url":"https:\/\/laprensacristiana.com\/?p=2004","og_site_name":"La Prensa Cristiana","article_published_time":"2016-12-05T22:58:26+00:00","article_modified_time":"2020-07-02T01:27:20+00:00","og_image":[{"width":955,"height":717,"url":"https:\/\/laprensacristiana.com\/wp-content\/uploads\/2016\/12\/LICEO-1.jpg","type":"image\/jpeg"}],"author":"EDITOR","twitter_card":"summary_large_image","twitter_misc":{"Escrito por":"EDITOR","Tiempo de lectura":"1 minuto"},"schema":{"@context":"https:\/\/schema.org","@graph":[{"@type":"WebPage","@id":"https:\/\/laprensacristiana.com\/?p=2004","url":"https:\/\/laprensacristiana.com\/?p=2004","name":"Los Ex-alumnos se dieron cita - La Prensa Cristiana","isPartOf":{"@id":"https:\/\/laprensacristiana.com\/#website"},"datePublished":"2016-12-05T22:58:26+00:00","dateModified":"2020-07-02T01:27:20+00:00","author":{"@id":"https:\/\/laprensacristiana.com\/#\/schema\/person\/3e7d82c6bfd6b1fa67010f8f7cd5256e"},"breadcrumb":{"@id":"https:\/\/laprensacristiana.com\/?p=2004#breadcrumb"},"inLanguage":"es","potentialAction":[{"@type":"ReadAction","target":["https:\/\/laprensacristiana.com\/?p=2004"]}]},{"@type":"BreadcrumbList","@id":"https:\/\/laprensacristiana.com\/?p=2004#breadcrumb","itemListElement":[{"@type":"ListItem","position":1,"name":"Portada","item":"https:\/\/laprensacristiana.com\/"},{"@type":"ListItem","position":2,"name":"Los Ex-alumnos se dieron cita"}]},{"@type":"WebSite","@id":"https:\/\/laprensacristiana.com\/#website","url":"https:\/\/laprensacristiana.com\/","name":"La Prensa Cristiana","description":"Anunciando Las Buenas Nuevas","potentialAction":[{"@type":"SearchAction","target":{"@type":"EntryPoint","urlTemplate":"https:\/\/laprensacristiana.com\/?s={search_term_string}"},"query-input":"required name=search_term_string"}],"inLanguage":"es"},{"@type":"Person","@id":"https:\/\/laprensacristiana.com\/#\/schema\/person\/3e7d82c6bfd6b1fa67010f8f7cd5256e","name":"EDITOR","image":{"@type":"ImageObject","inLanguage":"es","@id":"https:\/\/laprensacristiana.com\/#\/schema\/person\/image\/","url":"https:\/\/secure.gravatar.com\/avatar\/72069dfb6c13772d9e8381e3638666d2?s=96&d=mm&r=g","contentUrl":"https:\/\/secure.gravatar.com\/avatar\/72069dfb6c13772d9e8381e3638666d2?s=96&d=mm&r=g","caption":"EDITOR"},"url":"https:\/\/laprensacristiana.com\/?author=3"}]}},"_links":{"self":[{"href":"https:\/\/laprensacristiana.com\/index.php?rest_route=\/wp\/v2\/posts\/2004"}],"collection":[{"href":"https:\/\/laprensacristiana.com\/index.php?rest_route=\/wp\/v2\/posts"}],"about":[{"href":"https:\/\/laprensacristiana.com\/index.php?rest_route=\/wp\/v2\/types\/post"}],"author":[{"embeddable":true,"href":"https:\/\/laprensacristiana.com\/index.php?rest_route=\/wp\/v2\/users\/3"}],"replies":[{"embeddable":true,"href":"https:\/\/laprensacristiana.com\/index.php?rest_route=%2Fwp%2Fv2%2Fcomments&post=2004"}],"version-history":[{"count":5,"href":"https:\/\/laprensacristiana.com\/index.php?rest_route=\/wp\/v2\/posts\/2004\/revisions"}],"predecessor-version":[{"id":2014,"href":"https:\/\/laprensacristiana.com\/index.php?rest_route=\/wp\/v2\/posts\/2004\/revisions\/2014"}],"wp:featuredmedia":[{"embeddable":true,"href":"https:\/\/laprensacristiana.com\/index.php?rest_route=\/wp\/v2\/media\/2005"}],"wp:attachment":[{"href":"https:\/\/laprensacristiana.com\/index.php?rest_route=%2Fwp%2Fv2%2Fmedia&parent=2004"}],"wp:term":[{"taxonomy":"category","embeddable":true,"href":"https:\/\/laprensacristiana.com\/index.php?rest_route=%2Fwp%2Fv2%2Fcategories&post=2004"},{"taxonomy":"post_tag","embeddable":true,"href":"https:\/\/laprensacristiana.com\/index.php?rest_route=%2Fwp%2Fv2%2Ftags&post=2004"}],"curies":[{"name":"wp","href":"https:\/\/api.w.org\/{rel}","templated":true}]}}