{"id":2028,"date":"2016-12-09T20:33:55","date_gmt":"2016-12-09T20:33:55","guid":{"rendered":"https:\/\/laprensacristiana.com\/?p=2028"},"modified":"2020-07-02T01:26:52","modified_gmt":"2020-07-02T01:26:52","slug":"mauro-ayala-lanzara-mas-que-una-cancion","status":"publish","type":"post","link":"https:\/\/laprensacristiana.com\/?p=2028","title":{"rendered":"Mauro Ayala, lanzar\u00e1 \u201cM\u00e1s que una canci\u00f3n\u201d"},"content":{"rendered":"<p>El cantautor, Mauro Ayala, lanzar\u00e1 su canci\u00f3n titulada \u201cM\u00e1s que una canci\u00f3n\u201d. En una vigilia el 16 de diciembre, en la Iglesia Cristiana Jes\u00fas El Buen Pastor Chalchuapa.<\/p>\n<p>Hace un par de a\u00f1os que \u00e9l se sent\u00f3 y empez\u00f3 a escribir, a un lado ten\u00eda su guitarra y dijo a tocar sus acordes favoritos y pens\u00f3 que lo \u00fanico que sal\u00eda de su boca eran las palabras \u201cVoy a\u00a0 darte algo m\u00e1s que mi canci\u00f3n\u201d y la grab\u00f3 en su tel\u00e9fono celular. Con el tiempo tuvo las oportunidad de cantarla en un devocional.<\/p>\n<p>Al pasar el tiempo tuvo la aceptaci\u00f3n de poder grabarla, esto para que el mensaje llegue a muchas personas y hacerles recordar que a Dios, no basta con darle una canci\u00f3n.<\/p>\n<p>\u00bfC\u00f3mo esperas que el p\u00fablico tome tu canci\u00f3n?<\/p>\n<p>\u00abQuisiera que tomar\u00e1n est\u00e1 canci\u00f3n como un lema de vida en el cual podamos entregar a Dios m\u00e1s que solo un deseo o una canci\u00f3n\u00bb.<\/p>\n<p>El nuevo material est\u00e1 disponible ya, en plataformas como: iTunes, Spotify, Deezer y Google Play.<\/p>\n<p>&nbsp;<\/p>\n","protected":false},"excerpt":{"rendered":"<p>El cantautor, Mauro Ayala, lanzar\u00e1 su canci\u00f3n titulada \u201cM\u00e1s que una canci\u00f3n\u201d. En una vigilia el 16 de diciembre, en la Iglesia Cristiana Jes\u00fas El Buen Pastor Chalchuapa. Hace un par de a\u00f1os que \u00e9l se sent\u00f3 y empez\u00f3 a escribir, a un lado ten\u00eda su guitarra y dijo a tocar sus acordes favoritos y [&hellip;]<\/p>\n","protected":false},"author":3,"featured_media":2029,"comment_status":"open","ping_status":"open","sticky":false,"template":"","format":"standard","meta":[],"categories":[101],"tags":[],"yoast_head":"<!-- This site is optimized with the Yoast SEO plugin v20.8 - https:\/\/yoast.com\/wordpress\/plugins\/seo\/ -->\n<title>Mauro Ayala, lanzar\u00e1 \u201cM\u00e1s que una canci\u00f3n\u201d - La Prensa Cristiana<\/title>\n<meta name=\"robots\" content=\"index, follow, max-snippet:-1, max-image-preview:large, max-video-preview:-1\" \/>\n<link rel=\"canonical\" href=\"https:\/\/laprensacristiana.com\/?p=2028\" \/>\n<meta property=\"og:locale\" content=\"es_ES\" \/>\n<meta property=\"og:type\" content=\"article\" \/>\n<meta property=\"og:title\" content=\"Mauro Ayala, lanzar\u00e1 \u201cM\u00e1s que una canci\u00f3n\u201d - La Prensa Cristiana\" \/>\n<meta property=\"og:description\" content=\"El cantautor, Mauro Ayala, lanzar\u00e1 su canci\u00f3n titulada \u201cM\u00e1s que una canci\u00f3n\u201d. En una vigilia el 16 de diciembre, en la Iglesia Cristiana Jes\u00fas El Buen Pastor Chalchuapa. Hace un par de a\u00f1os que \u00e9l se sent\u00f3 y empez\u00f3 a escribir, a un lado ten\u00eda su guitarra y dijo a tocar sus acordes favoritos y [&hellip;]\" \/>\n<meta property=\"og:url\" content=\"https:\/\/laprensacristiana.com\/?p=2028\" \/>\n<meta property=\"og:site_name\" content=\"La Prensa Cristiana\" \/>\n<meta property=\"article:published_time\" content=\"2016-12-09T20:33:55+00:00\" \/>\n<meta property=\"article:modified_time\" content=\"2020-07-02T01:26:52+00:00\" \/>\n<meta property=\"og:image\" content=\"https:\/\/laprensacristiana.com\/wp-content\/uploads\/2016\/12\/5e479748-9f38-4de5-824b-a381efc6fff6.jpg\" \/>\n\t<meta property=\"og:image:width\" content=\"1280\" \/>\n\t<meta property=\"og:image:height\" content=\"645\" \/>\n\t<meta property=\"og:image:type\" content=\"image\/jpeg\" \/>\n<meta name=\"author\" content=\"EDITOR\" \/>\n<meta name=\"twitter:card\" content=\"summary_large_image\" \/>\n<meta name=\"twitter:label1\" content=\"Escrito por\" \/>\n\t<meta name=\"twitter:data1\" content=\"EDITOR\" \/>\n\t<meta name=\"twitter:label2\" content=\"Tiempo de lectura\" \/>\n\t<meta name=\"twitter:data2\" content=\"1 minuto\" \/>\n<script type=\"application\/ld+json\" class=\"yoast-schema-graph\">{\"@context\":\"https:\/\/schema.org\",\"@graph\":[{\"@type\":\"WebPage\",\"@id\":\"https:\/\/laprensacristiana.com\/?p=2028\",\"url\":\"https:\/\/laprensacristiana.com\/?p=2028\",\"name\":\"Mauro Ayala, lanzar\u00e1 \u201cM\u00e1s que una canci\u00f3n\u201d - La Prensa Cristiana\",\"isPartOf\":{\"@id\":\"https:\/\/laprensacristiana.com\/#website\"},\"datePublished\":\"2016-12-09T20:33:55+00:00\",\"dateModified\":\"2020-07-02T01:26:52+00:00\",\"author\":{\"@id\":\"https:\/\/laprensacristiana.com\/#\/schema\/person\/3e7d82c6bfd6b1fa67010f8f7cd5256e\"},\"breadcrumb\":{\"@id\":\"https:\/\/laprensacristiana.com\/?p=2028#breadcrumb\"},\"inLanguage\":\"es\",\"potentialAction\":[{\"@type\":\"ReadAction\",\"target\":[\"https:\/\/laprensacristiana.com\/?p=2028\"]}]},{\"@type\":\"BreadcrumbList\",\"@id\":\"https:\/\/laprensacristiana.com\/?p=2028#breadcrumb\",\"itemListElement\":[{\"@type\":\"ListItem\",\"position\":1,\"name\":\"Portada\",\"item\":\"https:\/\/laprensacristiana.com\/\"},{\"@type\":\"ListItem\",\"position\":2,\"name\":\"Mauro Ayala, lanzar\u00e1 \u201cM\u00e1s que una canci\u00f3n\u201d\"}]},{\"@type\":\"WebSite\",\"@id\":\"https:\/\/laprensacristiana.com\/#website\",\"url\":\"https:\/\/laprensacristiana.com\/\",\"name\":\"La Prensa Cristiana\",\"description\":\"Anunciando Las Buenas Nuevas\",\"potentialAction\":[{\"@type\":\"SearchAction\",\"target\":{\"@type\":\"EntryPoint\",\"urlTemplate\":\"https:\/\/laprensacristiana.com\/?s={search_term_string}\"},\"query-input\":\"required name=search_term_string\"}],\"inLanguage\":\"es\"},{\"@type\":\"Person\",\"@id\":\"https:\/\/laprensacristiana.com\/#\/schema\/person\/3e7d82c6bfd6b1fa67010f8f7cd5256e\",\"name\":\"EDITOR\",\"image\":{\"@type\":\"ImageObject\",\"inLanguage\":\"es\",\"@id\":\"https:\/\/laprensacristiana.com\/#\/schema\/person\/image\/\",\"url\":\"https:\/\/secure.gravatar.com\/avatar\/72069dfb6c13772d9e8381e3638666d2?s=96&d=mm&r=g\",\"contentUrl\":\"https:\/\/secure.gravatar.com\/avatar\/72069dfb6c13772d9e8381e3638666d2?s=96&d=mm&r=g\",\"caption\":\"EDITOR\"},\"url\":\"https:\/\/laprensacristiana.com\/?author=3\"}]}<\/script>\n<!-- \/ Yoast SEO plugin. -->","yoast_head_json":{"title":"Mauro Ayala, lanzar\u00e1 \u201cM\u00e1s que una canci\u00f3n\u201d - La Prensa Cristiana","robots":{"index":"index","follow":"follow","max-snippet":"max-snippet:-1","max-image-preview":"max-image-preview:large","max-video-preview":"max-video-preview:-1"},"canonical":"https:\/\/laprensacristiana.com\/?p=2028","og_locale":"es_ES","og_type":"article","og_title":"Mauro Ayala, lanzar\u00e1 \u201cM\u00e1s que una canci\u00f3n\u201d - La Prensa Cristiana","og_description":"El cantautor, Mauro Ayala, lanzar\u00e1 su canci\u00f3n titulada \u201cM\u00e1s que una canci\u00f3n\u201d. En una vigilia el 16 de diciembre, en la Iglesia Cristiana Jes\u00fas El Buen Pastor Chalchuapa. Hace un par de a\u00f1os que \u00e9l se sent\u00f3 y empez\u00f3 a escribir, a un lado ten\u00eda su guitarra y dijo a tocar sus acordes favoritos y [&hellip;]","og_url":"https:\/\/laprensacristiana.com\/?p=2028","og_site_name":"La Prensa Cristiana","article_published_time":"2016-12-09T20:33:55+00:00","article_modified_time":"2020-07-02T01:26:52+00:00","og_image":[{"width":1280,"height":645,"url":"https:\/\/laprensacristiana.com\/wp-content\/uploads\/2016\/12\/5e479748-9f38-4de5-824b-a381efc6fff6.jpg","type":"image\/jpeg"}],"author":"EDITOR","twitter_card":"summary_large_image","twitter_misc":{"Escrito por":"EDITOR","Tiempo de lectura":"1 minuto"},"schema":{"@context":"https:\/\/schema.org","@graph":[{"@type":"WebPage","@id":"https:\/\/laprensacristiana.com\/?p=2028","url":"https:\/\/laprensacristiana.com\/?p=2028","name":"Mauro Ayala, lanzar\u00e1 \u201cM\u00e1s que una canci\u00f3n\u201d - La Prensa Cristiana","isPartOf":{"@id":"https:\/\/laprensacristiana.com\/#website"},"datePublished":"2016-12-09T20:33:55+00:00","dateModified":"2020-07-02T01:26:52+00:00","author":{"@id":"https:\/\/laprensacristiana.com\/#\/schema\/person\/3e7d82c6bfd6b1fa67010f8f7cd5256e"},"breadcrumb":{"@id":"https:\/\/laprensacristiana.com\/?p=2028#breadcrumb"},"inLanguage":"es","potentialAction":[{"@type":"ReadAction","target":["https:\/\/laprensacristiana.com\/?p=2028"]}]},{"@type":"BreadcrumbList","@id":"https:\/\/laprensacristiana.com\/?p=2028#breadcrumb","itemListElement":[{"@type":"ListItem","position":1,"name":"Portada","item":"https:\/\/laprensacristiana.com\/"},{"@type":"ListItem","position":2,"name":"Mauro Ayala, lanzar\u00e1 \u201cM\u00e1s que una canci\u00f3n\u201d"}]},{"@type":"WebSite","@id":"https:\/\/laprensacristiana.com\/#website","url":"https:\/\/laprensacristiana.com\/","name":"La Prensa Cristiana","description":"Anunciando Las Buenas Nuevas","potentialAction":[{"@type":"SearchAction","target":{"@type":"EntryPoint","urlTemplate":"https:\/\/laprensacristiana.com\/?s={search_term_string}"},"query-input":"required name=search_term_string"}],"inLanguage":"es"},{"@type":"Person","@id":"https:\/\/laprensacristiana.com\/#\/schema\/person\/3e7d82c6bfd6b1fa67010f8f7cd5256e","name":"EDITOR","image":{"@type":"ImageObject","inLanguage":"es","@id":"https:\/\/laprensacristiana.com\/#\/schema\/person\/image\/","url":"https:\/\/secure.gravatar.com\/avatar\/72069dfb6c13772d9e8381e3638666d2?s=96&d=mm&r=g","contentUrl":"https:\/\/secure.gravatar.com\/avatar\/72069dfb6c13772d9e8381e3638666d2?s=96&d=mm&r=g","caption":"EDITOR"},"url":"https:\/\/laprensacristiana.com\/?author=3"}]}},"_links":{"self":[{"href":"https:\/\/laprensacristiana.com\/index.php?rest_route=\/wp\/v2\/posts\/2028"}],"collection":[{"href":"https:\/\/laprensacristiana.com\/index.php?rest_route=\/wp\/v2\/posts"}],"about":[{"href":"https:\/\/laprensacristiana.com\/index.php?rest_route=\/wp\/v2\/types\/post"}],"author":[{"embeddable":true,"href":"https:\/\/laprensacristiana.com\/index.php?rest_route=\/wp\/v2\/users\/3"}],"replies":[{"embeddable":true,"href":"https:\/\/laprensacristiana.com\/index.php?rest_route=%2Fwp%2Fv2%2Fcomments&post=2028"}],"version-history":[{"count":2,"href":"https:\/\/laprensacristiana.com\/index.php?rest_route=\/wp\/v2\/posts\/2028\/revisions"}],"predecessor-version":[{"id":2031,"href":"https:\/\/laprensacristiana.com\/index.php?rest_route=\/wp\/v2\/posts\/2028\/revisions\/2031"}],"wp:featuredmedia":[{"embeddable":true,"href":"https:\/\/laprensacristiana.com\/index.php?rest_route=\/wp\/v2\/media\/2029"}],"wp:attachment":[{"href":"https:\/\/laprensacristiana.com\/index.php?rest_route=%2Fwp%2Fv2%2Fmedia&parent=2028"}],"wp:term":[{"taxonomy":"category","embeddable":true,"href":"https:\/\/laprensacristiana.com\/index.php?rest_route=%2Fwp%2Fv2%2Fcategories&post=2028"},{"taxonomy":"post_tag","embeddable":true,"href":"https:\/\/laprensacristiana.com\/index.php?rest_route=%2Fwp%2Fv2%2Ftags&post=2028"}],"curies":[{"name":"wp","href":"https:\/\/api.w.org\/{rel}","templated":true}]}}