{"id":2039,"date":"2016-12-09T22:19:01","date_gmt":"2016-12-09T22:19:01","guid":{"rendered":"https:\/\/laprensacristiana.com\/?p=2039"},"modified":"2020-07-02T01:26:28","modified_gmt":"2020-07-02T01:26:28","slug":"un-corazon-guiado","status":"publish","type":"post","link":"https:\/\/laprensacristiana.com\/?p=2039","title":{"rendered":"Un coraz\u00f3n guiado"},"content":{"rendered":"<p>El Ministerio internacional \u201cMi cafecito con Jes\u00fas\u201d, tendr\u00e1 su primer conversatorio titulado \u201cUn coraz\u00f3n guiado\u201d y el lanzamiento de su nuevo proyecto: \u201cGuiadas con el Esp\u00edritu Santo (GPES)\u201d evento que se llevar\u00e1 a cabo el d\u00eda 14 de enero del a\u00f1o entrante, a las 2:30 p.m. en el audit\u00f3rium Construmarket, en el municipio de Antiguo Cuscatl\u00e1n.<\/p>\n<p>Teniendo como invitada a la conferencista internacional Magie de Cano de Guatemala, fundadora del ministerio \u00ablas cartas de Magie\u201d. Mi cafecito con Jes\u00fas, es una \u00a0organizaci\u00f3n no religiosa cuya visi\u00f3n es llevar el evangelio de \u00a0Jes\u00fas, de una forma diferente, sin hacer\u00a0 acepci\u00f3n de personas.<\/p>\n","protected":false},"excerpt":{"rendered":"<p>El Ministerio internacional \u201cMi cafecito con Jes\u00fas\u201d, tendr\u00e1 su primer conversatorio titulado \u201cUn coraz\u00f3n guiado\u201d y el lanzamiento de su nuevo proyecto: \u201cGuiadas con el Esp\u00edritu Santo (GPES)\u201d evento que se llevar\u00e1 a cabo el d\u00eda 14 de enero del a\u00f1o entrante, a las 2:30 p.m. en el audit\u00f3rium Construmarket, en el municipio de Antiguo [&hellip;]<\/p>\n","protected":false},"author":3,"featured_media":2064,"comment_status":"open","ping_status":"open","sticky":false,"template":"","format":"standard","meta":[],"categories":[36],"tags":[],"yoast_head":"<!-- This site is optimized with the Yoast SEO plugin v20.8 - https:\/\/yoast.com\/wordpress\/plugins\/seo\/ -->\n<title>Un coraz\u00f3n guiado - La Prensa Cristiana<\/title>\n<meta name=\"robots\" content=\"index, follow, max-snippet:-1, max-image-preview:large, max-video-preview:-1\" \/>\n<link rel=\"canonical\" href=\"https:\/\/laprensacristiana.com\/?p=2039\" \/>\n<meta property=\"og:locale\" content=\"es_ES\" \/>\n<meta property=\"og:type\" content=\"article\" \/>\n<meta property=\"og:title\" content=\"Un coraz\u00f3n guiado - La Prensa Cristiana\" \/>\n<meta property=\"og:description\" content=\"El Ministerio internacional \u201cMi cafecito con Jes\u00fas\u201d, tendr\u00e1 su primer conversatorio titulado \u201cUn coraz\u00f3n guiado\u201d y el lanzamiento de su nuevo proyecto: \u201cGuiadas con el Esp\u00edritu Santo (GPES)\u201d evento que se llevar\u00e1 a cabo el d\u00eda 14 de enero del a\u00f1o entrante, a las 2:30 p.m. en el audit\u00f3rium Construmarket, en el municipio de Antiguo [&hellip;]\" \/>\n<meta property=\"og:url\" content=\"https:\/\/laprensacristiana.com\/?p=2039\" \/>\n<meta property=\"og:site_name\" content=\"La Prensa Cristiana\" \/>\n<meta property=\"article:published_time\" content=\"2016-12-09T22:19:01+00:00\" \/>\n<meta property=\"article:modified_time\" content=\"2020-07-02T01:26:28+00:00\" \/>\n<meta property=\"og:image\" content=\"https:\/\/laprensacristiana.com\/wp-content\/uploads\/2016\/12\/Un-coraz\u00f3n-guiado.jpg\" \/>\n\t<meta property=\"og:image:width\" content=\"1016\" \/>\n\t<meta property=\"og:image:height\" content=\"688\" \/>\n\t<meta property=\"og:image:type\" content=\"image\/jpeg\" \/>\n<meta name=\"author\" content=\"EDITOR\" \/>\n<meta name=\"twitter:card\" content=\"summary_large_image\" \/>\n<meta name=\"twitter:label1\" content=\"Escrito por\" \/>\n\t<meta name=\"twitter:data1\" content=\"EDITOR\" \/>\n\t<meta name=\"twitter:label2\" content=\"Tiempo de lectura\" \/>\n\t<meta name=\"twitter:data2\" content=\"1 minuto\" \/>\n<script type=\"application\/ld+json\" class=\"yoast-schema-graph\">{\"@context\":\"https:\/\/schema.org\",\"@graph\":[{\"@type\":\"WebPage\",\"@id\":\"https:\/\/laprensacristiana.com\/?p=2039\",\"url\":\"https:\/\/laprensacristiana.com\/?p=2039\",\"name\":\"Un coraz\u00f3n guiado - La Prensa Cristiana\",\"isPartOf\":{\"@id\":\"https:\/\/laprensacristiana.com\/#website\"},\"datePublished\":\"2016-12-09T22:19:01+00:00\",\"dateModified\":\"2020-07-02T01:26:28+00:00\",\"author\":{\"@id\":\"https:\/\/laprensacristiana.com\/#\/schema\/person\/3e7d82c6bfd6b1fa67010f8f7cd5256e\"},\"breadcrumb\":{\"@id\":\"https:\/\/laprensacristiana.com\/?p=2039#breadcrumb\"},\"inLanguage\":\"es\",\"potentialAction\":[{\"@type\":\"ReadAction\",\"target\":[\"https:\/\/laprensacristiana.com\/?p=2039\"]}]},{\"@type\":\"BreadcrumbList\",\"@id\":\"https:\/\/laprensacristiana.com\/?p=2039#breadcrumb\",\"itemListElement\":[{\"@type\":\"ListItem\",\"position\":1,\"name\":\"Portada\",\"item\":\"https:\/\/laprensacristiana.com\/\"},{\"@type\":\"ListItem\",\"position\":2,\"name\":\"Un coraz\u00f3n guiado\"}]},{\"@type\":\"WebSite\",\"@id\":\"https:\/\/laprensacristiana.com\/#website\",\"url\":\"https:\/\/laprensacristiana.com\/\",\"name\":\"La Prensa Cristiana\",\"description\":\"Anunciando Las Buenas Nuevas\",\"potentialAction\":[{\"@type\":\"SearchAction\",\"target\":{\"@type\":\"EntryPoint\",\"urlTemplate\":\"https:\/\/laprensacristiana.com\/?s={search_term_string}\"},\"query-input\":\"required name=search_term_string\"}],\"inLanguage\":\"es\"},{\"@type\":\"Person\",\"@id\":\"https:\/\/laprensacristiana.com\/#\/schema\/person\/3e7d82c6bfd6b1fa67010f8f7cd5256e\",\"name\":\"EDITOR\",\"image\":{\"@type\":\"ImageObject\",\"inLanguage\":\"es\",\"@id\":\"https:\/\/laprensacristiana.com\/#\/schema\/person\/image\/\",\"url\":\"https:\/\/secure.gravatar.com\/avatar\/72069dfb6c13772d9e8381e3638666d2?s=96&d=mm&r=g\",\"contentUrl\":\"https:\/\/secure.gravatar.com\/avatar\/72069dfb6c13772d9e8381e3638666d2?s=96&d=mm&r=g\",\"caption\":\"EDITOR\"},\"url\":\"https:\/\/laprensacristiana.com\/?author=3\"}]}<\/script>\n<!-- \/ Yoast SEO plugin. -->","yoast_head_json":{"title":"Un coraz\u00f3n guiado - La Prensa Cristiana","robots":{"index":"index","follow":"follow","max-snippet":"max-snippet:-1","max-image-preview":"max-image-preview:large","max-video-preview":"max-video-preview:-1"},"canonical":"https:\/\/laprensacristiana.com\/?p=2039","og_locale":"es_ES","og_type":"article","og_title":"Un coraz\u00f3n guiado - La Prensa Cristiana","og_description":"El Ministerio internacional \u201cMi cafecito con Jes\u00fas\u201d, tendr\u00e1 su primer conversatorio titulado \u201cUn coraz\u00f3n guiado\u201d y el lanzamiento de su nuevo proyecto: \u201cGuiadas con el Esp\u00edritu Santo (GPES)\u201d evento que se llevar\u00e1 a cabo el d\u00eda 14 de enero del a\u00f1o entrante, a las 2:30 p.m. en el audit\u00f3rium Construmarket, en el municipio de Antiguo [&hellip;]","og_url":"https:\/\/laprensacristiana.com\/?p=2039","og_site_name":"La Prensa Cristiana","article_published_time":"2016-12-09T22:19:01+00:00","article_modified_time":"2020-07-02T01:26:28+00:00","og_image":[{"width":1016,"height":688,"url":"https:\/\/laprensacristiana.com\/wp-content\/uploads\/2016\/12\/Un-coraz\u00f3n-guiado.jpg","type":"image\/jpeg"}],"author":"EDITOR","twitter_card":"summary_large_image","twitter_misc":{"Escrito por":"EDITOR","Tiempo de lectura":"1 minuto"},"schema":{"@context":"https:\/\/schema.org","@graph":[{"@type":"WebPage","@id":"https:\/\/laprensacristiana.com\/?p=2039","url":"https:\/\/laprensacristiana.com\/?p=2039","name":"Un coraz\u00f3n guiado - La Prensa Cristiana","isPartOf":{"@id":"https:\/\/laprensacristiana.com\/#website"},"datePublished":"2016-12-09T22:19:01+00:00","dateModified":"2020-07-02T01:26:28+00:00","author":{"@id":"https:\/\/laprensacristiana.com\/#\/schema\/person\/3e7d82c6bfd6b1fa67010f8f7cd5256e"},"breadcrumb":{"@id":"https:\/\/laprensacristiana.com\/?p=2039#breadcrumb"},"inLanguage":"es","potentialAction":[{"@type":"ReadAction","target":["https:\/\/laprensacristiana.com\/?p=2039"]}]},{"@type":"BreadcrumbList","@id":"https:\/\/laprensacristiana.com\/?p=2039#breadcrumb","itemListElement":[{"@type":"ListItem","position":1,"name":"Portada","item":"https:\/\/laprensacristiana.com\/"},{"@type":"ListItem","position":2,"name":"Un coraz\u00f3n guiado"}]},{"@type":"WebSite","@id":"https:\/\/laprensacristiana.com\/#website","url":"https:\/\/laprensacristiana.com\/","name":"La Prensa Cristiana","description":"Anunciando Las Buenas Nuevas","potentialAction":[{"@type":"SearchAction","target":{"@type":"EntryPoint","urlTemplate":"https:\/\/laprensacristiana.com\/?s={search_term_string}"},"query-input":"required name=search_term_string"}],"inLanguage":"es"},{"@type":"Person","@id":"https:\/\/laprensacristiana.com\/#\/schema\/person\/3e7d82c6bfd6b1fa67010f8f7cd5256e","name":"EDITOR","image":{"@type":"ImageObject","inLanguage":"es","@id":"https:\/\/laprensacristiana.com\/#\/schema\/person\/image\/","url":"https:\/\/secure.gravatar.com\/avatar\/72069dfb6c13772d9e8381e3638666d2?s=96&d=mm&r=g","contentUrl":"https:\/\/secure.gravatar.com\/avatar\/72069dfb6c13772d9e8381e3638666d2?s=96&d=mm&r=g","caption":"EDITOR"},"url":"https:\/\/laprensacristiana.com\/?author=3"}]}},"_links":{"self":[{"href":"https:\/\/laprensacristiana.com\/index.php?rest_route=\/wp\/v2\/posts\/2039"}],"collection":[{"href":"https:\/\/laprensacristiana.com\/index.php?rest_route=\/wp\/v2\/posts"}],"about":[{"href":"https:\/\/laprensacristiana.com\/index.php?rest_route=\/wp\/v2\/types\/post"}],"author":[{"embeddable":true,"href":"https:\/\/laprensacristiana.com\/index.php?rest_route=\/wp\/v2\/users\/3"}],"replies":[{"embeddable":true,"href":"https:\/\/laprensacristiana.com\/index.php?rest_route=%2Fwp%2Fv2%2Fcomments&post=2039"}],"version-history":[{"count":3,"href":"https:\/\/laprensacristiana.com\/index.php?rest_route=\/wp\/v2\/posts\/2039\/revisions"}],"predecessor-version":[{"id":2043,"href":"https:\/\/laprensacristiana.com\/index.php?rest_route=\/wp\/v2\/posts\/2039\/revisions\/2043"}],"wp:featuredmedia":[{"embeddable":true,"href":"https:\/\/laprensacristiana.com\/index.php?rest_route=\/wp\/v2\/media\/2064"}],"wp:attachment":[{"href":"https:\/\/laprensacristiana.com\/index.php?rest_route=%2Fwp%2Fv2%2Fmedia&parent=2039"}],"wp:term":[{"taxonomy":"category","embeddable":true,"href":"https:\/\/laprensacristiana.com\/index.php?rest_route=%2Fwp%2Fv2%2Fcategories&post=2039"},{"taxonomy":"post_tag","embeddable":true,"href":"https:\/\/laprensacristiana.com\/index.php?rest_route=%2Fwp%2Fv2%2Ftags&post=2039"}],"curies":[{"name":"wp","href":"https:\/\/api.w.org\/{rel}","templated":true}]}}