{"id":2052,"date":"2016-12-12T23:11:41","date_gmt":"2016-12-12T23:11:41","guid":{"rendered":"https:\/\/laprensacristiana.com\/?p=2052"},"modified":"2020-07-02T01:25:34","modified_gmt":"2020-07-02T01:25:34","slug":"del-cielo-a-la-tierra","status":"publish","type":"post","link":"https:\/\/laprensacristiana.com\/?p=2052","title":{"rendered":"\u201cDel cielo a la tierra\u201d"},"content":{"rendered":"<p>El s\u00e1bado en horas de la noche se realiz\u00f3 la gala \u201cDel cielo a la tierra\u201d de parte del Instituto CanZion. En el cual todos los estudiantes, de todos los niveles del instituto expusieron sus talentos, en el Audit\u00f3rium Templo Cristiano de Las Asambleas de Dios.<img decoding=\"async\" loading=\"lazy\" class=\"size-medium wp-image-2054 aligncenter\" src=\"https:\/\/laprensacristiana.com\/wp-content\/uploads\/2016\/12\/CANZION-4-300x225.jpg\" alt=\"CANZION 4\" width=\"300\" height=\"225\" srcset=\"https:\/\/laprensacristiana.com\/wp-content\/uploads\/2016\/12\/CANZION-4-300x225.jpg 300w, https:\/\/laprensacristiana.com\/wp-content\/uploads\/2016\/12\/CANZION-4-600x450.jpg 600w, https:\/\/laprensacristiana.com\/wp-content\/uploads\/2016\/12\/CANZION-4-768x577.jpg 768w, https:\/\/laprensacristiana.com\/wp-content\/uploads\/2016\/12\/CANZION-4-80x60.jpg 80w, https:\/\/laprensacristiana.com\/wp-content\/uploads\/2016\/12\/CANZION-4-265x198.jpg 265w, https:\/\/laprensacristiana.com\/wp-content\/uploads\/2016\/12\/CANZION-4-696x523.jpg 696w, https:\/\/laprensacristiana.com\/wp-content\/uploads\/2016\/12\/CANZION-4-559x420.jpg 559w, https:\/\/laprensacristiana.com\/wp-content\/uploads\/2016\/12\/CANZION-4.jpg 955w\" sizes=\"(max-width: 300px) 100vw, 300px\" \/><\/p>\n<p>La noche, estuvo llena de sorpresas y de mucho dinamismo de parte de todos los implicados. El evento consisti\u00f3 en dar tributo al nacimiento de Jes\u00fas, mediante peque\u00f1os dramas, bailes y cantos; ya que estamos en v\u00edsperas de navidad. El alumnado que fue de casi 250 personas, y se llevaron todo el semestre trabajando en la preparaci\u00f3n de ese d\u00eda, poniendo en pr\u00e1ctica sus conocimientos.<\/p>\n<figure id=\"attachment_2055\" aria-describedby=\"caption-attachment-2055\" style=\"width: 300px\" class=\"wp-caption aligncenter\"><img decoding=\"async\" loading=\"lazy\" class=\"size-medium wp-image-2055\" src=\"https:\/\/laprensacristiana.com\/wp-content\/uploads\/2016\/12\/CANZION-2-300x225.jpg\" alt=\"Coro\" width=\"300\" height=\"225\" srcset=\"https:\/\/laprensacristiana.com\/wp-content\/uploads\/2016\/12\/CANZION-2-300x225.jpg 300w, https:\/\/laprensacristiana.com\/wp-content\/uploads\/2016\/12\/CANZION-2-600x450.jpg 600w, https:\/\/laprensacristiana.com\/wp-content\/uploads\/2016\/12\/CANZION-2-768x577.jpg 768w, https:\/\/laprensacristiana.com\/wp-content\/uploads\/2016\/12\/CANZION-2-80x60.jpg 80w, https:\/\/laprensacristiana.com\/wp-content\/uploads\/2016\/12\/CANZION-2-265x198.jpg 265w, https:\/\/laprensacristiana.com\/wp-content\/uploads\/2016\/12\/CANZION-2-696x523.jpg 696w, https:\/\/laprensacristiana.com\/wp-content\/uploads\/2016\/12\/CANZION-2-559x420.jpg 559w, https:\/\/laprensacristiana.com\/wp-content\/uploads\/2016\/12\/CANZION-2.jpg 955w\" sizes=\"(max-width: 300px) 100vw, 300px\" \/><figcaption id=\"caption-attachment-2055\" class=\"wp-caption-text\">Coro<\/figcaption><\/figure>\n<p>Melisa Fuentes, quien fue parte de la organizaci\u00f3n y encargada de Kidz expres\u00f3: \u201cEsta gala es diferente, porque participan todos los alumnos del instituto, antes se hac\u00edan los conciertos por separados; la idea de CanZion es que todos participen sin importar su nivel musical. Hemos tenido muy buena aceptaci\u00f3n, de parte de los invitados\u201d.<\/p>\n<figure id=\"attachment_2056\" aria-describedby=\"caption-attachment-2056\" style=\"width: 300px\" class=\"wp-caption aligncenter\"><img decoding=\"async\" loading=\"lazy\" class=\"size-medium wp-image-2056\" src=\"https:\/\/laprensacristiana.com\/wp-content\/uploads\/2016\/12\/CANZION-6-300x300.jpg\" alt=\"Melisa Fuentes\" width=\"300\" height=\"300\" srcset=\"https:\/\/laprensacristiana.com\/wp-content\/uploads\/2016\/12\/CANZION-6-300x300.jpg 300w, https:\/\/laprensacristiana.com\/wp-content\/uploads\/2016\/12\/CANZION-6-100x100.jpg 100w, https:\/\/laprensacristiana.com\/wp-content\/uploads\/2016\/12\/CANZION-6-600x600.jpg 600w, https:\/\/laprensacristiana.com\/wp-content\/uploads\/2016\/12\/CANZION-6-150x150.jpg 150w, https:\/\/laprensacristiana.com\/wp-content\/uploads\/2016\/12\/CANZION-6-768x768.jpg 768w, https:\/\/laprensacristiana.com\/wp-content\/uploads\/2016\/12\/CANZION-6-696x696.jpg 696w, https:\/\/laprensacristiana.com\/wp-content\/uploads\/2016\/12\/CANZION-6-420x420.jpg 420w, https:\/\/laprensacristiana.com\/wp-content\/uploads\/2016\/12\/CANZION-6.jpg 828w\" sizes=\"(max-width: 300px) 100vw, 300px\" \/><figcaption id=\"caption-attachment-2056\" class=\"wp-caption-text\">Melisa Fuentes<\/figcaption><\/figure>\n<p>El director general, Ra\u00fal Ardon, dijo: \u201cTiene un gran realce porque es la culminaci\u00f3n de un semestre de estudio de todos los alumnos y es como la muestra de lo cual ellos dan a conocer lo que han aprendido en seis meses. Sorprendido, fue m\u00e1s de lo que esper\u00e1bamos\u201d.<\/p>\n<figure id=\"attachment_2057\" aria-describedby=\"caption-attachment-2057\" style=\"width: 279px\" class=\"wp-caption aligncenter\"><img decoding=\"async\" loading=\"lazy\" class=\"size-medium wp-image-2057\" src=\"https:\/\/laprensacristiana.com\/wp-content\/uploads\/2016\/12\/CANZION-1-279x300.jpg\" alt=\"Ra\u00fal Ardon, director general. \" width=\"279\" height=\"300\" srcset=\"https:\/\/laprensacristiana.com\/wp-content\/uploads\/2016\/12\/CANZION-1-279x300.jpg 279w, https:\/\/laprensacristiana.com\/wp-content\/uploads\/2016\/12\/CANZION-1-600x644.jpg 600w, https:\/\/laprensacristiana.com\/wp-content\/uploads\/2016\/12\/CANZION-1-768x825.jpg 768w, https:\/\/laprensacristiana.com\/wp-content\/uploads\/2016\/12\/CANZION-1-696x747.jpg 696w, https:\/\/laprensacristiana.com\/wp-content\/uploads\/2016\/12\/CANZION-1-391x420.jpg 391w, https:\/\/laprensacristiana.com\/wp-content\/uploads\/2016\/12\/CANZION-1.jpg 800w\" sizes=\"(max-width: 279px) 100vw, 279px\" \/><figcaption id=\"caption-attachment-2057\" class=\"wp-caption-text\">Ra\u00fal Ard\u00f3n, director general.<\/figcaption><\/figure>\n<figure id=\"attachment_2058\" aria-describedby=\"caption-attachment-2058\" style=\"width: 300px\" class=\"wp-caption aligncenter\"><img decoding=\"async\" loading=\"lazy\" class=\"size-medium wp-image-2058\" src=\"https:\/\/laprensacristiana.com\/wp-content\/uploads\/2016\/12\/CANZION-5-300x225.jpg\" alt=\"Familiares y amigos asistentes de los estudiantes. \" width=\"300\" height=\"225\" srcset=\"https:\/\/laprensacristiana.com\/wp-content\/uploads\/2016\/12\/CANZION-5-300x225.jpg 300w, https:\/\/laprensacristiana.com\/wp-content\/uploads\/2016\/12\/CANZION-5-600x450.jpg 600w, https:\/\/laprensacristiana.com\/wp-content\/uploads\/2016\/12\/CANZION-5-768x577.jpg 768w, https:\/\/laprensacristiana.com\/wp-content\/uploads\/2016\/12\/CANZION-5-80x60.jpg 80w, https:\/\/laprensacristiana.com\/wp-content\/uploads\/2016\/12\/CANZION-5-265x198.jpg 265w, https:\/\/laprensacristiana.com\/wp-content\/uploads\/2016\/12\/CANZION-5-696x523.jpg 696w, https:\/\/laprensacristiana.com\/wp-content\/uploads\/2016\/12\/CANZION-5-559x420.jpg 559w, https:\/\/laprensacristiana.com\/wp-content\/uploads\/2016\/12\/CANZION-5.jpg 955w\" sizes=\"(max-width: 300px) 100vw, 300px\" \/><figcaption id=\"caption-attachment-2058\" class=\"wp-caption-text\">Familiares y amigos \u00a0de los estudiantes, asistieron al acto.<\/figcaption><\/figure>\n","protected":false},"excerpt":{"rendered":"<p>El s\u00e1bado en horas de la noche se realiz\u00f3 la gala \u201cDel cielo a la tierra\u201d de parte del Instituto CanZion. En el cual todos los estudiantes, de todos los niveles del instituto expusieron sus talentos, en el Audit\u00f3rium Templo Cristiano de Las Asambleas de Dios. La noche, estuvo llena de sorpresas y de mucho [&hellip;]<\/p>\n","protected":false},"author":3,"featured_media":2053,"comment_status":"open","ping_status":"open","sticky":false,"template":"","format":"standard","meta":[],"categories":[101],"tags":[],"yoast_head":"<!-- This site is optimized with the Yoast SEO plugin v20.8 - https:\/\/yoast.com\/wordpress\/plugins\/seo\/ -->\n<title>\u201cDel cielo a la tierra\u201d - La Prensa Cristiana<\/title>\n<meta name=\"robots\" content=\"index, follow, max-snippet:-1, max-image-preview:large, max-video-preview:-1\" \/>\n<link rel=\"canonical\" href=\"https:\/\/laprensacristiana.com\/?p=2052\" \/>\n<meta property=\"og:locale\" content=\"es_ES\" \/>\n<meta property=\"og:type\" content=\"article\" \/>\n<meta property=\"og:title\" content=\"\u201cDel cielo a la tierra\u201d - La Prensa Cristiana\" \/>\n<meta property=\"og:description\" content=\"El s\u00e1bado en horas de la noche se realiz\u00f3 la gala \u201cDel cielo a la tierra\u201d de parte del Instituto CanZion. En el cual todos los estudiantes, de todos los niveles del instituto expusieron sus talentos, en el Audit\u00f3rium Templo Cristiano de Las Asambleas de Dios. La noche, estuvo llena de sorpresas y de mucho [&hellip;]\" \/>\n<meta property=\"og:url\" content=\"https:\/\/laprensacristiana.com\/?p=2052\" \/>\n<meta property=\"og:site_name\" content=\"La Prensa Cristiana\" \/>\n<meta property=\"article:published_time\" content=\"2016-12-12T23:11:41+00:00\" \/>\n<meta property=\"article:modified_time\" content=\"2020-07-02T01:25:34+00:00\" \/>\n<meta property=\"og:image\" content=\"https:\/\/laprensacristiana.com\/wp-content\/uploads\/2016\/12\/CANZION-3-POR.jpg\" \/>\n\t<meta property=\"og:image:width\" content=\"1222\" \/>\n\t<meta property=\"og:image:height\" content=\"572\" \/>\n\t<meta property=\"og:image:type\" content=\"image\/jpeg\" \/>\n<meta name=\"author\" content=\"EDITOR\" \/>\n<meta name=\"twitter:card\" content=\"summary_large_image\" \/>\n<meta name=\"twitter:label1\" content=\"Escrito por\" \/>\n\t<meta name=\"twitter:data1\" content=\"EDITOR\" \/>\n\t<meta name=\"twitter:label2\" content=\"Tiempo de lectura\" \/>\n\t<meta name=\"twitter:data2\" content=\"1 minuto\" \/>\n<script type=\"application\/ld+json\" class=\"yoast-schema-graph\">{\"@context\":\"https:\/\/schema.org\",\"@graph\":[{\"@type\":\"WebPage\",\"@id\":\"https:\/\/laprensacristiana.com\/?p=2052\",\"url\":\"https:\/\/laprensacristiana.com\/?p=2052\",\"name\":\"\u201cDel cielo a la tierra\u201d - La Prensa Cristiana\",\"isPartOf\":{\"@id\":\"https:\/\/laprensacristiana.com\/#website\"},\"datePublished\":\"2016-12-12T23:11:41+00:00\",\"dateModified\":\"2020-07-02T01:25:34+00:00\",\"author\":{\"@id\":\"https:\/\/laprensacristiana.com\/#\/schema\/person\/3e7d82c6bfd6b1fa67010f8f7cd5256e\"},\"breadcrumb\":{\"@id\":\"https:\/\/laprensacristiana.com\/?p=2052#breadcrumb\"},\"inLanguage\":\"es\",\"potentialAction\":[{\"@type\":\"ReadAction\",\"target\":[\"https:\/\/laprensacristiana.com\/?p=2052\"]}]},{\"@type\":\"BreadcrumbList\",\"@id\":\"https:\/\/laprensacristiana.com\/?p=2052#breadcrumb\",\"itemListElement\":[{\"@type\":\"ListItem\",\"position\":1,\"name\":\"Portada\",\"item\":\"https:\/\/laprensacristiana.com\/\"},{\"@type\":\"ListItem\",\"position\":2,\"name\":\"\u201cDel cielo a la tierra\u201d\"}]},{\"@type\":\"WebSite\",\"@id\":\"https:\/\/laprensacristiana.com\/#website\",\"url\":\"https:\/\/laprensacristiana.com\/\",\"name\":\"La Prensa Cristiana\",\"description\":\"Anunciando Las Buenas Nuevas\",\"potentialAction\":[{\"@type\":\"SearchAction\",\"target\":{\"@type\":\"EntryPoint\",\"urlTemplate\":\"https:\/\/laprensacristiana.com\/?s={search_term_string}\"},\"query-input\":\"required name=search_term_string\"}],\"inLanguage\":\"es\"},{\"@type\":\"Person\",\"@id\":\"https:\/\/laprensacristiana.com\/#\/schema\/person\/3e7d82c6bfd6b1fa67010f8f7cd5256e\",\"name\":\"EDITOR\",\"image\":{\"@type\":\"ImageObject\",\"inLanguage\":\"es\",\"@id\":\"https:\/\/laprensacristiana.com\/#\/schema\/person\/image\/\",\"url\":\"https:\/\/secure.gravatar.com\/avatar\/72069dfb6c13772d9e8381e3638666d2?s=96&d=mm&r=g\",\"contentUrl\":\"https:\/\/secure.gravatar.com\/avatar\/72069dfb6c13772d9e8381e3638666d2?s=96&d=mm&r=g\",\"caption\":\"EDITOR\"},\"url\":\"https:\/\/laprensacristiana.com\/?author=3\"}]}<\/script>\n<!-- \/ Yoast SEO plugin. -->","yoast_head_json":{"title":"\u201cDel cielo a la tierra\u201d - La Prensa Cristiana","robots":{"index":"index","follow":"follow","max-snippet":"max-snippet:-1","max-image-preview":"max-image-preview:large","max-video-preview":"max-video-preview:-1"},"canonical":"https:\/\/laprensacristiana.com\/?p=2052","og_locale":"es_ES","og_type":"article","og_title":"\u201cDel cielo a la tierra\u201d - La Prensa Cristiana","og_description":"El s\u00e1bado en horas de la noche se realiz\u00f3 la gala \u201cDel cielo a la tierra\u201d de parte del Instituto CanZion. En el cual todos los estudiantes, de todos los niveles del instituto expusieron sus talentos, en el Audit\u00f3rium Templo Cristiano de Las Asambleas de Dios. La noche, estuvo llena de sorpresas y de mucho [&hellip;]","og_url":"https:\/\/laprensacristiana.com\/?p=2052","og_site_name":"La Prensa Cristiana","article_published_time":"2016-12-12T23:11:41+00:00","article_modified_time":"2020-07-02T01:25:34+00:00","og_image":[{"width":1222,"height":572,"url":"https:\/\/laprensacristiana.com\/wp-content\/uploads\/2016\/12\/CANZION-3-POR.jpg","type":"image\/jpeg"}],"author":"EDITOR","twitter_card":"summary_large_image","twitter_misc":{"Escrito por":"EDITOR","Tiempo de lectura":"1 minuto"},"schema":{"@context":"https:\/\/schema.org","@graph":[{"@type":"WebPage","@id":"https:\/\/laprensacristiana.com\/?p=2052","url":"https:\/\/laprensacristiana.com\/?p=2052","name":"\u201cDel cielo a la tierra\u201d - La Prensa Cristiana","isPartOf":{"@id":"https:\/\/laprensacristiana.com\/#website"},"datePublished":"2016-12-12T23:11:41+00:00","dateModified":"2020-07-02T01:25:34+00:00","author":{"@id":"https:\/\/laprensacristiana.com\/#\/schema\/person\/3e7d82c6bfd6b1fa67010f8f7cd5256e"},"breadcrumb":{"@id":"https:\/\/laprensacristiana.com\/?p=2052#breadcrumb"},"inLanguage":"es","potentialAction":[{"@type":"ReadAction","target":["https:\/\/laprensacristiana.com\/?p=2052"]}]},{"@type":"BreadcrumbList","@id":"https:\/\/laprensacristiana.com\/?p=2052#breadcrumb","itemListElement":[{"@type":"ListItem","position":1,"name":"Portada","item":"https:\/\/laprensacristiana.com\/"},{"@type":"ListItem","position":2,"name":"\u201cDel cielo a la tierra\u201d"}]},{"@type":"WebSite","@id":"https:\/\/laprensacristiana.com\/#website","url":"https:\/\/laprensacristiana.com\/","name":"La Prensa Cristiana","description":"Anunciando Las Buenas Nuevas","potentialAction":[{"@type":"SearchAction","target":{"@type":"EntryPoint","urlTemplate":"https:\/\/laprensacristiana.com\/?s={search_term_string}"},"query-input":"required name=search_term_string"}],"inLanguage":"es"},{"@type":"Person","@id":"https:\/\/laprensacristiana.com\/#\/schema\/person\/3e7d82c6bfd6b1fa67010f8f7cd5256e","name":"EDITOR","image":{"@type":"ImageObject","inLanguage":"es","@id":"https:\/\/laprensacristiana.com\/#\/schema\/person\/image\/","url":"https:\/\/secure.gravatar.com\/avatar\/72069dfb6c13772d9e8381e3638666d2?s=96&d=mm&r=g","contentUrl":"https:\/\/secure.gravatar.com\/avatar\/72069dfb6c13772d9e8381e3638666d2?s=96&d=mm&r=g","caption":"EDITOR"},"url":"https:\/\/laprensacristiana.com\/?author=3"}]}},"_links":{"self":[{"href":"https:\/\/laprensacristiana.com\/index.php?rest_route=\/wp\/v2\/posts\/2052"}],"collection":[{"href":"https:\/\/laprensacristiana.com\/index.php?rest_route=\/wp\/v2\/posts"}],"about":[{"href":"https:\/\/laprensacristiana.com\/index.php?rest_route=\/wp\/v2\/types\/post"}],"author":[{"embeddable":true,"href":"https:\/\/laprensacristiana.com\/index.php?rest_route=\/wp\/v2\/users\/3"}],"replies":[{"embeddable":true,"href":"https:\/\/laprensacristiana.com\/index.php?rest_route=%2Fwp%2Fv2%2Fcomments&post=2052"}],"version-history":[{"count":4,"href":"https:\/\/laprensacristiana.com\/index.php?rest_route=\/wp\/v2\/posts\/2052\/revisions"}],"predecessor-version":[{"id":2063,"href":"https:\/\/laprensacristiana.com\/index.php?rest_route=\/wp\/v2\/posts\/2052\/revisions\/2063"}],"wp:featuredmedia":[{"embeddable":true,"href":"https:\/\/laprensacristiana.com\/index.php?rest_route=\/wp\/v2\/media\/2053"}],"wp:attachment":[{"href":"https:\/\/laprensacristiana.com\/index.php?rest_route=%2Fwp%2Fv2%2Fmedia&parent=2052"}],"wp:term":[{"taxonomy":"category","embeddable":true,"href":"https:\/\/laprensacristiana.com\/index.php?rest_route=%2Fwp%2Fv2%2Fcategories&post=2052"},{"taxonomy":"post_tag","embeddable":true,"href":"https:\/\/laprensacristiana.com\/index.php?rest_route=%2Fwp%2Fv2%2Ftags&post=2052"}],"curies":[{"name":"wp","href":"https:\/\/api.w.org\/{rel}","templated":true}]}}