{"id":2065,"date":"2016-12-15T16:37:42","date_gmt":"2016-12-15T16:37:42","guid":{"rendered":"https:\/\/laprensacristiana.com\/?p=2065"},"modified":"2020-07-02T01:25:20","modified_gmt":"2020-07-02T01:25:20","slug":"manny-pacquiao-propone-dia-nacional-de-la-biblia","status":"publish","type":"post","link":"https:\/\/laprensacristiana.com\/?p=2065","title":{"rendered":"Manny Pacquiao propone \u201cD\u00eda Nacional de la Biblia\u201d"},"content":{"rendered":"<p>El ex boxeador y actual senador, Manny Pacquiao, propuso un decreto de ley en el que se dejar\u00e1 un d\u00eda de celebraci\u00f3n para enaltecer La Biblia, en Filipinas.<\/p>\n<p>Pacquiao, plante\u00f3 que se destinar\u00e1 un d\u00eda feriado en conmemoraci\u00f3n al \u201cD\u00eda Nacional de La Biblia\u201d. Dicho proyecto busca dar reconocimiento al valor que tienen las Sagradas Escrituras. Esto promueve la asignaci\u00f3n de un d\u00eda de celebraci\u00f3n que ser\u00eda cada \u00faltimo lunes del mes de enero.<\/p>\n<p>\u201cEl centro de la\u00a0fe cristiana\u00a0est\u00e1 basada en la Santa Biblia. Los\u00a0sermones y pr\u00e9dicas\u00a0de las iglesias cristianas, se\u00a0fundamentan en las ense\u00f1anzas\u00a0de la Biblia. Es la principal fuente de\u00a0man\u00e1 espiritual. Forma y\u00a0transforma\u00a0la vida de personas de diferentes generaciones. Sirve como el\u00a0fundamento\u00a0de la espiritualidad, la moral y la sociedad, que moldea una ciudadan\u00eda socialmente responsable y la construcci\u00f3n de una naci\u00f3n fuerte\u201d. Expres\u00f3 Manny.<\/p>\n","protected":false},"excerpt":{"rendered":"<p>El ex boxeador y actual senador, Manny Pacquiao, propuso un decreto de ley en el que se dejar\u00e1 un d\u00eda de celebraci\u00f3n para enaltecer La Biblia, en Filipinas. Pacquiao, plante\u00f3 que se destinar\u00e1 un d\u00eda feriado en conmemoraci\u00f3n al \u201cD\u00eda Nacional de La Biblia\u201d. Dicho proyecto busca dar reconocimiento al valor que tienen las Sagradas [&hellip;]<\/p>\n","protected":false},"author":3,"featured_media":2072,"comment_status":"open","ping_status":"open","sticky":false,"template":"","format":"standard","meta":[],"categories":[56],"tags":[],"yoast_head":"<!-- This site is optimized with the Yoast SEO plugin v20.8 - https:\/\/yoast.com\/wordpress\/plugins\/seo\/ -->\n<title>Manny Pacquiao propone \u201cD\u00eda Nacional de la Biblia\u201d - La Prensa Cristiana<\/title>\n<meta name=\"robots\" content=\"index, follow, max-snippet:-1, max-image-preview:large, max-video-preview:-1\" \/>\n<link rel=\"canonical\" href=\"https:\/\/laprensacristiana.com\/?p=2065\" \/>\n<meta property=\"og:locale\" content=\"es_ES\" \/>\n<meta property=\"og:type\" content=\"article\" \/>\n<meta property=\"og:title\" content=\"Manny Pacquiao propone \u201cD\u00eda Nacional de la Biblia\u201d - La Prensa Cristiana\" \/>\n<meta property=\"og:description\" content=\"El ex boxeador y actual senador, Manny Pacquiao, propuso un decreto de ley en el que se dejar\u00e1 un d\u00eda de celebraci\u00f3n para enaltecer La Biblia, en Filipinas. Pacquiao, plante\u00f3 que se destinar\u00e1 un d\u00eda feriado en conmemoraci\u00f3n al \u201cD\u00eda Nacional de La Biblia\u201d. Dicho proyecto busca dar reconocimiento al valor que tienen las Sagradas [&hellip;]\" \/>\n<meta property=\"og:url\" content=\"https:\/\/laprensacristiana.com\/?p=2065\" \/>\n<meta property=\"og:site_name\" content=\"La Prensa Cristiana\" \/>\n<meta property=\"article:published_time\" content=\"2016-12-15T16:37:42+00:00\" \/>\n<meta property=\"article:modified_time\" content=\"2020-07-02T01:25:20+00:00\" \/>\n<meta property=\"og:image\" content=\"https:\/\/laprensacristiana.com\/wp-content\/uploads\/2016\/12\/MANNY-1.jpg\" \/>\n\t<meta property=\"og:image:width\" content=\"960\" \/>\n\t<meta property=\"og:image:height\" content=\"640\" \/>\n\t<meta property=\"og:image:type\" content=\"image\/jpeg\" \/>\n<meta name=\"author\" content=\"EDITOR\" \/>\n<meta name=\"twitter:card\" content=\"summary_large_image\" \/>\n<meta name=\"twitter:label1\" content=\"Escrito por\" \/>\n\t<meta name=\"twitter:data1\" content=\"EDITOR\" \/>\n\t<meta name=\"twitter:label2\" content=\"Tiempo de lectura\" \/>\n\t<meta name=\"twitter:data2\" content=\"1 minuto\" \/>\n<script type=\"application\/ld+json\" class=\"yoast-schema-graph\">{\"@context\":\"https:\/\/schema.org\",\"@graph\":[{\"@type\":\"WebPage\",\"@id\":\"https:\/\/laprensacristiana.com\/?p=2065\",\"url\":\"https:\/\/laprensacristiana.com\/?p=2065\",\"name\":\"Manny Pacquiao propone \u201cD\u00eda Nacional de la Biblia\u201d - La Prensa Cristiana\",\"isPartOf\":{\"@id\":\"https:\/\/laprensacristiana.com\/#website\"},\"datePublished\":\"2016-12-15T16:37:42+00:00\",\"dateModified\":\"2020-07-02T01:25:20+00:00\",\"author\":{\"@id\":\"https:\/\/laprensacristiana.com\/#\/schema\/person\/3e7d82c6bfd6b1fa67010f8f7cd5256e\"},\"breadcrumb\":{\"@id\":\"https:\/\/laprensacristiana.com\/?p=2065#breadcrumb\"},\"inLanguage\":\"es\",\"potentialAction\":[{\"@type\":\"ReadAction\",\"target\":[\"https:\/\/laprensacristiana.com\/?p=2065\"]}]},{\"@type\":\"BreadcrumbList\",\"@id\":\"https:\/\/laprensacristiana.com\/?p=2065#breadcrumb\",\"itemListElement\":[{\"@type\":\"ListItem\",\"position\":1,\"name\":\"Portada\",\"item\":\"https:\/\/laprensacristiana.com\/\"},{\"@type\":\"ListItem\",\"position\":2,\"name\":\"Manny Pacquiao propone \u201cD\u00eda Nacional de la Biblia\u201d\"}]},{\"@type\":\"WebSite\",\"@id\":\"https:\/\/laprensacristiana.com\/#website\",\"url\":\"https:\/\/laprensacristiana.com\/\",\"name\":\"La Prensa Cristiana\",\"description\":\"Anunciando Las Buenas Nuevas\",\"potentialAction\":[{\"@type\":\"SearchAction\",\"target\":{\"@type\":\"EntryPoint\",\"urlTemplate\":\"https:\/\/laprensacristiana.com\/?s={search_term_string}\"},\"query-input\":\"required name=search_term_string\"}],\"inLanguage\":\"es\"},{\"@type\":\"Person\",\"@id\":\"https:\/\/laprensacristiana.com\/#\/schema\/person\/3e7d82c6bfd6b1fa67010f8f7cd5256e\",\"name\":\"EDITOR\",\"image\":{\"@type\":\"ImageObject\",\"inLanguage\":\"es\",\"@id\":\"https:\/\/laprensacristiana.com\/#\/schema\/person\/image\/\",\"url\":\"https:\/\/secure.gravatar.com\/avatar\/72069dfb6c13772d9e8381e3638666d2?s=96&d=mm&r=g\",\"contentUrl\":\"https:\/\/secure.gravatar.com\/avatar\/72069dfb6c13772d9e8381e3638666d2?s=96&d=mm&r=g\",\"caption\":\"EDITOR\"},\"url\":\"https:\/\/laprensacristiana.com\/?author=3\"}]}<\/script>\n<!-- \/ Yoast SEO plugin. -->","yoast_head_json":{"title":"Manny Pacquiao propone \u201cD\u00eda Nacional de la Biblia\u201d - La Prensa Cristiana","robots":{"index":"index","follow":"follow","max-snippet":"max-snippet:-1","max-image-preview":"max-image-preview:large","max-video-preview":"max-video-preview:-1"},"canonical":"https:\/\/laprensacristiana.com\/?p=2065","og_locale":"es_ES","og_type":"article","og_title":"Manny Pacquiao propone \u201cD\u00eda Nacional de la Biblia\u201d - La Prensa Cristiana","og_description":"El ex boxeador y actual senador, Manny Pacquiao, propuso un decreto de ley en el que se dejar\u00e1 un d\u00eda de celebraci\u00f3n para enaltecer La Biblia, en Filipinas. Pacquiao, plante\u00f3 que se destinar\u00e1 un d\u00eda feriado en conmemoraci\u00f3n al \u201cD\u00eda Nacional de La Biblia\u201d. Dicho proyecto busca dar reconocimiento al valor que tienen las Sagradas [&hellip;]","og_url":"https:\/\/laprensacristiana.com\/?p=2065","og_site_name":"La Prensa Cristiana","article_published_time":"2016-12-15T16:37:42+00:00","article_modified_time":"2020-07-02T01:25:20+00:00","og_image":[{"width":960,"height":640,"url":"https:\/\/laprensacristiana.com\/wp-content\/uploads\/2016\/12\/MANNY-1.jpg","type":"image\/jpeg"}],"author":"EDITOR","twitter_card":"summary_large_image","twitter_misc":{"Escrito por":"EDITOR","Tiempo de lectura":"1 minuto"},"schema":{"@context":"https:\/\/schema.org","@graph":[{"@type":"WebPage","@id":"https:\/\/laprensacristiana.com\/?p=2065","url":"https:\/\/laprensacristiana.com\/?p=2065","name":"Manny Pacquiao propone \u201cD\u00eda Nacional de la Biblia\u201d - La Prensa Cristiana","isPartOf":{"@id":"https:\/\/laprensacristiana.com\/#website"},"datePublished":"2016-12-15T16:37:42+00:00","dateModified":"2020-07-02T01:25:20+00:00","author":{"@id":"https:\/\/laprensacristiana.com\/#\/schema\/person\/3e7d82c6bfd6b1fa67010f8f7cd5256e"},"breadcrumb":{"@id":"https:\/\/laprensacristiana.com\/?p=2065#breadcrumb"},"inLanguage":"es","potentialAction":[{"@type":"ReadAction","target":["https:\/\/laprensacristiana.com\/?p=2065"]}]},{"@type":"BreadcrumbList","@id":"https:\/\/laprensacristiana.com\/?p=2065#breadcrumb","itemListElement":[{"@type":"ListItem","position":1,"name":"Portada","item":"https:\/\/laprensacristiana.com\/"},{"@type":"ListItem","position":2,"name":"Manny Pacquiao propone \u201cD\u00eda Nacional de la Biblia\u201d"}]},{"@type":"WebSite","@id":"https:\/\/laprensacristiana.com\/#website","url":"https:\/\/laprensacristiana.com\/","name":"La Prensa Cristiana","description":"Anunciando Las Buenas Nuevas","potentialAction":[{"@type":"SearchAction","target":{"@type":"EntryPoint","urlTemplate":"https:\/\/laprensacristiana.com\/?s={search_term_string}"},"query-input":"required name=search_term_string"}],"inLanguage":"es"},{"@type":"Person","@id":"https:\/\/laprensacristiana.com\/#\/schema\/person\/3e7d82c6bfd6b1fa67010f8f7cd5256e","name":"EDITOR","image":{"@type":"ImageObject","inLanguage":"es","@id":"https:\/\/laprensacristiana.com\/#\/schema\/person\/image\/","url":"https:\/\/secure.gravatar.com\/avatar\/72069dfb6c13772d9e8381e3638666d2?s=96&d=mm&r=g","contentUrl":"https:\/\/secure.gravatar.com\/avatar\/72069dfb6c13772d9e8381e3638666d2?s=96&d=mm&r=g","caption":"EDITOR"},"url":"https:\/\/laprensacristiana.com\/?author=3"}]}},"_links":{"self":[{"href":"https:\/\/laprensacristiana.com\/index.php?rest_route=\/wp\/v2\/posts\/2065"}],"collection":[{"href":"https:\/\/laprensacristiana.com\/index.php?rest_route=\/wp\/v2\/posts"}],"about":[{"href":"https:\/\/laprensacristiana.com\/index.php?rest_route=\/wp\/v2\/types\/post"}],"author":[{"embeddable":true,"href":"https:\/\/laprensacristiana.com\/index.php?rest_route=\/wp\/v2\/users\/3"}],"replies":[{"embeddable":true,"href":"https:\/\/laprensacristiana.com\/index.php?rest_route=%2Fwp%2Fv2%2Fcomments&post=2065"}],"version-history":[{"count":2,"href":"https:\/\/laprensacristiana.com\/index.php?rest_route=\/wp\/v2\/posts\/2065\/revisions"}],"predecessor-version":[{"id":2073,"href":"https:\/\/laprensacristiana.com\/index.php?rest_route=\/wp\/v2\/posts\/2065\/revisions\/2073"}],"wp:featuredmedia":[{"embeddable":true,"href":"https:\/\/laprensacristiana.com\/index.php?rest_route=\/wp\/v2\/media\/2072"}],"wp:attachment":[{"href":"https:\/\/laprensacristiana.com\/index.php?rest_route=%2Fwp%2Fv2%2Fmedia&parent=2065"}],"wp:term":[{"taxonomy":"category","embeddable":true,"href":"https:\/\/laprensacristiana.com\/index.php?rest_route=%2Fwp%2Fv2%2Fcategories&post=2065"},{"taxonomy":"post_tag","embeddable":true,"href":"https:\/\/laprensacristiana.com\/index.php?rest_route=%2Fwp%2Fv2%2Ftags&post=2065"}],"curies":[{"name":"wp","href":"https:\/\/api.w.org\/{rel}","templated":true}]}}