{"id":2080,"date":"2016-12-19T19:50:24","date_gmt":"2016-12-19T19:50:24","guid":{"rendered":"https:\/\/laprensacristiana.com\/?p=2080"},"modified":"2020-07-02T01:24:37","modified_gmt":"2020-07-02T01:24:37","slug":"tres-cosas-que-debemos-recordar-cuando-no-entendemos-el-porque","status":"publish","type":"post","link":"https:\/\/laprensacristiana.com\/?p=2080","title":{"rendered":"Tres cosas que debemos recordar cuando no entendemos el \u00bfpor qu\u00e9?"},"content":{"rendered":"<p style=\"text-align: justify;\"><span style=\"color: #333399;\">POR JULY DE SOSA<\/span><\/p>\n<p style=\"text-align: justify;\"><span style=\"color: #333399;\">A menudo escucho a cristianos hacer la siguiente pregunta: \u00bfPor qu\u00e9 Dios me permite pasar por este momento? Refiri\u00e9ndose a una situaci\u00f3n \u201cdesfavorable\u201d y m\u00e1s cuando de salud se trata. F\u00e1cilmente en nuestra naturaleza humana; olvidamos que Dios tiene un prop\u00f3sito individual con cada uno de nosotros; y \u00c9L, no est\u00e1 obligado a revelarnos ese prop\u00f3sito. Como el Se\u00f1or de nuestras vidas que es, as\u00ed, lo hemos declarado por voluntad propia. Y aunque no lo hici\u00e9ramos \u00c9L, sigue siendo Dios y no tiene por qu\u00e9 darle explicaciones a nadie de lo que hace, o deja de hacer (Jerem\u00edas 18:6)<\/span><\/p>\n<p style=\"text-align: justify;\"><span style=\"color: #333399;\">Pero gracias a su inmenso amor Dios, ha dejado su palabra escrita para que cuando nos encontremos en el momento de no entender el \u00bfporque? Encontremos consuelo, paz, y esperanza; en medio de cualquier situaci\u00f3n por dif\u00edcil que sea. A continuaci\u00f3n, le sugiero tres cosas que debe recordar cuando se encuentre frente a un \u00bfPor qu\u00e9? Lo primero a recordar es la promesa escrita en <strong>1 Pedro 5:10 Despu\u00e9s que hay\u00e1is padecido un poco de tiempo<\/strong> <strong>Dios mismo os perfeccione, afirme, fortalezca, y\u00a0\u00a0 establezca. <\/strong>\u201cDios har\u00e1 maravillas con usted y en usted, despu\u00e9s de la prueba\u201d<\/span><\/p>\n<p style=\"text-align: justify;\"><span style=\"color: #333399;\">Lo segundo que debemos recordar en medio de ese \u00bfPor qu\u00e9? Es la verdad acerca de Dios. <strong>sus pensamientos no son vuestros pensamientos, ni vuestros caminos sus caminos. Como son m\u00e1s altos lo cielos que la tierra, as\u00ed son mis caminos m\u00e1s altos que vuestros caminos, y mis pensamientos m\u00e1s que vuestros pensamientos. As\u00ed dice Jehov\u00e1. (Isa\u00edas 55:8-9)<\/strong>\u00a0\u00a0 El gran yo soy cuida de nosotros amorosamente pase lo que pase; porque \u00c9L, tiene un prop\u00f3sito con nuestra vida que cumplir\u00e1 para nuestro bien Romanos 8:28.<\/span><\/p>\n<p style=\"text-align: justify;\"><span style=\"color: #333399;\">Y lo \u00faltimo, pero no menos importante que debemos recordar es dar gracias&#8230; <strong>Dar gracias a Dios por todo porque esta es la voluntad de Dios para con vosotros en cristo Jes\u00fas. 1 Tesalonicenses 5:18.<\/strong><\/span><\/p>\n<p style=\"text-align: justify;\"><span style=\"color: #333399;\">Es importante que como creyentes conozcamos, y abracemos, la palabra de Dios meditando en ella en todo tiempo. La Biblia es como un escudo para el creyente y s\u00ed est\u00e1 en tu boca, mente, y coraz\u00f3n; el Esp\u00edritu Santo te la recordar\u00e1 en el momento que necesites saciarte de ella para continuar tu camino de peregrino en esta tierra, en la que somos \u201cembajadores de Cristo\u201d<\/span><\/p>\n<p style=\"text-align: justify;\"><span style=\"color: #333399;\">Para finalizar le invito a que busque en su biblia Romanos 5:1-4.<\/span><\/p>\n<p style=\"text-align: justify;\"><span style=\"color: #333399;\">\u00a1Feliz semana! Para todos, y un fuerte abrazo de mi parte para quienes est\u00e1n frente a un<\/span><\/p>\n<p style=\"text-align: justify;\"><span style=\"color: #333399;\">\u00bfPor qu\u00e9?<\/span><\/p>\n<p style=\"text-align: justify;\">\n","protected":false},"excerpt":{"rendered":"<p>POR JULY DE SOSA A menudo escucho a cristianos hacer la siguiente pregunta: \u00bfPor qu\u00e9 Dios me permite pasar por este momento? Refiri\u00e9ndose a una situaci\u00f3n \u201cdesfavorable\u201d y m\u00e1s cuando de salud se trata. F\u00e1cilmente en nuestra naturaleza humana; olvidamos que Dios tiene un prop\u00f3sito individual con cada uno de nosotros; y \u00c9L, no est\u00e1 [&hellip;]<\/p>\n","protected":false},"author":3,"featured_media":1032,"comment_status":"open","ping_status":"open","sticky":false,"template":"","format":"standard","meta":[],"categories":[36],"tags":[],"yoast_head":"<!-- This site is optimized with the Yoast SEO plugin v20.8 - https:\/\/yoast.com\/wordpress\/plugins\/seo\/ -->\n<title>Tres cosas que debemos recordar cuando no entendemos el \u00bfpor qu\u00e9? - La Prensa Cristiana<\/title>\n<meta name=\"robots\" content=\"index, follow, max-snippet:-1, max-image-preview:large, max-video-preview:-1\" \/>\n<link rel=\"canonical\" href=\"https:\/\/laprensacristiana.com\/?p=2080\" \/>\n<meta property=\"og:locale\" content=\"es_ES\" \/>\n<meta property=\"og:type\" content=\"article\" \/>\n<meta property=\"og:title\" content=\"Tres cosas que debemos recordar cuando no entendemos el \u00bfpor qu\u00e9? - La Prensa Cristiana\" \/>\n<meta property=\"og:description\" content=\"POR JULY DE SOSA A menudo escucho a cristianos hacer la siguiente pregunta: \u00bfPor qu\u00e9 Dios me permite pasar por este momento? Refiri\u00e9ndose a una situaci\u00f3n \u201cdesfavorable\u201d y m\u00e1s cuando de salud se trata. F\u00e1cilmente en nuestra naturaleza humana; olvidamos que Dios tiene un prop\u00f3sito individual con cada uno de nosotros; y \u00c9L, no est\u00e1 [&hellip;]\" \/>\n<meta property=\"og:url\" content=\"https:\/\/laprensacristiana.com\/?p=2080\" \/>\n<meta property=\"og:site_name\" content=\"La Prensa Cristiana\" \/>\n<meta property=\"article:published_time\" content=\"2016-12-19T19:50:24+00:00\" \/>\n<meta property=\"article:modified_time\" content=\"2020-07-02T01:24:37+00:00\" \/>\n<meta property=\"og:image\" content=\"https:\/\/laprensacristiana.com\/wp-content\/uploads\/2016\/07\/image.jpeg\" \/>\n\t<meta property=\"og:image:width\" content=\"1280\" \/>\n\t<meta property=\"og:image:height\" content=\"714\" \/>\n\t<meta property=\"og:image:type\" content=\"image\/jpeg\" \/>\n<meta name=\"author\" content=\"EDITOR\" \/>\n<meta name=\"twitter:card\" content=\"summary_large_image\" \/>\n<meta name=\"twitter:label1\" content=\"Escrito por\" \/>\n\t<meta name=\"twitter:data1\" content=\"EDITOR\" \/>\n\t<meta name=\"twitter:label2\" content=\"Tiempo de lectura\" \/>\n\t<meta name=\"twitter:data2\" content=\"2 minutos\" \/>\n<script type=\"application\/ld+json\" class=\"yoast-schema-graph\">{\"@context\":\"https:\/\/schema.org\",\"@graph\":[{\"@type\":\"WebPage\",\"@id\":\"https:\/\/laprensacristiana.com\/?p=2080\",\"url\":\"https:\/\/laprensacristiana.com\/?p=2080\",\"name\":\"Tres cosas que debemos recordar cuando no entendemos el \u00bfpor qu\u00e9? - La Prensa Cristiana\",\"isPartOf\":{\"@id\":\"https:\/\/laprensacristiana.com\/#website\"},\"datePublished\":\"2016-12-19T19:50:24+00:00\",\"dateModified\":\"2020-07-02T01:24:37+00:00\",\"author\":{\"@id\":\"https:\/\/laprensacristiana.com\/#\/schema\/person\/3e7d82c6bfd6b1fa67010f8f7cd5256e\"},\"breadcrumb\":{\"@id\":\"https:\/\/laprensacristiana.com\/?p=2080#breadcrumb\"},\"inLanguage\":\"es\",\"potentialAction\":[{\"@type\":\"ReadAction\",\"target\":[\"https:\/\/laprensacristiana.com\/?p=2080\"]}]},{\"@type\":\"BreadcrumbList\",\"@id\":\"https:\/\/laprensacristiana.com\/?p=2080#breadcrumb\",\"itemListElement\":[{\"@type\":\"ListItem\",\"position\":1,\"name\":\"Portada\",\"item\":\"https:\/\/laprensacristiana.com\/\"},{\"@type\":\"ListItem\",\"position\":2,\"name\":\"Tres cosas que debemos recordar cuando no entendemos el \u00bfpor qu\u00e9?\"}]},{\"@type\":\"WebSite\",\"@id\":\"https:\/\/laprensacristiana.com\/#website\",\"url\":\"https:\/\/laprensacristiana.com\/\",\"name\":\"La Prensa Cristiana\",\"description\":\"Anunciando Las Buenas Nuevas\",\"potentialAction\":[{\"@type\":\"SearchAction\",\"target\":{\"@type\":\"EntryPoint\",\"urlTemplate\":\"https:\/\/laprensacristiana.com\/?s={search_term_string}\"},\"query-input\":\"required name=search_term_string\"}],\"inLanguage\":\"es\"},{\"@type\":\"Person\",\"@id\":\"https:\/\/laprensacristiana.com\/#\/schema\/person\/3e7d82c6bfd6b1fa67010f8f7cd5256e\",\"name\":\"EDITOR\",\"image\":{\"@type\":\"ImageObject\",\"inLanguage\":\"es\",\"@id\":\"https:\/\/laprensacristiana.com\/#\/schema\/person\/image\/\",\"url\":\"https:\/\/secure.gravatar.com\/avatar\/72069dfb6c13772d9e8381e3638666d2?s=96&d=mm&r=g\",\"contentUrl\":\"https:\/\/secure.gravatar.com\/avatar\/72069dfb6c13772d9e8381e3638666d2?s=96&d=mm&r=g\",\"caption\":\"EDITOR\"},\"url\":\"https:\/\/laprensacristiana.com\/?author=3\"}]}<\/script>\n<!-- \/ Yoast SEO plugin. -->","yoast_head_json":{"title":"Tres cosas que debemos recordar cuando no entendemos el \u00bfpor qu\u00e9? - La Prensa Cristiana","robots":{"index":"index","follow":"follow","max-snippet":"max-snippet:-1","max-image-preview":"max-image-preview:large","max-video-preview":"max-video-preview:-1"},"canonical":"https:\/\/laprensacristiana.com\/?p=2080","og_locale":"es_ES","og_type":"article","og_title":"Tres cosas que debemos recordar cuando no entendemos el \u00bfpor qu\u00e9? - La Prensa Cristiana","og_description":"POR JULY DE SOSA A menudo escucho a cristianos hacer la siguiente pregunta: \u00bfPor qu\u00e9 Dios me permite pasar por este momento? Refiri\u00e9ndose a una situaci\u00f3n \u201cdesfavorable\u201d y m\u00e1s cuando de salud se trata. F\u00e1cilmente en nuestra naturaleza humana; olvidamos que Dios tiene un prop\u00f3sito individual con cada uno de nosotros; y \u00c9L, no est\u00e1 [&hellip;]","og_url":"https:\/\/laprensacristiana.com\/?p=2080","og_site_name":"La Prensa Cristiana","article_published_time":"2016-12-19T19:50:24+00:00","article_modified_time":"2020-07-02T01:24:37+00:00","og_image":[{"width":1280,"height":714,"url":"https:\/\/laprensacristiana.com\/wp-content\/uploads\/2016\/07\/image.jpeg","type":"image\/jpeg"}],"author":"EDITOR","twitter_card":"summary_large_image","twitter_misc":{"Escrito por":"EDITOR","Tiempo de lectura":"2 minutos"},"schema":{"@context":"https:\/\/schema.org","@graph":[{"@type":"WebPage","@id":"https:\/\/laprensacristiana.com\/?p=2080","url":"https:\/\/laprensacristiana.com\/?p=2080","name":"Tres cosas que debemos recordar cuando no entendemos el \u00bfpor qu\u00e9? - La Prensa Cristiana","isPartOf":{"@id":"https:\/\/laprensacristiana.com\/#website"},"datePublished":"2016-12-19T19:50:24+00:00","dateModified":"2020-07-02T01:24:37+00:00","author":{"@id":"https:\/\/laprensacristiana.com\/#\/schema\/person\/3e7d82c6bfd6b1fa67010f8f7cd5256e"},"breadcrumb":{"@id":"https:\/\/laprensacristiana.com\/?p=2080#breadcrumb"},"inLanguage":"es","potentialAction":[{"@type":"ReadAction","target":["https:\/\/laprensacristiana.com\/?p=2080"]}]},{"@type":"BreadcrumbList","@id":"https:\/\/laprensacristiana.com\/?p=2080#breadcrumb","itemListElement":[{"@type":"ListItem","position":1,"name":"Portada","item":"https:\/\/laprensacristiana.com\/"},{"@type":"ListItem","position":2,"name":"Tres cosas que debemos recordar cuando no entendemos el \u00bfpor qu\u00e9?"}]},{"@type":"WebSite","@id":"https:\/\/laprensacristiana.com\/#website","url":"https:\/\/laprensacristiana.com\/","name":"La Prensa Cristiana","description":"Anunciando Las Buenas Nuevas","potentialAction":[{"@type":"SearchAction","target":{"@type":"EntryPoint","urlTemplate":"https:\/\/laprensacristiana.com\/?s={search_term_string}"},"query-input":"required name=search_term_string"}],"inLanguage":"es"},{"@type":"Person","@id":"https:\/\/laprensacristiana.com\/#\/schema\/person\/3e7d82c6bfd6b1fa67010f8f7cd5256e","name":"EDITOR","image":{"@type":"ImageObject","inLanguage":"es","@id":"https:\/\/laprensacristiana.com\/#\/schema\/person\/image\/","url":"https:\/\/secure.gravatar.com\/avatar\/72069dfb6c13772d9e8381e3638666d2?s=96&d=mm&r=g","contentUrl":"https:\/\/secure.gravatar.com\/avatar\/72069dfb6c13772d9e8381e3638666d2?s=96&d=mm&r=g","caption":"EDITOR"},"url":"https:\/\/laprensacristiana.com\/?author=3"}]}},"_links":{"self":[{"href":"https:\/\/laprensacristiana.com\/index.php?rest_route=\/wp\/v2\/posts\/2080"}],"collection":[{"href":"https:\/\/laprensacristiana.com\/index.php?rest_route=\/wp\/v2\/posts"}],"about":[{"href":"https:\/\/laprensacristiana.com\/index.php?rest_route=\/wp\/v2\/types\/post"}],"author":[{"embeddable":true,"href":"https:\/\/laprensacristiana.com\/index.php?rest_route=\/wp\/v2\/users\/3"}],"replies":[{"embeddable":true,"href":"https:\/\/laprensacristiana.com\/index.php?rest_route=%2Fwp%2Fv2%2Fcomments&post=2080"}],"version-history":[{"count":2,"href":"https:\/\/laprensacristiana.com\/index.php?rest_route=\/wp\/v2\/posts\/2080\/revisions"}],"predecessor-version":[{"id":2091,"href":"https:\/\/laprensacristiana.com\/index.php?rest_route=\/wp\/v2\/posts\/2080\/revisions\/2091"}],"wp:featuredmedia":[{"embeddable":true,"href":"https:\/\/laprensacristiana.com\/index.php?rest_route=\/wp\/v2\/media\/1032"}],"wp:attachment":[{"href":"https:\/\/laprensacristiana.com\/index.php?rest_route=%2Fwp%2Fv2%2Fmedia&parent=2080"}],"wp:term":[{"taxonomy":"category","embeddable":true,"href":"https:\/\/laprensacristiana.com\/index.php?rest_route=%2Fwp%2Fv2%2Fcategories&post=2080"},{"taxonomy":"post_tag","embeddable":true,"href":"https:\/\/laprensacristiana.com\/index.php?rest_route=%2Fwp%2Fv2%2Ftags&post=2080"}],"curies":[{"name":"wp","href":"https:\/\/api.w.org\/{rel}","templated":true}]}}