{"id":2102,"date":"2016-12-21T20:58:11","date_gmt":"2016-12-21T20:58:11","guid":{"rendered":"https:\/\/laprensacristiana.com\/?p=2102"},"modified":"2020-07-02T01:24:04","modified_gmt":"2020-07-02T01:24:04","slug":"rechazan-demanda-sobre-matrimonio-igualitario","status":"publish","type":"post","link":"https:\/\/laprensacristiana.com\/?p=2102","title":{"rendered":"Rechazan demanda sobre matrimonio igualitario"},"content":{"rendered":"<p>La Sala de lo Constitucional de la Corte Suprema de Justicia (CSJ), pronunci\u00f3 un comunicado el d\u00eda de ayer en el cual habr\u00eda rechazado una demanda de institucionalidad contra el art\u00edculo 11 del C\u00f3digo de Familia.<\/p>\n<p>La demanda fue intercalada por el abogado Herberth Vega, \u00e9l hizo hincapi\u00e9 en que hab\u00eda incompatibilidad entre el articulo antes mencionado con el art\u00edculo 32 de la Constituci\u00f3n de la Rep\u00fablica.<\/p>\n<p>El abogado, puntualiz\u00f3 en que el art\u00edculo 11 del C\u00f3digo de Familia,\u00a0 el matrimonio ser\u00e1 legal solo entre mujer y hombre; pero en el art\u00edculo 32 de la Carta Magna no constituye distinci\u00f3n alguna respecto en este derecho al matrimonio.<\/p>\n<p>En vista que a la Sala le pareci\u00f3 un error el no justificar claramente lo que el demandante solicitaba de la supuesta discrepancia, resolvi\u00f3 un rechazo ante dicha demanda.<\/p>\n<p>Adem\u00e1s la Sala, mencion\u00f3 que existen varias demandas alrededor de este tema que tienen que revisar.<\/p>\n","protected":false},"excerpt":{"rendered":"<p>La Sala de lo Constitucional de la Corte Suprema de Justicia (CSJ), pronunci\u00f3 un comunicado el d\u00eda de ayer en el cual habr\u00eda rechazado una demanda de institucionalidad contra el art\u00edculo 11 del C\u00f3digo de Familia. La demanda fue intercalada por el abogado Herberth Vega, \u00e9l hizo hincapi\u00e9 en que hab\u00eda incompatibilidad entre el articulo [&hellip;]<\/p>\n","protected":false},"author":3,"featured_media":2110,"comment_status":"open","ping_status":"open","sticky":false,"template":"","format":"standard","meta":[],"categories":[56],"tags":[],"yoast_head":"<!-- This site is optimized with the Yoast SEO plugin v20.8 - https:\/\/yoast.com\/wordpress\/plugins\/seo\/ -->\n<title>Rechazan demanda sobre matrimonio igualitario - La Prensa Cristiana<\/title>\n<meta name=\"robots\" content=\"index, follow, max-snippet:-1, max-image-preview:large, max-video-preview:-1\" \/>\n<link rel=\"canonical\" href=\"https:\/\/laprensacristiana.com\/?p=2102\" \/>\n<meta property=\"og:locale\" content=\"es_ES\" \/>\n<meta property=\"og:type\" content=\"article\" \/>\n<meta property=\"og:title\" content=\"Rechazan demanda sobre matrimonio igualitario - La Prensa Cristiana\" \/>\n<meta property=\"og:description\" content=\"La Sala de lo Constitucional de la Corte Suprema de Justicia (CSJ), pronunci\u00f3 un comunicado el d\u00eda de ayer en el cual habr\u00eda rechazado una demanda de institucionalidad contra el art\u00edculo 11 del C\u00f3digo de Familia. La demanda fue intercalada por el abogado Herberth Vega, \u00e9l hizo hincapi\u00e9 en que hab\u00eda incompatibilidad entre el articulo [&hellip;]\" \/>\n<meta property=\"og:url\" content=\"https:\/\/laprensacristiana.com\/?p=2102\" \/>\n<meta property=\"og:site_name\" content=\"La Prensa Cristiana\" \/>\n<meta property=\"article:published_time\" content=\"2016-12-21T20:58:11+00:00\" \/>\n<meta property=\"article:modified_time\" content=\"2020-07-02T01:24:04+00:00\" \/>\n<meta property=\"og:image\" content=\"https:\/\/laprensacristiana.com\/wp-content\/uploads\/2016\/12\/salaconstitucional.jpg\" \/>\n\t<meta property=\"og:image:width\" content=\"591\" \/>\n\t<meta property=\"og:image:height\" content=\"410\" \/>\n\t<meta property=\"og:image:type\" content=\"image\/jpeg\" \/>\n<meta name=\"author\" content=\"EDITOR\" \/>\n<meta name=\"twitter:card\" content=\"summary_large_image\" \/>\n<meta name=\"twitter:label1\" content=\"Escrito por\" \/>\n\t<meta name=\"twitter:data1\" content=\"EDITOR\" \/>\n\t<meta name=\"twitter:label2\" content=\"Tiempo de lectura\" \/>\n\t<meta name=\"twitter:data2\" content=\"1 minuto\" \/>\n<script type=\"application\/ld+json\" class=\"yoast-schema-graph\">{\"@context\":\"https:\/\/schema.org\",\"@graph\":[{\"@type\":\"WebPage\",\"@id\":\"https:\/\/laprensacristiana.com\/?p=2102\",\"url\":\"https:\/\/laprensacristiana.com\/?p=2102\",\"name\":\"Rechazan demanda sobre matrimonio igualitario - La Prensa Cristiana\",\"isPartOf\":{\"@id\":\"https:\/\/laprensacristiana.com\/#website\"},\"datePublished\":\"2016-12-21T20:58:11+00:00\",\"dateModified\":\"2020-07-02T01:24:04+00:00\",\"author\":{\"@id\":\"https:\/\/laprensacristiana.com\/#\/schema\/person\/3e7d82c6bfd6b1fa67010f8f7cd5256e\"},\"breadcrumb\":{\"@id\":\"https:\/\/laprensacristiana.com\/?p=2102#breadcrumb\"},\"inLanguage\":\"es\",\"potentialAction\":[{\"@type\":\"ReadAction\",\"target\":[\"https:\/\/laprensacristiana.com\/?p=2102\"]}]},{\"@type\":\"BreadcrumbList\",\"@id\":\"https:\/\/laprensacristiana.com\/?p=2102#breadcrumb\",\"itemListElement\":[{\"@type\":\"ListItem\",\"position\":1,\"name\":\"Portada\",\"item\":\"https:\/\/laprensacristiana.com\/\"},{\"@type\":\"ListItem\",\"position\":2,\"name\":\"Rechazan demanda sobre matrimonio igualitario\"}]},{\"@type\":\"WebSite\",\"@id\":\"https:\/\/laprensacristiana.com\/#website\",\"url\":\"https:\/\/laprensacristiana.com\/\",\"name\":\"La Prensa Cristiana\",\"description\":\"Anunciando Las Buenas Nuevas\",\"potentialAction\":[{\"@type\":\"SearchAction\",\"target\":{\"@type\":\"EntryPoint\",\"urlTemplate\":\"https:\/\/laprensacristiana.com\/?s={search_term_string}\"},\"query-input\":\"required name=search_term_string\"}],\"inLanguage\":\"es\"},{\"@type\":\"Person\",\"@id\":\"https:\/\/laprensacristiana.com\/#\/schema\/person\/3e7d82c6bfd6b1fa67010f8f7cd5256e\",\"name\":\"EDITOR\",\"image\":{\"@type\":\"ImageObject\",\"inLanguage\":\"es\",\"@id\":\"https:\/\/laprensacristiana.com\/#\/schema\/person\/image\/\",\"url\":\"https:\/\/secure.gravatar.com\/avatar\/72069dfb6c13772d9e8381e3638666d2?s=96&d=mm&r=g\",\"contentUrl\":\"https:\/\/secure.gravatar.com\/avatar\/72069dfb6c13772d9e8381e3638666d2?s=96&d=mm&r=g\",\"caption\":\"EDITOR\"},\"url\":\"https:\/\/laprensacristiana.com\/?author=3\"}]}<\/script>\n<!-- \/ Yoast SEO plugin. -->","yoast_head_json":{"title":"Rechazan demanda sobre matrimonio igualitario - La Prensa Cristiana","robots":{"index":"index","follow":"follow","max-snippet":"max-snippet:-1","max-image-preview":"max-image-preview:large","max-video-preview":"max-video-preview:-1"},"canonical":"https:\/\/laprensacristiana.com\/?p=2102","og_locale":"es_ES","og_type":"article","og_title":"Rechazan demanda sobre matrimonio igualitario - La Prensa Cristiana","og_description":"La Sala de lo Constitucional de la Corte Suprema de Justicia (CSJ), pronunci\u00f3 un comunicado el d\u00eda de ayer en el cual habr\u00eda rechazado una demanda de institucionalidad contra el art\u00edculo 11 del C\u00f3digo de Familia. La demanda fue intercalada por el abogado Herberth Vega, \u00e9l hizo hincapi\u00e9 en que hab\u00eda incompatibilidad entre el articulo [&hellip;]","og_url":"https:\/\/laprensacristiana.com\/?p=2102","og_site_name":"La Prensa Cristiana","article_published_time":"2016-12-21T20:58:11+00:00","article_modified_time":"2020-07-02T01:24:04+00:00","og_image":[{"width":591,"height":410,"url":"https:\/\/laprensacristiana.com\/wp-content\/uploads\/2016\/12\/salaconstitucional.jpg","type":"image\/jpeg"}],"author":"EDITOR","twitter_card":"summary_large_image","twitter_misc":{"Escrito por":"EDITOR","Tiempo de lectura":"1 minuto"},"schema":{"@context":"https:\/\/schema.org","@graph":[{"@type":"WebPage","@id":"https:\/\/laprensacristiana.com\/?p=2102","url":"https:\/\/laprensacristiana.com\/?p=2102","name":"Rechazan demanda sobre matrimonio igualitario - La Prensa Cristiana","isPartOf":{"@id":"https:\/\/laprensacristiana.com\/#website"},"datePublished":"2016-12-21T20:58:11+00:00","dateModified":"2020-07-02T01:24:04+00:00","author":{"@id":"https:\/\/laprensacristiana.com\/#\/schema\/person\/3e7d82c6bfd6b1fa67010f8f7cd5256e"},"breadcrumb":{"@id":"https:\/\/laprensacristiana.com\/?p=2102#breadcrumb"},"inLanguage":"es","potentialAction":[{"@type":"ReadAction","target":["https:\/\/laprensacristiana.com\/?p=2102"]}]},{"@type":"BreadcrumbList","@id":"https:\/\/laprensacristiana.com\/?p=2102#breadcrumb","itemListElement":[{"@type":"ListItem","position":1,"name":"Portada","item":"https:\/\/laprensacristiana.com\/"},{"@type":"ListItem","position":2,"name":"Rechazan demanda sobre matrimonio igualitario"}]},{"@type":"WebSite","@id":"https:\/\/laprensacristiana.com\/#website","url":"https:\/\/laprensacristiana.com\/","name":"La Prensa Cristiana","description":"Anunciando Las Buenas Nuevas","potentialAction":[{"@type":"SearchAction","target":{"@type":"EntryPoint","urlTemplate":"https:\/\/laprensacristiana.com\/?s={search_term_string}"},"query-input":"required name=search_term_string"}],"inLanguage":"es"},{"@type":"Person","@id":"https:\/\/laprensacristiana.com\/#\/schema\/person\/3e7d82c6bfd6b1fa67010f8f7cd5256e","name":"EDITOR","image":{"@type":"ImageObject","inLanguage":"es","@id":"https:\/\/laprensacristiana.com\/#\/schema\/person\/image\/","url":"https:\/\/secure.gravatar.com\/avatar\/72069dfb6c13772d9e8381e3638666d2?s=96&d=mm&r=g","contentUrl":"https:\/\/secure.gravatar.com\/avatar\/72069dfb6c13772d9e8381e3638666d2?s=96&d=mm&r=g","caption":"EDITOR"},"url":"https:\/\/laprensacristiana.com\/?author=3"}]}},"_links":{"self":[{"href":"https:\/\/laprensacristiana.com\/index.php?rest_route=\/wp\/v2\/posts\/2102"}],"collection":[{"href":"https:\/\/laprensacristiana.com\/index.php?rest_route=\/wp\/v2\/posts"}],"about":[{"href":"https:\/\/laprensacristiana.com\/index.php?rest_route=\/wp\/v2\/types\/post"}],"author":[{"embeddable":true,"href":"https:\/\/laprensacristiana.com\/index.php?rest_route=\/wp\/v2\/users\/3"}],"replies":[{"embeddable":true,"href":"https:\/\/laprensacristiana.com\/index.php?rest_route=%2Fwp%2Fv2%2Fcomments&post=2102"}],"version-history":[{"count":5,"href":"https:\/\/laprensacristiana.com\/index.php?rest_route=\/wp\/v2\/posts\/2102\/revisions"}],"predecessor-version":[{"id":2112,"href":"https:\/\/laprensacristiana.com\/index.php?rest_route=\/wp\/v2\/posts\/2102\/revisions\/2112"}],"wp:featuredmedia":[{"embeddable":true,"href":"https:\/\/laprensacristiana.com\/index.php?rest_route=\/wp\/v2\/media\/2110"}],"wp:attachment":[{"href":"https:\/\/laprensacristiana.com\/index.php?rest_route=%2Fwp%2Fv2%2Fmedia&parent=2102"}],"wp:term":[{"taxonomy":"category","embeddable":true,"href":"https:\/\/laprensacristiana.com\/index.php?rest_route=%2Fwp%2Fv2%2Fcategories&post=2102"},{"taxonomy":"post_tag","embeddable":true,"href":"https:\/\/laprensacristiana.com\/index.php?rest_route=%2Fwp%2Fv2%2Ftags&post=2102"}],"curies":[{"name":"wp","href":"https:\/\/api.w.org\/{rel}","templated":true}]}}