{"id":2115,"date":"2016-12-22T21:31:26","date_gmt":"2016-12-22T21:31:26","guid":{"rendered":"https:\/\/laprensacristiana.com\/?p=2115"},"modified":"2020-07-02T01:23:51","modified_gmt":"2020-07-02T01:23:51","slug":"samuel-bautista-presenta-su-disco-gracias","status":"publish","type":"post","link":"https:\/\/laprensacristiana.com\/?p=2115","title":{"rendered":"Samuel Bautista presenta su disco \u201cGracias\u201d"},"content":{"rendered":"<p>Samuel, es un compositor que lleva muchos a\u00f1os en el mundo musical, pues desde los 11 a\u00f1os de edad empez\u00f3 a tocar guitarra, pero no hab\u00eda desarrollado la parte vocal, fue m\u00e1s adelante que en su iglesia inicio a cantar.<\/p>\n<p>Su material titulado \u201cGracias\u201d, fue trabajado por \u00e9l durante tres a\u00f1os con arreglos del productor Tito Mart\u00ednez. Con estilo congregacional, es un disco muy alegre. Cada una de las alabanzas tiene un mensaje significativo, pues cada una representa los momentos en que Bautista fue administrado por Dios.<\/p>\n<p>Una de las canciones m\u00e1s llamativas del disco es \u201cIshi\u201d, que seg\u00fan lo que comenta Samuel, est\u00e1 basado en el libro de Oseas cap\u00edtulo 2 y es que la palabra significa \u201cEsposo\u201d; pues la letra hace alusi\u00f3n al momento en que como personas debemos de soltarnos de todo aquello que nos ata como: amistad y dinero, y nosotros llegamos a un punto en donde ya no encontramos ayuda de nadie, no hay amigos, familia, trabajo, solamente Dios.<\/p>\n<p>Para Samuel, la canci\u00f3n m\u00e1s representativa en su vida es \u201cEl gozo de mi salvaci\u00f3n\u201d, siendo esta la \u00faltima la canci\u00f3n que realiz\u00f3. La letra, expresa el \u00e1nimo necesario para seguir adelante. \u201cAmar como t\u00fa\u201d es una canci\u00f3n que habla acerca del amor que tiene Dios para todos, y es que seg\u00fan Samuel los cristianos nos creemos \u201cSupermanes\u201d, menospreciamos, nos creemos mejores y se nos olvida que por obra de Dios estamos donde estamos. \u201cHay que amar al pr\u00f3jimo, no solo juzgarlo, amar como Dios lo hace\u201d. Expres\u00f3.<\/p>\n<p>Samuel, cuenta que fue Dios quien lo puso en este camino, pues dejo todo para incursionar en este mundo, en el que ahora se siente pleno. \u201cMe meti\u00f3 a la fuerza en un proceso que ten\u00eda que conocer\u201d. Dijo.<\/p>\n<p>Menciono adem\u00e1s, que espera que la gente lo reciba tal y como es, cada canci\u00f3n es un proceso en el cual Dios nos somete. A\u00fan no hay fecha del lanzamiento oficial de esta producci\u00f3n, sin embargo las canciones ya est\u00e1n sonando en las radios de nuestro pa\u00eds.<\/p>\n","protected":false},"excerpt":{"rendered":"<p>Samuel, es un compositor que lleva muchos a\u00f1os en el mundo musical, pues desde los 11 a\u00f1os de edad empez\u00f3 a tocar guitarra, pero no hab\u00eda desarrollado la parte vocal, fue m\u00e1s adelante que en su iglesia inicio a cantar. Su material titulado \u201cGracias\u201d, fue trabajado por \u00e9l durante tres a\u00f1os con arreglos del productor [&hellip;]<\/p>\n","protected":false},"author":3,"featured_media":2116,"comment_status":"open","ping_status":"open","sticky":false,"template":"","format":"standard","meta":[],"categories":[101],"tags":[],"yoast_head":"<!-- This site is optimized with the Yoast SEO plugin v20.8 - https:\/\/yoast.com\/wordpress\/plugins\/seo\/ -->\n<title>Samuel Bautista presenta su disco \u201cGracias\u201d - La Prensa Cristiana<\/title>\n<meta name=\"robots\" content=\"index, follow, max-snippet:-1, max-image-preview:large, max-video-preview:-1\" \/>\n<link rel=\"canonical\" href=\"https:\/\/laprensacristiana.com\/?p=2115\" \/>\n<meta property=\"og:locale\" content=\"es_ES\" \/>\n<meta property=\"og:type\" content=\"article\" \/>\n<meta property=\"og:title\" content=\"Samuel Bautista presenta su disco \u201cGracias\u201d - La Prensa Cristiana\" \/>\n<meta property=\"og:description\" content=\"Samuel, es un compositor que lleva muchos a\u00f1os en el mundo musical, pues desde los 11 a\u00f1os de edad empez\u00f3 a tocar guitarra, pero no hab\u00eda desarrollado la parte vocal, fue m\u00e1s adelante que en su iglesia inicio a cantar. Su material titulado \u201cGracias\u201d, fue trabajado por \u00e9l durante tres a\u00f1os con arreglos del productor [&hellip;]\" \/>\n<meta property=\"og:url\" content=\"https:\/\/laprensacristiana.com\/?p=2115\" \/>\n<meta property=\"og:site_name\" content=\"La Prensa Cristiana\" \/>\n<meta property=\"article:published_time\" content=\"2016-12-22T21:31:26+00:00\" \/>\n<meta property=\"article:modified_time\" content=\"2020-07-02T01:23:51+00:00\" \/>\n<meta property=\"og:image\" content=\"https:\/\/laprensacristiana.com\/wp-content\/uploads\/2016\/12\/SAMUEL.jpg\" \/>\n\t<meta property=\"og:image:width\" content=\"567\" \/>\n\t<meta property=\"og:image:height\" content=\"694\" \/>\n\t<meta property=\"og:image:type\" content=\"image\/jpeg\" \/>\n<meta name=\"author\" content=\"EDITOR\" \/>\n<meta name=\"twitter:card\" content=\"summary_large_image\" \/>\n<meta name=\"twitter:label1\" content=\"Escrito por\" \/>\n\t<meta name=\"twitter:data1\" content=\"EDITOR\" \/>\n\t<meta name=\"twitter:label2\" content=\"Tiempo de lectura\" \/>\n\t<meta name=\"twitter:data2\" content=\"2 minutos\" \/>\n<script type=\"application\/ld+json\" class=\"yoast-schema-graph\">{\"@context\":\"https:\/\/schema.org\",\"@graph\":[{\"@type\":\"WebPage\",\"@id\":\"https:\/\/laprensacristiana.com\/?p=2115\",\"url\":\"https:\/\/laprensacristiana.com\/?p=2115\",\"name\":\"Samuel Bautista presenta su disco \u201cGracias\u201d - La Prensa Cristiana\",\"isPartOf\":{\"@id\":\"https:\/\/laprensacristiana.com\/#website\"},\"datePublished\":\"2016-12-22T21:31:26+00:00\",\"dateModified\":\"2020-07-02T01:23:51+00:00\",\"author\":{\"@id\":\"https:\/\/laprensacristiana.com\/#\/schema\/person\/3e7d82c6bfd6b1fa67010f8f7cd5256e\"},\"breadcrumb\":{\"@id\":\"https:\/\/laprensacristiana.com\/?p=2115#breadcrumb\"},\"inLanguage\":\"es\",\"potentialAction\":[{\"@type\":\"ReadAction\",\"target\":[\"https:\/\/laprensacristiana.com\/?p=2115\"]}]},{\"@type\":\"BreadcrumbList\",\"@id\":\"https:\/\/laprensacristiana.com\/?p=2115#breadcrumb\",\"itemListElement\":[{\"@type\":\"ListItem\",\"position\":1,\"name\":\"Portada\",\"item\":\"https:\/\/laprensacristiana.com\/\"},{\"@type\":\"ListItem\",\"position\":2,\"name\":\"Samuel Bautista presenta su disco \u201cGracias\u201d\"}]},{\"@type\":\"WebSite\",\"@id\":\"https:\/\/laprensacristiana.com\/#website\",\"url\":\"https:\/\/laprensacristiana.com\/\",\"name\":\"La Prensa Cristiana\",\"description\":\"Anunciando Las Buenas Nuevas\",\"potentialAction\":[{\"@type\":\"SearchAction\",\"target\":{\"@type\":\"EntryPoint\",\"urlTemplate\":\"https:\/\/laprensacristiana.com\/?s={search_term_string}\"},\"query-input\":\"required name=search_term_string\"}],\"inLanguage\":\"es\"},{\"@type\":\"Person\",\"@id\":\"https:\/\/laprensacristiana.com\/#\/schema\/person\/3e7d82c6bfd6b1fa67010f8f7cd5256e\",\"name\":\"EDITOR\",\"image\":{\"@type\":\"ImageObject\",\"inLanguage\":\"es\",\"@id\":\"https:\/\/laprensacristiana.com\/#\/schema\/person\/image\/\",\"url\":\"https:\/\/secure.gravatar.com\/avatar\/72069dfb6c13772d9e8381e3638666d2?s=96&d=mm&r=g\",\"contentUrl\":\"https:\/\/secure.gravatar.com\/avatar\/72069dfb6c13772d9e8381e3638666d2?s=96&d=mm&r=g\",\"caption\":\"EDITOR\"},\"url\":\"https:\/\/laprensacristiana.com\/?author=3\"}]}<\/script>\n<!-- \/ Yoast SEO plugin. -->","yoast_head_json":{"title":"Samuel Bautista presenta su disco \u201cGracias\u201d - La Prensa Cristiana","robots":{"index":"index","follow":"follow","max-snippet":"max-snippet:-1","max-image-preview":"max-image-preview:large","max-video-preview":"max-video-preview:-1"},"canonical":"https:\/\/laprensacristiana.com\/?p=2115","og_locale":"es_ES","og_type":"article","og_title":"Samuel Bautista presenta su disco \u201cGracias\u201d - La Prensa Cristiana","og_description":"Samuel, es un compositor que lleva muchos a\u00f1os en el mundo musical, pues desde los 11 a\u00f1os de edad empez\u00f3 a tocar guitarra, pero no hab\u00eda desarrollado la parte vocal, fue m\u00e1s adelante que en su iglesia inicio a cantar. Su material titulado \u201cGracias\u201d, fue trabajado por \u00e9l durante tres a\u00f1os con arreglos del productor [&hellip;]","og_url":"https:\/\/laprensacristiana.com\/?p=2115","og_site_name":"La Prensa Cristiana","article_published_time":"2016-12-22T21:31:26+00:00","article_modified_time":"2020-07-02T01:23:51+00:00","og_image":[{"width":567,"height":694,"url":"https:\/\/laprensacristiana.com\/wp-content\/uploads\/2016\/12\/SAMUEL.jpg","type":"image\/jpeg"}],"author":"EDITOR","twitter_card":"summary_large_image","twitter_misc":{"Escrito por":"EDITOR","Tiempo de lectura":"2 minutos"},"schema":{"@context":"https:\/\/schema.org","@graph":[{"@type":"WebPage","@id":"https:\/\/laprensacristiana.com\/?p=2115","url":"https:\/\/laprensacristiana.com\/?p=2115","name":"Samuel Bautista presenta su disco \u201cGracias\u201d - La Prensa Cristiana","isPartOf":{"@id":"https:\/\/laprensacristiana.com\/#website"},"datePublished":"2016-12-22T21:31:26+00:00","dateModified":"2020-07-02T01:23:51+00:00","author":{"@id":"https:\/\/laprensacristiana.com\/#\/schema\/person\/3e7d82c6bfd6b1fa67010f8f7cd5256e"},"breadcrumb":{"@id":"https:\/\/laprensacristiana.com\/?p=2115#breadcrumb"},"inLanguage":"es","potentialAction":[{"@type":"ReadAction","target":["https:\/\/laprensacristiana.com\/?p=2115"]}]},{"@type":"BreadcrumbList","@id":"https:\/\/laprensacristiana.com\/?p=2115#breadcrumb","itemListElement":[{"@type":"ListItem","position":1,"name":"Portada","item":"https:\/\/laprensacristiana.com\/"},{"@type":"ListItem","position":2,"name":"Samuel Bautista presenta su disco \u201cGracias\u201d"}]},{"@type":"WebSite","@id":"https:\/\/laprensacristiana.com\/#website","url":"https:\/\/laprensacristiana.com\/","name":"La Prensa Cristiana","description":"Anunciando Las Buenas Nuevas","potentialAction":[{"@type":"SearchAction","target":{"@type":"EntryPoint","urlTemplate":"https:\/\/laprensacristiana.com\/?s={search_term_string}"},"query-input":"required name=search_term_string"}],"inLanguage":"es"},{"@type":"Person","@id":"https:\/\/laprensacristiana.com\/#\/schema\/person\/3e7d82c6bfd6b1fa67010f8f7cd5256e","name":"EDITOR","image":{"@type":"ImageObject","inLanguage":"es","@id":"https:\/\/laprensacristiana.com\/#\/schema\/person\/image\/","url":"https:\/\/secure.gravatar.com\/avatar\/72069dfb6c13772d9e8381e3638666d2?s=96&d=mm&r=g","contentUrl":"https:\/\/secure.gravatar.com\/avatar\/72069dfb6c13772d9e8381e3638666d2?s=96&d=mm&r=g","caption":"EDITOR"},"url":"https:\/\/laprensacristiana.com\/?author=3"}]}},"_links":{"self":[{"href":"https:\/\/laprensacristiana.com\/index.php?rest_route=\/wp\/v2\/posts\/2115"}],"collection":[{"href":"https:\/\/laprensacristiana.com\/index.php?rest_route=\/wp\/v2\/posts"}],"about":[{"href":"https:\/\/laprensacristiana.com\/index.php?rest_route=\/wp\/v2\/types\/post"}],"author":[{"embeddable":true,"href":"https:\/\/laprensacristiana.com\/index.php?rest_route=\/wp\/v2\/users\/3"}],"replies":[{"embeddable":true,"href":"https:\/\/laprensacristiana.com\/index.php?rest_route=%2Fwp%2Fv2%2Fcomments&post=2115"}],"version-history":[{"count":1,"href":"https:\/\/laprensacristiana.com\/index.php?rest_route=\/wp\/v2\/posts\/2115\/revisions"}],"predecessor-version":[{"id":2117,"href":"https:\/\/laprensacristiana.com\/index.php?rest_route=\/wp\/v2\/posts\/2115\/revisions\/2117"}],"wp:featuredmedia":[{"embeddable":true,"href":"https:\/\/laprensacristiana.com\/index.php?rest_route=\/wp\/v2\/media\/2116"}],"wp:attachment":[{"href":"https:\/\/laprensacristiana.com\/index.php?rest_route=%2Fwp%2Fv2%2Fmedia&parent=2115"}],"wp:term":[{"taxonomy":"category","embeddable":true,"href":"https:\/\/laprensacristiana.com\/index.php?rest_route=%2Fwp%2Fv2%2Fcategories&post=2115"},{"taxonomy":"post_tag","embeddable":true,"href":"https:\/\/laprensacristiana.com\/index.php?rest_route=%2Fwp%2Fv2%2Ftags&post=2115"}],"curies":[{"name":"wp","href":"https:\/\/api.w.org\/{rel}","templated":true}]}}