{"id":2125,"date":"2016-12-23T22:08:05","date_gmt":"2016-12-23T22:08:05","guid":{"rendered":"https:\/\/laprensacristiana.com\/?p=2125"},"modified":"2016-12-23T22:08:05","modified_gmt":"2016-12-23T22:08:05","slug":"reflexion-de-fin-de-ano","status":"publish","type":"post","link":"https:\/\/laprensacristiana.com\/?p=2125","title":{"rendered":"Reflexi\u00f3n de fin de a\u00f1o"},"content":{"rendered":"<p><em>Por: July de Sosa\u00a0<\/em><\/p>\n<p>El a\u00f1o 2016, est\u00e1 a pocos d\u00edas de finalizar, para dar paso a un nuevo a\u00f1o que traer\u00e1 con \u00e9l nuevas metas y desaf\u00edos para quienes tengamos el privilegio de vida para conquistarlo. Este mes de Diciembre es sin duda el m\u00e1s alegre de todo el a\u00f1o, por muchas celebraciones propias de este tiempo; y entre esas, las personales de metas alcanzadas y de procesos finalizados.<\/p>\n<p>Pero tambi\u00e9n muchos debemos celebrar aquellas peticiones que han sido depositadas frente al trono de gracia y de las que a\u00fan no tenemos respuesta. Independientemente de cu\u00e1l sea su petici\u00f3n y ruego delante de Dios quiero invitarle a que no olvide que su tiempo es perfecto. De cara a esa realidad usted lo \u00fanico que debe hacer en ese, comp\u00e1s de espera; es seguir el consejo del Salmo 37:4-5. Del\u00e9itese, encomiende, y confi\u00e9. Esa es la clave para alimentar una buena actitud en la espera.<\/p>\n<p>S\u00ed, su confianza est\u00e1 en el \u00fanico Dios verdadero que hizo todo lo que existe en 6 d\u00edas, y en el s\u00e9ptimo descanso. \u00a1Celebre! Porque \u00c9L, es soberano y tiene todos nuestros d\u00edas en el hueco de su mano, y marcada ya, la hora de nuestra bendici\u00f3n.<\/p>\n<p>El Salmo nos aconseja tener \u201cdeleite\u201d que es igual a decir saborea, goza, disfruta. Ciertamente a nadie le gusta estar en tiempos de crisis. Y muchos al encontrarse en ese tiempo, desarrollan actitud equivocada y desgastan sus fuerzas renegando de su condici\u00f3n y victimiz\u00e1ndose con las preguntas \u00bfPor qu\u00e9 a m\u00ed? \u00bfPor qu\u00e9 no a ese que es pecador? \u00bfQu\u00e9 gracia tiene ser cristiano? Puntualizan diciendo: Para estar as\u00ed, mejor no ser nada.<\/p>\n<p>Esa actitud refleja una pobre relaci\u00f3n con Dios. La biblia dice que esa relaci\u00f3n es muy personal y es trabajo de cada quien alimentarla en todo tiempo, si estamos seguros del poder y Se\u00f1or\u00edo de Dios podremos llegar a experimentar ese deleite en medio de cualquier adversidad como reflejo de nuestra plena confianza en \u00c9l\u2026T\u00fa guardar\u00e1s en completa paz a aquel cuyo pensamiento en ti persevera; porque en ti ha confiado.<\/p>\n<p>(Isa\u00edas 26:3) La palabra dice siete veces caer\u00e1 el justo y ser\u00e1 levantado. En el camino del conocimiento de Dios tendremos cansancio, desilusiones, entre otras manifestaciones propias de nuestra naturaleza humana. Eso se debe a que vemos las cosas espirituales, bajo la misma \u00f3ptica que las naturales; necesitamos mirar para creer; pero para avanzar y seguir confiando necesitamos ver con los ojos de la fe. Es pues la fe la certeza de lo que se espera, la convicci\u00f3n de lo que no se ve (Hebreos 11:1).<\/p>\n<p>Otra porci\u00f3n de la palabra dice: Los que conf\u00edan en Jehov\u00e1 son como el monte de Sion. Que no se mueve sino que permanece para siempre. Salmo 125:1. S\u00ed somos creyentes en Jes\u00fas debemos conservar nuestra esperanza, y actuar por confianza, y no por emoci\u00f3n.<\/p>\n<p>\u00bfRecuerda usted al disc\u00edpulo llamado Pedro? El no tiro la red por emoci\u00f3n porque sent\u00eda tirarla, lo hizo confiando en la palabra de su Se\u00f1or Lucas 5:4-5.<\/p>\n<p>En todo tiempo de espera tenemos que tener cuidado con nuestra alma, all\u00ed est\u00e1n nuestros sentimientos nuestro coraz\u00f3n del cual la palabra nos advierte que es \u201cmentiroso\u201d por esa raz\u00f3n no debemos de esperar sentir algo para actuar debemos caminar confiadamente con nuestros ojos puestos en nuestro Se\u00f1or.<\/p>\n<p>Quiero invitarle a que cuide de no recibir al nuevo a\u00f1o, lleno de emociones porque estas se terminaran cuando lo que espera tarde un poco m\u00e1s en llegar. Mucho menos confiando en sus propias fuerzas y capacidades, porque estas son limitadas.<\/p>\n<p>Recibamos este nuevo a\u00f1o con confianza y expectativas en lo que Dios har\u00e1 en nuestra vida, y en lo que nos permitir\u00e1 alcanzar con nuestra valent\u00eda y esfuerzo.<\/p>\n<p style=\"text-align: center;\">No lo olvide\u2026Del\u00e9itese, encomiende, y\u00a0 confi\u00e9.<\/p>\n<p style=\"text-align: center;\">\u00a1Feliz a\u00f1o nuevo!<\/p>\n","protected":false},"excerpt":{"rendered":"<p>Por: July de Sosa\u00a0 El a\u00f1o 2016, est\u00e1 a pocos d\u00edas de finalizar, para dar paso a un nuevo a\u00f1o que traer\u00e1 con \u00e9l nuevas metas y desaf\u00edos para quienes tengamos el privilegio de vida para conquistarlo. Este mes de Diciembre es sin duda el m\u00e1s alegre de todo el a\u00f1o, por muchas celebraciones propias [&hellip;]<\/p>\n","protected":false},"author":3,"featured_media":417,"comment_status":"open","ping_status":"open","sticky":false,"template":"","format":"standard","meta":[],"categories":[36],"tags":[],"yoast_head":"<!-- This site is optimized with the Yoast SEO plugin v20.8 - https:\/\/yoast.com\/wordpress\/plugins\/seo\/ -->\n<title>Reflexi\u00f3n de fin de a\u00f1o - La Prensa Cristiana<\/title>\n<meta name=\"robots\" content=\"index, follow, max-snippet:-1, max-image-preview:large, max-video-preview:-1\" \/>\n<link rel=\"canonical\" href=\"https:\/\/laprensacristiana.com\/?p=2125\" \/>\n<meta property=\"og:locale\" content=\"es_ES\" \/>\n<meta property=\"og:type\" content=\"article\" \/>\n<meta property=\"og:title\" content=\"Reflexi\u00f3n de fin de a\u00f1o - La Prensa Cristiana\" \/>\n<meta property=\"og:description\" content=\"Por: July de Sosa\u00a0 El a\u00f1o 2016, est\u00e1 a pocos d\u00edas de finalizar, para dar paso a un nuevo a\u00f1o que traer\u00e1 con \u00e9l nuevas metas y desaf\u00edos para quienes tengamos el privilegio de vida para conquistarlo. Este mes de Diciembre es sin duda el m\u00e1s alegre de todo el a\u00f1o, por muchas celebraciones propias [&hellip;]\" \/>\n<meta property=\"og:url\" content=\"https:\/\/laprensacristiana.com\/?p=2125\" \/>\n<meta property=\"og:site_name\" content=\"La Prensa Cristiana\" \/>\n<meta property=\"article:published_time\" content=\"2016-12-23T22:08:05+00:00\" \/>\n<meta property=\"og:image\" content=\"https:\/\/laprensacristiana.com\/wp-content\/uploads\/2016\/04\/SECCIONES-01-04-1-scaled.jpg\" \/>\n\t<meta property=\"og:image:width\" content=\"2560\" \/>\n\t<meta property=\"og:image:height\" content=\"1429\" \/>\n\t<meta property=\"og:image:type\" content=\"image\/jpeg\" \/>\n<meta name=\"author\" content=\"EDITOR\" \/>\n<meta name=\"twitter:card\" content=\"summary_large_image\" \/>\n<meta name=\"twitter:label1\" content=\"Escrito por\" \/>\n\t<meta name=\"twitter:data1\" content=\"EDITOR\" \/>\n\t<meta name=\"twitter:label2\" content=\"Tiempo de lectura\" \/>\n\t<meta name=\"twitter:data2\" content=\"3 minutos\" \/>\n<script type=\"application\/ld+json\" class=\"yoast-schema-graph\">{\"@context\":\"https:\/\/schema.org\",\"@graph\":[{\"@type\":\"WebPage\",\"@id\":\"https:\/\/laprensacristiana.com\/?p=2125\",\"url\":\"https:\/\/laprensacristiana.com\/?p=2125\",\"name\":\"Reflexi\u00f3n de fin de a\u00f1o - La Prensa Cristiana\",\"isPartOf\":{\"@id\":\"https:\/\/laprensacristiana.com\/#website\"},\"datePublished\":\"2016-12-23T22:08:05+00:00\",\"dateModified\":\"2016-12-23T22:08:05+00:00\",\"author\":{\"@id\":\"https:\/\/laprensacristiana.com\/#\/schema\/person\/3e7d82c6bfd6b1fa67010f8f7cd5256e\"},\"breadcrumb\":{\"@id\":\"https:\/\/laprensacristiana.com\/?p=2125#breadcrumb\"},\"inLanguage\":\"es\",\"potentialAction\":[{\"@type\":\"ReadAction\",\"target\":[\"https:\/\/laprensacristiana.com\/?p=2125\"]}]},{\"@type\":\"BreadcrumbList\",\"@id\":\"https:\/\/laprensacristiana.com\/?p=2125#breadcrumb\",\"itemListElement\":[{\"@type\":\"ListItem\",\"position\":1,\"name\":\"Portada\",\"item\":\"https:\/\/laprensacristiana.com\/\"},{\"@type\":\"ListItem\",\"position\":2,\"name\":\"Reflexi\u00f3n de fin de a\u00f1o\"}]},{\"@type\":\"WebSite\",\"@id\":\"https:\/\/laprensacristiana.com\/#website\",\"url\":\"https:\/\/laprensacristiana.com\/\",\"name\":\"La Prensa Cristiana\",\"description\":\"Anunciando Las Buenas Nuevas\",\"potentialAction\":[{\"@type\":\"SearchAction\",\"target\":{\"@type\":\"EntryPoint\",\"urlTemplate\":\"https:\/\/laprensacristiana.com\/?s={search_term_string}\"},\"query-input\":\"required name=search_term_string\"}],\"inLanguage\":\"es\"},{\"@type\":\"Person\",\"@id\":\"https:\/\/laprensacristiana.com\/#\/schema\/person\/3e7d82c6bfd6b1fa67010f8f7cd5256e\",\"name\":\"EDITOR\",\"image\":{\"@type\":\"ImageObject\",\"inLanguage\":\"es\",\"@id\":\"https:\/\/laprensacristiana.com\/#\/schema\/person\/image\/\",\"url\":\"https:\/\/secure.gravatar.com\/avatar\/72069dfb6c13772d9e8381e3638666d2?s=96&d=mm&r=g\",\"contentUrl\":\"https:\/\/secure.gravatar.com\/avatar\/72069dfb6c13772d9e8381e3638666d2?s=96&d=mm&r=g\",\"caption\":\"EDITOR\"},\"url\":\"https:\/\/laprensacristiana.com\/?author=3\"}]}<\/script>\n<!-- \/ Yoast SEO plugin. -->","yoast_head_json":{"title":"Reflexi\u00f3n de fin de a\u00f1o - La Prensa Cristiana","robots":{"index":"index","follow":"follow","max-snippet":"max-snippet:-1","max-image-preview":"max-image-preview:large","max-video-preview":"max-video-preview:-1"},"canonical":"https:\/\/laprensacristiana.com\/?p=2125","og_locale":"es_ES","og_type":"article","og_title":"Reflexi\u00f3n de fin de a\u00f1o - La Prensa Cristiana","og_description":"Por: July de Sosa\u00a0 El a\u00f1o 2016, est\u00e1 a pocos d\u00edas de finalizar, para dar paso a un nuevo a\u00f1o que traer\u00e1 con \u00e9l nuevas metas y desaf\u00edos para quienes tengamos el privilegio de vida para conquistarlo. Este mes de Diciembre es sin duda el m\u00e1s alegre de todo el a\u00f1o, por muchas celebraciones propias [&hellip;]","og_url":"https:\/\/laprensacristiana.com\/?p=2125","og_site_name":"La Prensa Cristiana","article_published_time":"2016-12-23T22:08:05+00:00","og_image":[{"width":2560,"height":1429,"url":"https:\/\/laprensacristiana.com\/wp-content\/uploads\/2016\/04\/SECCIONES-01-04-1-scaled.jpg","type":"image\/jpeg"}],"author":"EDITOR","twitter_card":"summary_large_image","twitter_misc":{"Escrito por":"EDITOR","Tiempo de lectura":"3 minutos"},"schema":{"@context":"https:\/\/schema.org","@graph":[{"@type":"WebPage","@id":"https:\/\/laprensacristiana.com\/?p=2125","url":"https:\/\/laprensacristiana.com\/?p=2125","name":"Reflexi\u00f3n de fin de a\u00f1o - La Prensa Cristiana","isPartOf":{"@id":"https:\/\/laprensacristiana.com\/#website"},"datePublished":"2016-12-23T22:08:05+00:00","dateModified":"2016-12-23T22:08:05+00:00","author":{"@id":"https:\/\/laprensacristiana.com\/#\/schema\/person\/3e7d82c6bfd6b1fa67010f8f7cd5256e"},"breadcrumb":{"@id":"https:\/\/laprensacristiana.com\/?p=2125#breadcrumb"},"inLanguage":"es","potentialAction":[{"@type":"ReadAction","target":["https:\/\/laprensacristiana.com\/?p=2125"]}]},{"@type":"BreadcrumbList","@id":"https:\/\/laprensacristiana.com\/?p=2125#breadcrumb","itemListElement":[{"@type":"ListItem","position":1,"name":"Portada","item":"https:\/\/laprensacristiana.com\/"},{"@type":"ListItem","position":2,"name":"Reflexi\u00f3n de fin de a\u00f1o"}]},{"@type":"WebSite","@id":"https:\/\/laprensacristiana.com\/#website","url":"https:\/\/laprensacristiana.com\/","name":"La Prensa Cristiana","description":"Anunciando Las Buenas Nuevas","potentialAction":[{"@type":"SearchAction","target":{"@type":"EntryPoint","urlTemplate":"https:\/\/laprensacristiana.com\/?s={search_term_string}"},"query-input":"required name=search_term_string"}],"inLanguage":"es"},{"@type":"Person","@id":"https:\/\/laprensacristiana.com\/#\/schema\/person\/3e7d82c6bfd6b1fa67010f8f7cd5256e","name":"EDITOR","image":{"@type":"ImageObject","inLanguage":"es","@id":"https:\/\/laprensacristiana.com\/#\/schema\/person\/image\/","url":"https:\/\/secure.gravatar.com\/avatar\/72069dfb6c13772d9e8381e3638666d2?s=96&d=mm&r=g","contentUrl":"https:\/\/secure.gravatar.com\/avatar\/72069dfb6c13772d9e8381e3638666d2?s=96&d=mm&r=g","caption":"EDITOR"},"url":"https:\/\/laprensacristiana.com\/?author=3"}]}},"_links":{"self":[{"href":"https:\/\/laprensacristiana.com\/index.php?rest_route=\/wp\/v2\/posts\/2125"}],"collection":[{"href":"https:\/\/laprensacristiana.com\/index.php?rest_route=\/wp\/v2\/posts"}],"about":[{"href":"https:\/\/laprensacristiana.com\/index.php?rest_route=\/wp\/v2\/types\/post"}],"author":[{"embeddable":true,"href":"https:\/\/laprensacristiana.com\/index.php?rest_route=\/wp\/v2\/users\/3"}],"replies":[{"embeddable":true,"href":"https:\/\/laprensacristiana.com\/index.php?rest_route=%2Fwp%2Fv2%2Fcomments&post=2125"}],"version-history":[{"count":1,"href":"https:\/\/laprensacristiana.com\/index.php?rest_route=\/wp\/v2\/posts\/2125\/revisions"}],"predecessor-version":[{"id":2126,"href":"https:\/\/laprensacristiana.com\/index.php?rest_route=\/wp\/v2\/posts\/2125\/revisions\/2126"}],"wp:featuredmedia":[{"embeddable":true,"href":"https:\/\/laprensacristiana.com\/index.php?rest_route=\/wp\/v2\/media\/417"}],"wp:attachment":[{"href":"https:\/\/laprensacristiana.com\/index.php?rest_route=%2Fwp%2Fv2%2Fmedia&parent=2125"}],"wp:term":[{"taxonomy":"category","embeddable":true,"href":"https:\/\/laprensacristiana.com\/index.php?rest_route=%2Fwp%2Fv2%2Fcategories&post=2125"},{"taxonomy":"post_tag","embeddable":true,"href":"https:\/\/laprensacristiana.com\/index.php?rest_route=%2Fwp%2Fv2%2Ftags&post=2125"}],"curies":[{"name":"wp","href":"https:\/\/api.w.org\/{rel}","templated":true}]}}