{"id":2127,"date":"2016-12-23T22:14:19","date_gmt":"2016-12-23T22:14:19","guid":{"rendered":"https:\/\/laprensacristiana.com\/?p=2127"},"modified":"2016-12-23T22:14:19","modified_gmt":"2016-12-23T22:14:19","slug":"nada-es-en-vano","status":"publish","type":"post","link":"https:\/\/laprensacristiana.com\/?p=2127","title":{"rendered":"Nada es en vano"},"content":{"rendered":"<p>En la vida siempre tenemos tormentas, esta semana un vuelo de Miami a Mil\u00e1n, aterriz\u00f3 en Puerto Rico a consecuencia de una turbulencia tan fuerte que golpe\u00f3 a la tripulaci\u00f3n de cabina y a dos viajeros de dicho vuelo; me imagino el susto que se llevaron los dem\u00e1s pasajeros, pero fue en ese momento que los tripulantes dijeron: \u00a1nada es en vano!<\/p>\n<p>Cada entrenamiento, cada ejercicio, cada clase de primeros auxilios, cada llamada de atenci\u00f3n de sus entrenadores, como toda lectura de los procedimientos en caso de emergencia en ese momento vali\u00f3 la pena, son esos segundos que pueden cambiar tu destino de por vida los que interesan. Todo esfuerzo dar\u00e1 su recompensa, no importa en el \u00e1rea que lo desarrolles siempre ser\u00e1 mejor que no haberlo intentado, la ley de la siembra y la cosecha se cumple en todas las \u00e1reas de la vida, desde la educaci\u00f3n hasta el deporte; JES\u00daS nos lo recuerda en su palabra la Biblia especialmente en el Nuevo Testamento, nos dice todo lo que el hombre siembra eso cosecha.<\/p>\n<p>El fen\u00f3meno clim\u00e1tico est\u00e1 afectando todas las \u00e1reas de nuestras vidas, afecta la flora, la fauna, y hasta los tiempos; a tal grado que hasta los vuelos est\u00e1n siendo afectados por las corrientes de aire y los barcos por las corrientes marinas, esto es solo el reflejo de todo lo que por a\u00f1os sembramos en nuestro territorio.<\/p>\n<p>Recuerda que la semilla da fruto seg\u00fan su especie, analiza que \u00e1rea de tu vida est\u00e1 siendo afectada de manera negativa y analiza que tipo de semilla sembraste; ese es el secreto al \u00e9xito en todo lo que haces, este consiste en sembrar buena semilla en todo tiempo un todo lugar para que as\u00ed, al volver al lugar donde sembraste los frutos est\u00e9n listos para ser por ti cortados o recogidos.<\/p>\n<p>No demores m\u00e1s recuerda que \u00a1nada es en vano! Ni la educaci\u00f3n, ni el esfuerzo, ni las l\u00e1grimas, ni los detalles, ni las desveladas con tus neonatos, ni las largas filas para ver un buen espect\u00e1culo, en esta vida nada es en vano; el esfuerzo de JES\u00daS al llegar a la tierra dio sus frutos y hasta el d\u00eda de hoy millones de personas tienen una nueva vida gracias a su esfuerzo.<\/p>\n<p style=\"text-align: center;\">\u00a1Amigo en la vida nada es en vano!<\/p>\n","protected":false},"excerpt":{"rendered":"<p>En la vida siempre tenemos tormentas, esta semana un vuelo de Miami a Mil\u00e1n, aterriz\u00f3 en Puerto Rico a consecuencia de una turbulencia tan fuerte que golpe\u00f3 a la tripulaci\u00f3n de cabina y a dos viajeros de dicho vuelo; me imagino el susto que se llevaron los dem\u00e1s pasajeros, pero fue en ese momento que [&hellip;]<\/p>\n","protected":false},"author":3,"featured_media":1351,"comment_status":"open","ping_status":"open","sticky":false,"template":"","format":"standard","meta":[],"categories":[23],"tags":[],"yoast_head":"<!-- This site is optimized with the Yoast SEO plugin v20.8 - https:\/\/yoast.com\/wordpress\/plugins\/seo\/ -->\n<title>Nada es en vano - La Prensa Cristiana<\/title>\n<meta name=\"robots\" content=\"index, follow, max-snippet:-1, max-image-preview:large, max-video-preview:-1\" \/>\n<link rel=\"canonical\" href=\"https:\/\/laprensacristiana.com\/?p=2127\" \/>\n<meta property=\"og:locale\" content=\"es_ES\" \/>\n<meta property=\"og:type\" content=\"article\" \/>\n<meta property=\"og:title\" content=\"Nada es en vano - La Prensa Cristiana\" \/>\n<meta property=\"og:description\" content=\"En la vida siempre tenemos tormentas, esta semana un vuelo de Miami a Mil\u00e1n, aterriz\u00f3 en Puerto Rico a consecuencia de una turbulencia tan fuerte que golpe\u00f3 a la tripulaci\u00f3n de cabina y a dos viajeros de dicho vuelo; me imagino el susto que se llevaron los dem\u00e1s pasajeros, pero fue en ese momento que [&hellip;]\" \/>\n<meta property=\"og:url\" content=\"https:\/\/laprensacristiana.com\/?p=2127\" \/>\n<meta property=\"og:site_name\" content=\"La Prensa Cristiana\" \/>\n<meta property=\"article:published_time\" content=\"2016-12-23T22:14:19+00:00\" \/>\n<meta property=\"og:image\" content=\"https:\/\/laprensacristiana.com\/wp-content\/uploads\/2016\/08\/OPINION-PASTOR-TOBY-JR-01-scaled.jpg\" \/>\n\t<meta property=\"og:image:width\" content=\"2560\" \/>\n\t<meta property=\"og:image:height\" content=\"1429\" \/>\n\t<meta property=\"og:image:type\" content=\"image\/jpeg\" \/>\n<meta name=\"author\" content=\"EDITOR\" \/>\n<meta name=\"twitter:card\" content=\"summary_large_image\" \/>\n<meta name=\"twitter:label1\" content=\"Escrito por\" \/>\n\t<meta name=\"twitter:data1\" content=\"EDITOR\" \/>\n\t<meta name=\"twitter:label2\" content=\"Tiempo de lectura\" \/>\n\t<meta name=\"twitter:data2\" content=\"2 minutos\" \/>\n<script type=\"application\/ld+json\" class=\"yoast-schema-graph\">{\"@context\":\"https:\/\/schema.org\",\"@graph\":[{\"@type\":\"WebPage\",\"@id\":\"https:\/\/laprensacristiana.com\/?p=2127\",\"url\":\"https:\/\/laprensacristiana.com\/?p=2127\",\"name\":\"Nada es en vano - La Prensa Cristiana\",\"isPartOf\":{\"@id\":\"https:\/\/laprensacristiana.com\/#website\"},\"datePublished\":\"2016-12-23T22:14:19+00:00\",\"dateModified\":\"2016-12-23T22:14:19+00:00\",\"author\":{\"@id\":\"https:\/\/laprensacristiana.com\/#\/schema\/person\/3e7d82c6bfd6b1fa67010f8f7cd5256e\"},\"breadcrumb\":{\"@id\":\"https:\/\/laprensacristiana.com\/?p=2127#breadcrumb\"},\"inLanguage\":\"es\",\"potentialAction\":[{\"@type\":\"ReadAction\",\"target\":[\"https:\/\/laprensacristiana.com\/?p=2127\"]}]},{\"@type\":\"BreadcrumbList\",\"@id\":\"https:\/\/laprensacristiana.com\/?p=2127#breadcrumb\",\"itemListElement\":[{\"@type\":\"ListItem\",\"position\":1,\"name\":\"Portada\",\"item\":\"https:\/\/laprensacristiana.com\/\"},{\"@type\":\"ListItem\",\"position\":2,\"name\":\"Nada es en vano\"}]},{\"@type\":\"WebSite\",\"@id\":\"https:\/\/laprensacristiana.com\/#website\",\"url\":\"https:\/\/laprensacristiana.com\/\",\"name\":\"La Prensa Cristiana\",\"description\":\"Anunciando Las Buenas Nuevas\",\"potentialAction\":[{\"@type\":\"SearchAction\",\"target\":{\"@type\":\"EntryPoint\",\"urlTemplate\":\"https:\/\/laprensacristiana.com\/?s={search_term_string}\"},\"query-input\":\"required name=search_term_string\"}],\"inLanguage\":\"es\"},{\"@type\":\"Person\",\"@id\":\"https:\/\/laprensacristiana.com\/#\/schema\/person\/3e7d82c6bfd6b1fa67010f8f7cd5256e\",\"name\":\"EDITOR\",\"image\":{\"@type\":\"ImageObject\",\"inLanguage\":\"es\",\"@id\":\"https:\/\/laprensacristiana.com\/#\/schema\/person\/image\/\",\"url\":\"https:\/\/secure.gravatar.com\/avatar\/72069dfb6c13772d9e8381e3638666d2?s=96&d=mm&r=g\",\"contentUrl\":\"https:\/\/secure.gravatar.com\/avatar\/72069dfb6c13772d9e8381e3638666d2?s=96&d=mm&r=g\",\"caption\":\"EDITOR\"},\"url\":\"https:\/\/laprensacristiana.com\/?author=3\"}]}<\/script>\n<!-- \/ Yoast SEO plugin. -->","yoast_head_json":{"title":"Nada es en vano - La Prensa Cristiana","robots":{"index":"index","follow":"follow","max-snippet":"max-snippet:-1","max-image-preview":"max-image-preview:large","max-video-preview":"max-video-preview:-1"},"canonical":"https:\/\/laprensacristiana.com\/?p=2127","og_locale":"es_ES","og_type":"article","og_title":"Nada es en vano - La Prensa Cristiana","og_description":"En la vida siempre tenemos tormentas, esta semana un vuelo de Miami a Mil\u00e1n, aterriz\u00f3 en Puerto Rico a consecuencia de una turbulencia tan fuerte que golpe\u00f3 a la tripulaci\u00f3n de cabina y a dos viajeros de dicho vuelo; me imagino el susto que se llevaron los dem\u00e1s pasajeros, pero fue en ese momento que [&hellip;]","og_url":"https:\/\/laprensacristiana.com\/?p=2127","og_site_name":"La Prensa Cristiana","article_published_time":"2016-12-23T22:14:19+00:00","og_image":[{"width":2560,"height":1429,"url":"https:\/\/laprensacristiana.com\/wp-content\/uploads\/2016\/08\/OPINION-PASTOR-TOBY-JR-01-scaled.jpg","type":"image\/jpeg"}],"author":"EDITOR","twitter_card":"summary_large_image","twitter_misc":{"Escrito por":"EDITOR","Tiempo de lectura":"2 minutos"},"schema":{"@context":"https:\/\/schema.org","@graph":[{"@type":"WebPage","@id":"https:\/\/laprensacristiana.com\/?p=2127","url":"https:\/\/laprensacristiana.com\/?p=2127","name":"Nada es en vano - La Prensa Cristiana","isPartOf":{"@id":"https:\/\/laprensacristiana.com\/#website"},"datePublished":"2016-12-23T22:14:19+00:00","dateModified":"2016-12-23T22:14:19+00:00","author":{"@id":"https:\/\/laprensacristiana.com\/#\/schema\/person\/3e7d82c6bfd6b1fa67010f8f7cd5256e"},"breadcrumb":{"@id":"https:\/\/laprensacristiana.com\/?p=2127#breadcrumb"},"inLanguage":"es","potentialAction":[{"@type":"ReadAction","target":["https:\/\/laprensacristiana.com\/?p=2127"]}]},{"@type":"BreadcrumbList","@id":"https:\/\/laprensacristiana.com\/?p=2127#breadcrumb","itemListElement":[{"@type":"ListItem","position":1,"name":"Portada","item":"https:\/\/laprensacristiana.com\/"},{"@type":"ListItem","position":2,"name":"Nada es en vano"}]},{"@type":"WebSite","@id":"https:\/\/laprensacristiana.com\/#website","url":"https:\/\/laprensacristiana.com\/","name":"La Prensa Cristiana","description":"Anunciando Las Buenas Nuevas","potentialAction":[{"@type":"SearchAction","target":{"@type":"EntryPoint","urlTemplate":"https:\/\/laprensacristiana.com\/?s={search_term_string}"},"query-input":"required name=search_term_string"}],"inLanguage":"es"},{"@type":"Person","@id":"https:\/\/laprensacristiana.com\/#\/schema\/person\/3e7d82c6bfd6b1fa67010f8f7cd5256e","name":"EDITOR","image":{"@type":"ImageObject","inLanguage":"es","@id":"https:\/\/laprensacristiana.com\/#\/schema\/person\/image\/","url":"https:\/\/secure.gravatar.com\/avatar\/72069dfb6c13772d9e8381e3638666d2?s=96&d=mm&r=g","contentUrl":"https:\/\/secure.gravatar.com\/avatar\/72069dfb6c13772d9e8381e3638666d2?s=96&d=mm&r=g","caption":"EDITOR"},"url":"https:\/\/laprensacristiana.com\/?author=3"}]}},"_links":{"self":[{"href":"https:\/\/laprensacristiana.com\/index.php?rest_route=\/wp\/v2\/posts\/2127"}],"collection":[{"href":"https:\/\/laprensacristiana.com\/index.php?rest_route=\/wp\/v2\/posts"}],"about":[{"href":"https:\/\/laprensacristiana.com\/index.php?rest_route=\/wp\/v2\/types\/post"}],"author":[{"embeddable":true,"href":"https:\/\/laprensacristiana.com\/index.php?rest_route=\/wp\/v2\/users\/3"}],"replies":[{"embeddable":true,"href":"https:\/\/laprensacristiana.com\/index.php?rest_route=%2Fwp%2Fv2%2Fcomments&post=2127"}],"version-history":[{"count":1,"href":"https:\/\/laprensacristiana.com\/index.php?rest_route=\/wp\/v2\/posts\/2127\/revisions"}],"predecessor-version":[{"id":2128,"href":"https:\/\/laprensacristiana.com\/index.php?rest_route=\/wp\/v2\/posts\/2127\/revisions\/2128"}],"wp:featuredmedia":[{"embeddable":true,"href":"https:\/\/laprensacristiana.com\/index.php?rest_route=\/wp\/v2\/media\/1351"}],"wp:attachment":[{"href":"https:\/\/laprensacristiana.com\/index.php?rest_route=%2Fwp%2Fv2%2Fmedia&parent=2127"}],"wp:term":[{"taxonomy":"category","embeddable":true,"href":"https:\/\/laprensacristiana.com\/index.php?rest_route=%2Fwp%2Fv2%2Fcategories&post=2127"},{"taxonomy":"post_tag","embeddable":true,"href":"https:\/\/laprensacristiana.com\/index.php?rest_route=%2Fwp%2Fv2%2Ftags&post=2127"}],"curies":[{"name":"wp","href":"https:\/\/api.w.org\/{rel}","templated":true}]}}