{"id":2136,"date":"2017-01-03T20:01:16","date_gmt":"2017-01-03T20:01:16","guid":{"rendered":"https:\/\/laprensacristiana.com\/?p=2136"},"modified":"2020-07-02T01:22:29","modified_gmt":"2020-07-02T01:22:29","slug":"joel-olivares-presenta-su-single-esperare","status":"publish","type":"post","link":"https:\/\/laprensacristiana.com\/?p=2136","title":{"rendered":"Joel Olivares presenta su single: \u00abEsperar\u00e9\u00bb"},"content":{"rendered":"<p>El pasado lunes 26 de diciembre el solista Joel Olivares, lanz\u00f3 oficialmente su canci\u00f3n llamada \u201cEsperar\u00e9\u201d.<\/p>\n<p>Tema, en el cual deja en claro lo bueno que ha sido Dios en su vida y la manera en c\u00f3mo Joel, espera que sucedan las cosas, en el tiempo del Se\u00f1or. Melod\u00eda que ya puede ser adquirida a trav\u00e9s de las diversas tiendas digitales.<\/p>\n<p>Joel, cantante salvadore\u00f1o que desde hace muchos a\u00f1os radica en Canad\u00e1 y tiene larga trayectoria musical, anunci\u00f3 a trav\u00e9s de sus redes sociales una gira 2017 en El Salvador; a partir del pr\u00f3ximo 10 de enero.<\/p>\n<p>Compartimos el videoclip:<\/p>\n<div class=\"youtube-embed\" data-video_id=\"biC_HriMpik\"><iframe loading=\"lazy\" title=\"Joel Olivares - Esperar\u00e9\" width=\"696\" height=\"392\" src=\"https:\/\/www.youtube.com\/embed\/biC_HriMpik?feature=oembed&#038;enablejsapi=1\" frameborder=\"0\" allow=\"accelerometer; autoplay; encrypted-media; gyroscope; picture-in-picture\" allowfullscreen><\/iframe><\/div>\n","protected":false},"excerpt":{"rendered":"<p>El pasado lunes 26 de diciembre el solista Joel Olivares, lanz\u00f3 oficialmente su canci\u00f3n llamada \u201cEsperar\u00e9\u201d. Tema, en el cual deja en claro lo bueno que ha sido Dios en su vida y la manera en c\u00f3mo Joel, espera que sucedan las cosas, en el tiempo del Se\u00f1or. Melod\u00eda que ya puede ser adquirida a [&hellip;]<\/p>\n","protected":false},"author":3,"featured_media":2137,"comment_status":"open","ping_status":"open","sticky":false,"template":"","format":"standard","meta":[],"categories":[101],"tags":[],"yoast_head":"<!-- This site is optimized with the Yoast SEO plugin v20.8 - https:\/\/yoast.com\/wordpress\/plugins\/seo\/ -->\n<title>Joel Olivares presenta su single: &quot;Esperar\u00e9&quot; - La Prensa Cristiana<\/title>\n<meta name=\"robots\" content=\"index, follow, max-snippet:-1, max-image-preview:large, max-video-preview:-1\" \/>\n<link rel=\"canonical\" href=\"https:\/\/laprensacristiana.com\/?p=2136\" \/>\n<meta property=\"og:locale\" content=\"es_ES\" \/>\n<meta property=\"og:type\" content=\"article\" \/>\n<meta property=\"og:title\" content=\"Joel Olivares presenta su single: &quot;Esperar\u00e9&quot; - La Prensa Cristiana\" \/>\n<meta property=\"og:description\" content=\"El pasado lunes 26 de diciembre el solista Joel Olivares, lanz\u00f3 oficialmente su canci\u00f3n llamada \u201cEsperar\u00e9\u201d. Tema, en el cual deja en claro lo bueno que ha sido Dios en su vida y la manera en c\u00f3mo Joel, espera que sucedan las cosas, en el tiempo del Se\u00f1or. Melod\u00eda que ya puede ser adquirida a [&hellip;]\" \/>\n<meta property=\"og:url\" content=\"https:\/\/laprensacristiana.com\/?p=2136\" \/>\n<meta property=\"og:site_name\" content=\"La Prensa Cristiana\" \/>\n<meta property=\"article:published_time\" content=\"2017-01-03T20:01:16+00:00\" \/>\n<meta property=\"article:modified_time\" content=\"2020-07-02T01:22:29+00:00\" \/>\n<meta property=\"og:image\" content=\"https:\/\/laprensacristiana.com\/wp-content\/uploads\/2017\/01\/JOEL.jpg\" \/>\n\t<meta property=\"og:image:width\" content=\"960\" \/>\n\t<meta property=\"og:image:height\" content=\"960\" \/>\n\t<meta property=\"og:image:type\" content=\"image\/jpeg\" \/>\n<meta name=\"author\" content=\"EDITOR\" \/>\n<meta name=\"twitter:card\" content=\"summary_large_image\" \/>\n<meta name=\"twitter:label1\" content=\"Escrito por\" \/>\n\t<meta name=\"twitter:data1\" content=\"EDITOR\" \/>\n\t<meta name=\"twitter:label2\" content=\"Tiempo de lectura\" \/>\n\t<meta name=\"twitter:data2\" content=\"1 minuto\" \/>\n<script type=\"application\/ld+json\" class=\"yoast-schema-graph\">{\"@context\":\"https:\/\/schema.org\",\"@graph\":[{\"@type\":\"WebPage\",\"@id\":\"https:\/\/laprensacristiana.com\/?p=2136\",\"url\":\"https:\/\/laprensacristiana.com\/?p=2136\",\"name\":\"Joel Olivares presenta su single: \\\"Esperar\u00e9\\\" - La Prensa Cristiana\",\"isPartOf\":{\"@id\":\"https:\/\/laprensacristiana.com\/#website\"},\"datePublished\":\"2017-01-03T20:01:16+00:00\",\"dateModified\":\"2020-07-02T01:22:29+00:00\",\"author\":{\"@id\":\"https:\/\/laprensacristiana.com\/#\/schema\/person\/3e7d82c6bfd6b1fa67010f8f7cd5256e\"},\"breadcrumb\":{\"@id\":\"https:\/\/laprensacristiana.com\/?p=2136#breadcrumb\"},\"inLanguage\":\"es\",\"potentialAction\":[{\"@type\":\"ReadAction\",\"target\":[\"https:\/\/laprensacristiana.com\/?p=2136\"]}]},{\"@type\":\"BreadcrumbList\",\"@id\":\"https:\/\/laprensacristiana.com\/?p=2136#breadcrumb\",\"itemListElement\":[{\"@type\":\"ListItem\",\"position\":1,\"name\":\"Portada\",\"item\":\"https:\/\/laprensacristiana.com\/\"},{\"@type\":\"ListItem\",\"position\":2,\"name\":\"Joel Olivares presenta su single: \u00abEsperar\u00e9\u00bb\"}]},{\"@type\":\"WebSite\",\"@id\":\"https:\/\/laprensacristiana.com\/#website\",\"url\":\"https:\/\/laprensacristiana.com\/\",\"name\":\"La Prensa Cristiana\",\"description\":\"Anunciando Las Buenas Nuevas\",\"potentialAction\":[{\"@type\":\"SearchAction\",\"target\":{\"@type\":\"EntryPoint\",\"urlTemplate\":\"https:\/\/laprensacristiana.com\/?s={search_term_string}\"},\"query-input\":\"required name=search_term_string\"}],\"inLanguage\":\"es\"},{\"@type\":\"Person\",\"@id\":\"https:\/\/laprensacristiana.com\/#\/schema\/person\/3e7d82c6bfd6b1fa67010f8f7cd5256e\",\"name\":\"EDITOR\",\"image\":{\"@type\":\"ImageObject\",\"inLanguage\":\"es\",\"@id\":\"https:\/\/laprensacristiana.com\/#\/schema\/person\/image\/\",\"url\":\"https:\/\/secure.gravatar.com\/avatar\/72069dfb6c13772d9e8381e3638666d2?s=96&d=mm&r=g\",\"contentUrl\":\"https:\/\/secure.gravatar.com\/avatar\/72069dfb6c13772d9e8381e3638666d2?s=96&d=mm&r=g\",\"caption\":\"EDITOR\"},\"url\":\"https:\/\/laprensacristiana.com\/?author=3\"}]}<\/script>\n<!-- \/ Yoast SEO plugin. -->","yoast_head_json":{"title":"Joel Olivares presenta su single: \"Esperar\u00e9\" - La Prensa Cristiana","robots":{"index":"index","follow":"follow","max-snippet":"max-snippet:-1","max-image-preview":"max-image-preview:large","max-video-preview":"max-video-preview:-1"},"canonical":"https:\/\/laprensacristiana.com\/?p=2136","og_locale":"es_ES","og_type":"article","og_title":"Joel Olivares presenta su single: \"Esperar\u00e9\" - La Prensa Cristiana","og_description":"El pasado lunes 26 de diciembre el solista Joel Olivares, lanz\u00f3 oficialmente su canci\u00f3n llamada \u201cEsperar\u00e9\u201d. Tema, en el cual deja en claro lo bueno que ha sido Dios en su vida y la manera en c\u00f3mo Joel, espera que sucedan las cosas, en el tiempo del Se\u00f1or. Melod\u00eda que ya puede ser adquirida a [&hellip;]","og_url":"https:\/\/laprensacristiana.com\/?p=2136","og_site_name":"La Prensa Cristiana","article_published_time":"2017-01-03T20:01:16+00:00","article_modified_time":"2020-07-02T01:22:29+00:00","og_image":[{"width":960,"height":960,"url":"https:\/\/laprensacristiana.com\/wp-content\/uploads\/2017\/01\/JOEL.jpg","type":"image\/jpeg"}],"author":"EDITOR","twitter_card":"summary_large_image","twitter_misc":{"Escrito por":"EDITOR","Tiempo de lectura":"1 minuto"},"schema":{"@context":"https:\/\/schema.org","@graph":[{"@type":"WebPage","@id":"https:\/\/laprensacristiana.com\/?p=2136","url":"https:\/\/laprensacristiana.com\/?p=2136","name":"Joel Olivares presenta su single: \"Esperar\u00e9\" - La Prensa Cristiana","isPartOf":{"@id":"https:\/\/laprensacristiana.com\/#website"},"datePublished":"2017-01-03T20:01:16+00:00","dateModified":"2020-07-02T01:22:29+00:00","author":{"@id":"https:\/\/laprensacristiana.com\/#\/schema\/person\/3e7d82c6bfd6b1fa67010f8f7cd5256e"},"breadcrumb":{"@id":"https:\/\/laprensacristiana.com\/?p=2136#breadcrumb"},"inLanguage":"es","potentialAction":[{"@type":"ReadAction","target":["https:\/\/laprensacristiana.com\/?p=2136"]}]},{"@type":"BreadcrumbList","@id":"https:\/\/laprensacristiana.com\/?p=2136#breadcrumb","itemListElement":[{"@type":"ListItem","position":1,"name":"Portada","item":"https:\/\/laprensacristiana.com\/"},{"@type":"ListItem","position":2,"name":"Joel Olivares presenta su single: \u00abEsperar\u00e9\u00bb"}]},{"@type":"WebSite","@id":"https:\/\/laprensacristiana.com\/#website","url":"https:\/\/laprensacristiana.com\/","name":"La Prensa Cristiana","description":"Anunciando Las Buenas Nuevas","potentialAction":[{"@type":"SearchAction","target":{"@type":"EntryPoint","urlTemplate":"https:\/\/laprensacristiana.com\/?s={search_term_string}"},"query-input":"required name=search_term_string"}],"inLanguage":"es"},{"@type":"Person","@id":"https:\/\/laprensacristiana.com\/#\/schema\/person\/3e7d82c6bfd6b1fa67010f8f7cd5256e","name":"EDITOR","image":{"@type":"ImageObject","inLanguage":"es","@id":"https:\/\/laprensacristiana.com\/#\/schema\/person\/image\/","url":"https:\/\/secure.gravatar.com\/avatar\/72069dfb6c13772d9e8381e3638666d2?s=96&d=mm&r=g","contentUrl":"https:\/\/secure.gravatar.com\/avatar\/72069dfb6c13772d9e8381e3638666d2?s=96&d=mm&r=g","caption":"EDITOR"},"url":"https:\/\/laprensacristiana.com\/?author=3"}]}},"_links":{"self":[{"href":"https:\/\/laprensacristiana.com\/index.php?rest_route=\/wp\/v2\/posts\/2136"}],"collection":[{"href":"https:\/\/laprensacristiana.com\/index.php?rest_route=\/wp\/v2\/posts"}],"about":[{"href":"https:\/\/laprensacristiana.com\/index.php?rest_route=\/wp\/v2\/types\/post"}],"author":[{"embeddable":true,"href":"https:\/\/laprensacristiana.com\/index.php?rest_route=\/wp\/v2\/users\/3"}],"replies":[{"embeddable":true,"href":"https:\/\/laprensacristiana.com\/index.php?rest_route=%2Fwp%2Fv2%2Fcomments&post=2136"}],"version-history":[{"count":5,"href":"https:\/\/laprensacristiana.com\/index.php?rest_route=\/wp\/v2\/posts\/2136\/revisions"}],"predecessor-version":[{"id":2142,"href":"https:\/\/laprensacristiana.com\/index.php?rest_route=\/wp\/v2\/posts\/2136\/revisions\/2142"}],"wp:featuredmedia":[{"embeddable":true,"href":"https:\/\/laprensacristiana.com\/index.php?rest_route=\/wp\/v2\/media\/2137"}],"wp:attachment":[{"href":"https:\/\/laprensacristiana.com\/index.php?rest_route=%2Fwp%2Fv2%2Fmedia&parent=2136"}],"wp:term":[{"taxonomy":"category","embeddable":true,"href":"https:\/\/laprensacristiana.com\/index.php?rest_route=%2Fwp%2Fv2%2Fcategories&post=2136"},{"taxonomy":"post_tag","embeddable":true,"href":"https:\/\/laprensacristiana.com\/index.php?rest_route=%2Fwp%2Fv2%2Ftags&post=2136"}],"curies":[{"name":"wp","href":"https:\/\/api.w.org\/{rel}","templated":true}]}}