{"id":2160,"date":"2017-01-05T22:31:03","date_gmt":"2017-01-05T22:31:03","guid":{"rendered":"https:\/\/laprensacristiana.com\/?p=2160"},"modified":"2020-07-02T01:21:46","modified_gmt":"2020-07-02T01:21:46","slug":"2017-declarado-como-el-ano-de-la-biblia-en-kentucky","status":"publish","type":"post","link":"https:\/\/laprensacristiana.com\/?p=2160","title":{"rendered":"2017 declarado como el a\u00f1o de La Biblia en Kentucky"},"content":{"rendered":"<p style=\"line-height: 19.5pt; margin: 0cm 0cm 19.5pt 0cm;\"><span style=\"font-size: 11.5pt; font-family: 'Verdana','sans-serif'; color: #222222;\">El gobernador \u00a0del estado de Kentucky, E.E.U.U Matt Bevin, declar\u00f3 este 2017 como el a\u00f1o de La Biblia. Con razones para impulsar la lectura de las Sagradas Escrituras en dicho estado.<\/span><\/p>\n<p style=\"line-height: 19.5pt; font-variant-ligatures: normal; font-variant-caps: normal; orphans: 2; text-align: start; widows: 2; -webkit-text-stroke-width: 0px; word-spacing: 0px; margin: 0cm 0cm 19.5pt 0cm;\"><span style=\"font-size: 11.5pt; font-family: 'Verdana','sans-serif'; color: #222222;\">Bevin, realiz\u00f3 la declaraci\u00f3n en vista de la esperada \u201cMarat\u00f3n de Lectura de La Biblia\u201d que fue realizada a trav\u00e9s del estado, desde el 01 de enero y culminando el 04 de enero. En dicha actividad, se gestionaron grupos de lectura de La Biblia.<\/span><\/p>\n","protected":false},"excerpt":{"rendered":"<p>El gobernador \u00a0del estado de Kentucky, E.E.U.U Matt Bevin, declar\u00f3 este 2017 como el a\u00f1o de La Biblia. Con razones para impulsar la lectura de las Sagradas Escrituras en dicho estado. Bevin, realiz\u00f3 la declaraci\u00f3n en vista de la esperada \u201cMarat\u00f3n de Lectura de La Biblia\u201d que fue realizada a trav\u00e9s del estado, desde el [&hellip;]<\/p>\n","protected":false},"author":3,"featured_media":2161,"comment_status":"open","ping_status":"open","sticky":false,"template":"","format":"standard","meta":[],"categories":[56],"tags":[],"yoast_head":"<!-- This site is optimized with the Yoast SEO plugin v20.8 - https:\/\/yoast.com\/wordpress\/plugins\/seo\/ -->\n<title>2017 declarado como el a\u00f1o de La Biblia en Kentucky - La Prensa Cristiana<\/title>\n<meta name=\"robots\" content=\"index, follow, max-snippet:-1, max-image-preview:large, max-video-preview:-1\" \/>\n<link rel=\"canonical\" href=\"https:\/\/laprensacristiana.com\/?p=2160\" \/>\n<meta property=\"og:locale\" content=\"es_ES\" \/>\n<meta property=\"og:type\" content=\"article\" \/>\n<meta property=\"og:title\" content=\"2017 declarado como el a\u00f1o de La Biblia en Kentucky - La Prensa Cristiana\" \/>\n<meta property=\"og:description\" content=\"El gobernador \u00a0del estado de Kentucky, E.E.U.U Matt Bevin, declar\u00f3 este 2017 como el a\u00f1o de La Biblia. Con razones para impulsar la lectura de las Sagradas Escrituras en dicho estado. Bevin, realiz\u00f3 la declaraci\u00f3n en vista de la esperada \u201cMarat\u00f3n de Lectura de La Biblia\u201d que fue realizada a trav\u00e9s del estado, desde el [&hellip;]\" \/>\n<meta property=\"og:url\" content=\"https:\/\/laprensacristiana.com\/?p=2160\" \/>\n<meta property=\"og:site_name\" content=\"La Prensa Cristiana\" \/>\n<meta property=\"article:published_time\" content=\"2017-01-05T22:31:03+00:00\" \/>\n<meta property=\"article:modified_time\" content=\"2020-07-02T01:21:46+00:00\" \/>\n<meta property=\"og:image\" content=\"https:\/\/laprensacristiana.com\/wp-content\/uploads\/2017\/01\/ken.jpg\" \/>\n\t<meta property=\"og:image:width\" content=\"960\" \/>\n\t<meta property=\"og:image:height\" content=\"640\" \/>\n\t<meta property=\"og:image:type\" content=\"image\/jpeg\" \/>\n<meta name=\"author\" content=\"EDITOR\" \/>\n<meta name=\"twitter:card\" content=\"summary_large_image\" \/>\n<meta name=\"twitter:label1\" content=\"Escrito por\" \/>\n\t<meta name=\"twitter:data1\" content=\"EDITOR\" \/>\n<script type=\"application\/ld+json\" class=\"yoast-schema-graph\">{\"@context\":\"https:\/\/schema.org\",\"@graph\":[{\"@type\":\"WebPage\",\"@id\":\"https:\/\/laprensacristiana.com\/?p=2160\",\"url\":\"https:\/\/laprensacristiana.com\/?p=2160\",\"name\":\"2017 declarado como el a\u00f1o de La Biblia en Kentucky - La Prensa Cristiana\",\"isPartOf\":{\"@id\":\"https:\/\/laprensacristiana.com\/#website\"},\"datePublished\":\"2017-01-05T22:31:03+00:00\",\"dateModified\":\"2020-07-02T01:21:46+00:00\",\"author\":{\"@id\":\"https:\/\/laprensacristiana.com\/#\/schema\/person\/3e7d82c6bfd6b1fa67010f8f7cd5256e\"},\"breadcrumb\":{\"@id\":\"https:\/\/laprensacristiana.com\/?p=2160#breadcrumb\"},\"inLanguage\":\"es\",\"potentialAction\":[{\"@type\":\"ReadAction\",\"target\":[\"https:\/\/laprensacristiana.com\/?p=2160\"]}]},{\"@type\":\"BreadcrumbList\",\"@id\":\"https:\/\/laprensacristiana.com\/?p=2160#breadcrumb\",\"itemListElement\":[{\"@type\":\"ListItem\",\"position\":1,\"name\":\"Portada\",\"item\":\"https:\/\/laprensacristiana.com\/\"},{\"@type\":\"ListItem\",\"position\":2,\"name\":\"2017 declarado como el a\u00f1o de La Biblia en Kentucky\"}]},{\"@type\":\"WebSite\",\"@id\":\"https:\/\/laprensacristiana.com\/#website\",\"url\":\"https:\/\/laprensacristiana.com\/\",\"name\":\"La Prensa Cristiana\",\"description\":\"Anunciando Las Buenas Nuevas\",\"potentialAction\":[{\"@type\":\"SearchAction\",\"target\":{\"@type\":\"EntryPoint\",\"urlTemplate\":\"https:\/\/laprensacristiana.com\/?s={search_term_string}\"},\"query-input\":\"required name=search_term_string\"}],\"inLanguage\":\"es\"},{\"@type\":\"Person\",\"@id\":\"https:\/\/laprensacristiana.com\/#\/schema\/person\/3e7d82c6bfd6b1fa67010f8f7cd5256e\",\"name\":\"EDITOR\",\"image\":{\"@type\":\"ImageObject\",\"inLanguage\":\"es\",\"@id\":\"https:\/\/laprensacristiana.com\/#\/schema\/person\/image\/\",\"url\":\"https:\/\/secure.gravatar.com\/avatar\/72069dfb6c13772d9e8381e3638666d2?s=96&d=mm&r=g\",\"contentUrl\":\"https:\/\/secure.gravatar.com\/avatar\/72069dfb6c13772d9e8381e3638666d2?s=96&d=mm&r=g\",\"caption\":\"EDITOR\"},\"url\":\"https:\/\/laprensacristiana.com\/?author=3\"}]}<\/script>\n<!-- \/ Yoast SEO plugin. -->","yoast_head_json":{"title":"2017 declarado como el a\u00f1o de La Biblia en Kentucky - La Prensa Cristiana","robots":{"index":"index","follow":"follow","max-snippet":"max-snippet:-1","max-image-preview":"max-image-preview:large","max-video-preview":"max-video-preview:-1"},"canonical":"https:\/\/laprensacristiana.com\/?p=2160","og_locale":"es_ES","og_type":"article","og_title":"2017 declarado como el a\u00f1o de La Biblia en Kentucky - La Prensa Cristiana","og_description":"El gobernador \u00a0del estado de Kentucky, E.E.U.U Matt Bevin, declar\u00f3 este 2017 como el a\u00f1o de La Biblia. Con razones para impulsar la lectura de las Sagradas Escrituras en dicho estado. Bevin, realiz\u00f3 la declaraci\u00f3n en vista de la esperada \u201cMarat\u00f3n de Lectura de La Biblia\u201d que fue realizada a trav\u00e9s del estado, desde el [&hellip;]","og_url":"https:\/\/laprensacristiana.com\/?p=2160","og_site_name":"La Prensa Cristiana","article_published_time":"2017-01-05T22:31:03+00:00","article_modified_time":"2020-07-02T01:21:46+00:00","og_image":[{"width":960,"height":640,"url":"https:\/\/laprensacristiana.com\/wp-content\/uploads\/2017\/01\/ken.jpg","type":"image\/jpeg"}],"author":"EDITOR","twitter_card":"summary_large_image","twitter_misc":{"Escrito por":"EDITOR"},"schema":{"@context":"https:\/\/schema.org","@graph":[{"@type":"WebPage","@id":"https:\/\/laprensacristiana.com\/?p=2160","url":"https:\/\/laprensacristiana.com\/?p=2160","name":"2017 declarado como el a\u00f1o de La Biblia en Kentucky - La Prensa Cristiana","isPartOf":{"@id":"https:\/\/laprensacristiana.com\/#website"},"datePublished":"2017-01-05T22:31:03+00:00","dateModified":"2020-07-02T01:21:46+00:00","author":{"@id":"https:\/\/laprensacristiana.com\/#\/schema\/person\/3e7d82c6bfd6b1fa67010f8f7cd5256e"},"breadcrumb":{"@id":"https:\/\/laprensacristiana.com\/?p=2160#breadcrumb"},"inLanguage":"es","potentialAction":[{"@type":"ReadAction","target":["https:\/\/laprensacristiana.com\/?p=2160"]}]},{"@type":"BreadcrumbList","@id":"https:\/\/laprensacristiana.com\/?p=2160#breadcrumb","itemListElement":[{"@type":"ListItem","position":1,"name":"Portada","item":"https:\/\/laprensacristiana.com\/"},{"@type":"ListItem","position":2,"name":"2017 declarado como el a\u00f1o de La Biblia en Kentucky"}]},{"@type":"WebSite","@id":"https:\/\/laprensacristiana.com\/#website","url":"https:\/\/laprensacristiana.com\/","name":"La Prensa Cristiana","description":"Anunciando Las Buenas Nuevas","potentialAction":[{"@type":"SearchAction","target":{"@type":"EntryPoint","urlTemplate":"https:\/\/laprensacristiana.com\/?s={search_term_string}"},"query-input":"required name=search_term_string"}],"inLanguage":"es"},{"@type":"Person","@id":"https:\/\/laprensacristiana.com\/#\/schema\/person\/3e7d82c6bfd6b1fa67010f8f7cd5256e","name":"EDITOR","image":{"@type":"ImageObject","inLanguage":"es","@id":"https:\/\/laprensacristiana.com\/#\/schema\/person\/image\/","url":"https:\/\/secure.gravatar.com\/avatar\/72069dfb6c13772d9e8381e3638666d2?s=96&d=mm&r=g","contentUrl":"https:\/\/secure.gravatar.com\/avatar\/72069dfb6c13772d9e8381e3638666d2?s=96&d=mm&r=g","caption":"EDITOR"},"url":"https:\/\/laprensacristiana.com\/?author=3"}]}},"_links":{"self":[{"href":"https:\/\/laprensacristiana.com\/index.php?rest_route=\/wp\/v2\/posts\/2160"}],"collection":[{"href":"https:\/\/laprensacristiana.com\/index.php?rest_route=\/wp\/v2\/posts"}],"about":[{"href":"https:\/\/laprensacristiana.com\/index.php?rest_route=\/wp\/v2\/types\/post"}],"author":[{"embeddable":true,"href":"https:\/\/laprensacristiana.com\/index.php?rest_route=\/wp\/v2\/users\/3"}],"replies":[{"embeddable":true,"href":"https:\/\/laprensacristiana.com\/index.php?rest_route=%2Fwp%2Fv2%2Fcomments&post=2160"}],"version-history":[{"count":2,"href":"https:\/\/laprensacristiana.com\/index.php?rest_route=\/wp\/v2\/posts\/2160\/revisions"}],"predecessor-version":[{"id":2163,"href":"https:\/\/laprensacristiana.com\/index.php?rest_route=\/wp\/v2\/posts\/2160\/revisions\/2163"}],"wp:featuredmedia":[{"embeddable":true,"href":"https:\/\/laprensacristiana.com\/index.php?rest_route=\/wp\/v2\/media\/2161"}],"wp:attachment":[{"href":"https:\/\/laprensacristiana.com\/index.php?rest_route=%2Fwp%2Fv2%2Fmedia&parent=2160"}],"wp:term":[{"taxonomy":"category","embeddable":true,"href":"https:\/\/laprensacristiana.com\/index.php?rest_route=%2Fwp%2Fv2%2Fcategories&post=2160"},{"taxonomy":"post_tag","embeddable":true,"href":"https:\/\/laprensacristiana.com\/index.php?rest_route=%2Fwp%2Fv2%2Ftags&post=2160"}],"curies":[{"name":"wp","href":"https:\/\/api.w.org\/{rel}","templated":true}]}}