{"id":2169,"date":"2017-01-06T23:05:06","date_gmt":"2017-01-06T23:05:06","guid":{"rendered":"https:\/\/laprensacristiana.com\/?p=2169"},"modified":"2020-07-02T01:21:21","modified_gmt":"2020-07-02T01:21:21","slug":"dios-le-revelo-el-versiculo-de-su-vida","status":"publish","type":"post","link":"https:\/\/laprensacristiana.com\/?p=2169","title":{"rendered":"Dios le revel\u00f3 el vers\u00edculo de su vida"},"content":{"rendered":"<p style=\"text-align: justify; line-height: 150%; margin: 0cm 0cm 19.5pt 0cm;\"><span style=\"font-family: 'Arial','sans-serif'; color: #222222;\">Nick Vujicic relat\u00f3 c\u00f3mo Dios se manifest\u00f3 en su vida, cuando era un ni\u00f1o de solo 7 a\u00f1os de edad, por medio de un vers\u00edculo de La Biblia.<\/span><\/p>\n<p style=\"text-align: justify; line-height: 150%; margin: 0cm 0cm 19.5pt 0cm;\"><span style=\"font-family: 'Arial','sans-serif'; color: #222222;\">Nick, naci\u00f3 en el a\u00f1o 1982, en Brisbane, Australia con el s\u00edndrome de tretra-amelia; el cual se caracteriza por la falta de extremidades. A pesar de ello, Nick es un claro ejemplo de superaci\u00f3n. Durante su infancia sufri\u00f3 mucho porque sus compa\u00f1eros lo molestaban.<\/span><\/p>\n<p style=\"text-align: justify; line-height: 150%; margin: 0cm 0cm 19.5pt 0cm;\"><span style=\"font-family: 'Arial','sans-serif'; color: #222222;\">Constantemente \u00e9l oraba para que sus brazos y piernas le crecieran e incluso pens\u00f3 en el suicidio. Sin embargo, cuando ten\u00eda siete a\u00f1os Dios le habl\u00f3 por medio de su palabra en el libro de Juan cap\u00edtulo 9, vers\u00edculo 3: \u00abJes\u00fas le dijo al hombre que naci\u00f3 as\u00ed para que las obras de Dios se manifestar\u00e1n a trav\u00e9s de \u00e9l\u00bb. De inmediato, Nick lo entendi\u00f3, de manera que Dios ten\u00eda un plan para \u00e9l; hab\u00eda sido llamado para evangelizar mediante su testimonio. \u00a0\u00a0<\/span><\/p>\n","protected":false},"excerpt":{"rendered":"<p>Nick Vujicic relat\u00f3 c\u00f3mo Dios se manifest\u00f3 en su vida, cuando era un ni\u00f1o de solo 7 a\u00f1os de edad, por medio de un vers\u00edculo de La Biblia. Nick, naci\u00f3 en el a\u00f1o 1982, en Brisbane, Australia con el s\u00edndrome de tretra-amelia; el cual se caracteriza por la falta de extremidades. A pesar de ello, [&hellip;]<\/p>\n","protected":false},"author":3,"featured_media":2171,"comment_status":"open","ping_status":"open","sticky":false,"template":"","format":"standard","meta":[],"categories":[36],"tags":[],"yoast_head":"<!-- This site is optimized with the Yoast SEO plugin v20.8 - https:\/\/yoast.com\/wordpress\/plugins\/seo\/ -->\n<title>Dios le revel\u00f3 el vers\u00edculo de su vida - La Prensa Cristiana<\/title>\n<meta name=\"robots\" content=\"index, follow, max-snippet:-1, max-image-preview:large, max-video-preview:-1\" \/>\n<link rel=\"canonical\" href=\"https:\/\/laprensacristiana.com\/?p=2169\" \/>\n<meta property=\"og:locale\" content=\"es_ES\" \/>\n<meta property=\"og:type\" content=\"article\" \/>\n<meta property=\"og:title\" content=\"Dios le revel\u00f3 el vers\u00edculo de su vida - La Prensa Cristiana\" \/>\n<meta property=\"og:description\" content=\"Nick Vujicic relat\u00f3 c\u00f3mo Dios se manifest\u00f3 en su vida, cuando era un ni\u00f1o de solo 7 a\u00f1os de edad, por medio de un vers\u00edculo de La Biblia. Nick, naci\u00f3 en el a\u00f1o 1982, en Brisbane, Australia con el s\u00edndrome de tretra-amelia; el cual se caracteriza por la falta de extremidades. A pesar de ello, [&hellip;]\" \/>\n<meta property=\"og:url\" content=\"https:\/\/laprensacristiana.com\/?p=2169\" \/>\n<meta property=\"og:site_name\" content=\"La Prensa Cristiana\" \/>\n<meta property=\"article:published_time\" content=\"2017-01-06T23:05:06+00:00\" \/>\n<meta property=\"article:modified_time\" content=\"2020-07-02T01:21:21+00:00\" \/>\n<meta property=\"og:image\" content=\"https:\/\/laprensacristiana.com\/wp-content\/uploads\/2017\/01\/nick.jpg\" \/>\n\t<meta property=\"og:image:width\" content=\"960\" \/>\n\t<meta property=\"og:image:height\" content=\"960\" \/>\n\t<meta property=\"og:image:type\" content=\"image\/jpeg\" \/>\n<meta name=\"author\" content=\"EDITOR\" \/>\n<meta name=\"twitter:card\" content=\"summary_large_image\" \/>\n<meta name=\"twitter:label1\" content=\"Escrito por\" \/>\n\t<meta name=\"twitter:data1\" content=\"EDITOR\" \/>\n\t<meta name=\"twitter:label2\" content=\"Tiempo de lectura\" \/>\n\t<meta name=\"twitter:data2\" content=\"1 minuto\" \/>\n<script type=\"application\/ld+json\" class=\"yoast-schema-graph\">{\"@context\":\"https:\/\/schema.org\",\"@graph\":[{\"@type\":\"WebPage\",\"@id\":\"https:\/\/laprensacristiana.com\/?p=2169\",\"url\":\"https:\/\/laprensacristiana.com\/?p=2169\",\"name\":\"Dios le revel\u00f3 el vers\u00edculo de su vida - La Prensa Cristiana\",\"isPartOf\":{\"@id\":\"https:\/\/laprensacristiana.com\/#website\"},\"datePublished\":\"2017-01-06T23:05:06+00:00\",\"dateModified\":\"2020-07-02T01:21:21+00:00\",\"author\":{\"@id\":\"https:\/\/laprensacristiana.com\/#\/schema\/person\/3e7d82c6bfd6b1fa67010f8f7cd5256e\"},\"breadcrumb\":{\"@id\":\"https:\/\/laprensacristiana.com\/?p=2169#breadcrumb\"},\"inLanguage\":\"es\",\"potentialAction\":[{\"@type\":\"ReadAction\",\"target\":[\"https:\/\/laprensacristiana.com\/?p=2169\"]}]},{\"@type\":\"BreadcrumbList\",\"@id\":\"https:\/\/laprensacristiana.com\/?p=2169#breadcrumb\",\"itemListElement\":[{\"@type\":\"ListItem\",\"position\":1,\"name\":\"Portada\",\"item\":\"https:\/\/laprensacristiana.com\/\"},{\"@type\":\"ListItem\",\"position\":2,\"name\":\"Dios le revel\u00f3 el vers\u00edculo de su vida\"}]},{\"@type\":\"WebSite\",\"@id\":\"https:\/\/laprensacristiana.com\/#website\",\"url\":\"https:\/\/laprensacristiana.com\/\",\"name\":\"La Prensa Cristiana\",\"description\":\"Anunciando Las Buenas Nuevas\",\"potentialAction\":[{\"@type\":\"SearchAction\",\"target\":{\"@type\":\"EntryPoint\",\"urlTemplate\":\"https:\/\/laprensacristiana.com\/?s={search_term_string}\"},\"query-input\":\"required name=search_term_string\"}],\"inLanguage\":\"es\"},{\"@type\":\"Person\",\"@id\":\"https:\/\/laprensacristiana.com\/#\/schema\/person\/3e7d82c6bfd6b1fa67010f8f7cd5256e\",\"name\":\"EDITOR\",\"image\":{\"@type\":\"ImageObject\",\"inLanguage\":\"es\",\"@id\":\"https:\/\/laprensacristiana.com\/#\/schema\/person\/image\/\",\"url\":\"https:\/\/secure.gravatar.com\/avatar\/72069dfb6c13772d9e8381e3638666d2?s=96&d=mm&r=g\",\"contentUrl\":\"https:\/\/secure.gravatar.com\/avatar\/72069dfb6c13772d9e8381e3638666d2?s=96&d=mm&r=g\",\"caption\":\"EDITOR\"},\"url\":\"https:\/\/laprensacristiana.com\/?author=3\"}]}<\/script>\n<!-- \/ Yoast SEO plugin. -->","yoast_head_json":{"title":"Dios le revel\u00f3 el vers\u00edculo de su vida - La Prensa Cristiana","robots":{"index":"index","follow":"follow","max-snippet":"max-snippet:-1","max-image-preview":"max-image-preview:large","max-video-preview":"max-video-preview:-1"},"canonical":"https:\/\/laprensacristiana.com\/?p=2169","og_locale":"es_ES","og_type":"article","og_title":"Dios le revel\u00f3 el vers\u00edculo de su vida - La Prensa Cristiana","og_description":"Nick Vujicic relat\u00f3 c\u00f3mo Dios se manifest\u00f3 en su vida, cuando era un ni\u00f1o de solo 7 a\u00f1os de edad, por medio de un vers\u00edculo de La Biblia. Nick, naci\u00f3 en el a\u00f1o 1982, en Brisbane, Australia con el s\u00edndrome de tretra-amelia; el cual se caracteriza por la falta de extremidades. A pesar de ello, [&hellip;]","og_url":"https:\/\/laprensacristiana.com\/?p=2169","og_site_name":"La Prensa Cristiana","article_published_time":"2017-01-06T23:05:06+00:00","article_modified_time":"2020-07-02T01:21:21+00:00","og_image":[{"width":960,"height":960,"url":"https:\/\/laprensacristiana.com\/wp-content\/uploads\/2017\/01\/nick.jpg","type":"image\/jpeg"}],"author":"EDITOR","twitter_card":"summary_large_image","twitter_misc":{"Escrito por":"EDITOR","Tiempo de lectura":"1 minuto"},"schema":{"@context":"https:\/\/schema.org","@graph":[{"@type":"WebPage","@id":"https:\/\/laprensacristiana.com\/?p=2169","url":"https:\/\/laprensacristiana.com\/?p=2169","name":"Dios le revel\u00f3 el vers\u00edculo de su vida - La Prensa Cristiana","isPartOf":{"@id":"https:\/\/laprensacristiana.com\/#website"},"datePublished":"2017-01-06T23:05:06+00:00","dateModified":"2020-07-02T01:21:21+00:00","author":{"@id":"https:\/\/laprensacristiana.com\/#\/schema\/person\/3e7d82c6bfd6b1fa67010f8f7cd5256e"},"breadcrumb":{"@id":"https:\/\/laprensacristiana.com\/?p=2169#breadcrumb"},"inLanguage":"es","potentialAction":[{"@type":"ReadAction","target":["https:\/\/laprensacristiana.com\/?p=2169"]}]},{"@type":"BreadcrumbList","@id":"https:\/\/laprensacristiana.com\/?p=2169#breadcrumb","itemListElement":[{"@type":"ListItem","position":1,"name":"Portada","item":"https:\/\/laprensacristiana.com\/"},{"@type":"ListItem","position":2,"name":"Dios le revel\u00f3 el vers\u00edculo de su vida"}]},{"@type":"WebSite","@id":"https:\/\/laprensacristiana.com\/#website","url":"https:\/\/laprensacristiana.com\/","name":"La Prensa Cristiana","description":"Anunciando Las Buenas Nuevas","potentialAction":[{"@type":"SearchAction","target":{"@type":"EntryPoint","urlTemplate":"https:\/\/laprensacristiana.com\/?s={search_term_string}"},"query-input":"required name=search_term_string"}],"inLanguage":"es"},{"@type":"Person","@id":"https:\/\/laprensacristiana.com\/#\/schema\/person\/3e7d82c6bfd6b1fa67010f8f7cd5256e","name":"EDITOR","image":{"@type":"ImageObject","inLanguage":"es","@id":"https:\/\/laprensacristiana.com\/#\/schema\/person\/image\/","url":"https:\/\/secure.gravatar.com\/avatar\/72069dfb6c13772d9e8381e3638666d2?s=96&d=mm&r=g","contentUrl":"https:\/\/secure.gravatar.com\/avatar\/72069dfb6c13772d9e8381e3638666d2?s=96&d=mm&r=g","caption":"EDITOR"},"url":"https:\/\/laprensacristiana.com\/?author=3"}]}},"_links":{"self":[{"href":"https:\/\/laprensacristiana.com\/index.php?rest_route=\/wp\/v2\/posts\/2169"}],"collection":[{"href":"https:\/\/laprensacristiana.com\/index.php?rest_route=\/wp\/v2\/posts"}],"about":[{"href":"https:\/\/laprensacristiana.com\/index.php?rest_route=\/wp\/v2\/types\/post"}],"author":[{"embeddable":true,"href":"https:\/\/laprensacristiana.com\/index.php?rest_route=\/wp\/v2\/users\/3"}],"replies":[{"embeddable":true,"href":"https:\/\/laprensacristiana.com\/index.php?rest_route=%2Fwp%2Fv2%2Fcomments&post=2169"}],"version-history":[{"count":1,"href":"https:\/\/laprensacristiana.com\/index.php?rest_route=\/wp\/v2\/posts\/2169\/revisions"}],"predecessor-version":[{"id":2170,"href":"https:\/\/laprensacristiana.com\/index.php?rest_route=\/wp\/v2\/posts\/2169\/revisions\/2170"}],"wp:featuredmedia":[{"embeddable":true,"href":"https:\/\/laprensacristiana.com\/index.php?rest_route=\/wp\/v2\/media\/2171"}],"wp:attachment":[{"href":"https:\/\/laprensacristiana.com\/index.php?rest_route=%2Fwp%2Fv2%2Fmedia&parent=2169"}],"wp:term":[{"taxonomy":"category","embeddable":true,"href":"https:\/\/laprensacristiana.com\/index.php?rest_route=%2Fwp%2Fv2%2Fcategories&post=2169"},{"taxonomy":"post_tag","embeddable":true,"href":"https:\/\/laprensacristiana.com\/index.php?rest_route=%2Fwp%2Fv2%2Ftags&post=2169"}],"curies":[{"name":"wp","href":"https:\/\/api.w.org\/{rel}","templated":true}]}}