{"id":2172,"date":"2017-01-09T17:28:16","date_gmt":"2017-01-09T17:28:16","guid":{"rendered":"https:\/\/laprensacristiana.com\/?p=2172"},"modified":"2020-07-02T01:20:50","modified_gmt":"2020-07-02T01:20:50","slug":"que-significa-exactamente-la-oracion-y-quienes-deben-practicarla","status":"publish","type":"post","link":"https:\/\/laprensacristiana.com\/?p=2172","title":{"rendered":"\u00bfQu\u00e9 significa exactamente  la oraci\u00f3n?  Y \u00bfQui\u00e9nes deben  practicarla?"},"content":{"rendered":"<p>POR JULY DE SOSA<\/p>\n<p>\u00bfSab\u00eda usted, que existe una condici\u00f3n para poder orar?. Perm\u00edtame mostr\u00e1rsela en el libro de Hebreos 11:6 Sin fe es imposible agradar a Dios, ya que cualquiera que se acerca a Dios tiene que creer que \u00e9l existe y que recompensa a quienes lo buscan.(NVI)<\/p>\n<p>Esta sencilla pero poderosa palabra de dos letras \u201cfe\u201d es lo que nos faculta para la oraci\u00f3n. Y lo que responde a la interrogante \u00bfQui\u00e9nes deben practicarla? Todo el que tenga fe en Dios. La oraci\u00f3n sin comprensi\u00f3n se limita hacer un simple dialogo con Dios; Pero si se conoce su significado en nuestra vida es lo que marcar\u00e1 la diferencia y cambiara nuestro punto de vista. Los disc\u00edpulos de Jes\u00fas estaban interesados en aprender a orar de la forma precisa y perfecta delante de Dios y pidieron a Jes\u00fas les ense\u00f1ara hacerlo; Jes\u00fas les ense\u00f1a un modelo de oraci\u00f3n, aunque su intensi\u00f3n no fue que ellos repitieran esa oraci\u00f3n sin entenderla, al contrario Jes\u00fas les estableci\u00f3 un modelo de oraci\u00f3n como gu\u00eda para que ellos y todos los creyentes nos comunic\u00e1ramos con Dios padre, con amplio discernimiento.<\/p>\n<p>He sabido que en Jerusal\u00e9n hay un edificio que tiene m\u00e1s de cien losetas de cer\u00e1mica inscritas con la oraci\u00f3n del padre nuestro, en diferentes lenguajes. Algunas personas le llaman \u201cLa oraci\u00f3n del padre nuestro\u201d O \u201cLa oraci\u00f3n del Se\u00f1or\u201d Lo cierto es que sin duda es la oraci\u00f3n m\u00e1s repetida en todo el mundo.<\/p>\n<p>Pero \u00bfQu\u00e9 significa exactamente la oraci\u00f3n? En ella descansa nuestra alabanza y adoraci\u00f3n para Dios. La oraci\u00f3n es la medicina eficaz para quienes la practican. Cuando oramos experimentamos la paz que sobrepasa todo entendimiento, sin importar la angustia que tengamos, o el gigante que enfrentemos. La oraci\u00f3n es la \u00fanica manera de crear una relaci\u00f3n sincera y estrecha con Dios. Ya que cuanto m\u00e1s la practiquemos, m\u00e1s le conoceremos, y nuestros ojos ser\u00e1n abiertos al igual que nuestro entendimiento; porque conoceremos la verdad y esa verdad nos har\u00e1 \u201clibres\u201d he escuchado decir que la oraci\u00f3n es \u201cel poder\u201d de un cristiano. Estoy totalmente de acuerdo y agregar\u00eda\u2026Un cristiano que no ora, es un pobre desvalido.<\/p>\n<p>Cierro dici\u00e9ndole que la oraci\u00f3n nos abre la oportunidad de pedir, buscar, y llamar. Y tambi\u00e9n la experiencia de experimentar milagros. No olvide que su oraci\u00f3n o falta de ella, influir\u00e1 en lo que emana de su vida; ya sea fe, o duda.<\/p>\n<p>\u00bfQu\u00e9 le parece? Si a esta hora le pide a Dios que gobierne su vida en este d\u00eda, y busca su protecci\u00f3n y ayuda. Adem\u00e1s de llamarle para que le socorra en su necesidad. \u00a1Feliz semana!<\/p>\n","protected":false},"excerpt":{"rendered":"<p>POR JULY DE SOSA \u00bfSab\u00eda usted, que existe una condici\u00f3n para poder orar?. Perm\u00edtame mostr\u00e1rsela en el libro de Hebreos 11:6 Sin fe es imposible agradar a Dios, ya que cualquiera que se acerca a Dios tiene que creer que \u00e9l existe y que recompensa a quienes lo buscan.(NVI) Esta sencilla pero poderosa palabra de [&hellip;]<\/p>\n","protected":false},"author":3,"featured_media":2173,"comment_status":"open","ping_status":"open","sticky":false,"template":"","format":"standard","meta":[],"categories":[36],"tags":[],"yoast_head":"<!-- This site is optimized with the Yoast SEO plugin v20.8 - https:\/\/yoast.com\/wordpress\/plugins\/seo\/ -->\n<title>\u00bfQu\u00e9 significa exactamente la oraci\u00f3n? Y \u00bfQui\u00e9nes deben practicarla? - La Prensa Cristiana<\/title>\n<meta name=\"robots\" content=\"index, follow, max-snippet:-1, max-image-preview:large, max-video-preview:-1\" \/>\n<link rel=\"canonical\" href=\"https:\/\/laprensacristiana.com\/?p=2172\" \/>\n<meta property=\"og:locale\" content=\"es_ES\" \/>\n<meta property=\"og:type\" content=\"article\" \/>\n<meta property=\"og:title\" content=\"\u00bfQu\u00e9 significa exactamente la oraci\u00f3n? Y \u00bfQui\u00e9nes deben practicarla? - La Prensa Cristiana\" \/>\n<meta property=\"og:description\" content=\"POR JULY DE SOSA \u00bfSab\u00eda usted, que existe una condici\u00f3n para poder orar?. Perm\u00edtame mostr\u00e1rsela en el libro de Hebreos 11:6 Sin fe es imposible agradar a Dios, ya que cualquiera que se acerca a Dios tiene que creer que \u00e9l existe y que recompensa a quienes lo buscan.(NVI) Esta sencilla pero poderosa palabra de [&hellip;]\" \/>\n<meta property=\"og:url\" content=\"https:\/\/laprensacristiana.com\/?p=2172\" \/>\n<meta property=\"og:site_name\" content=\"La Prensa Cristiana\" \/>\n<meta property=\"article:published_time\" content=\"2017-01-09T17:28:16+00:00\" \/>\n<meta property=\"article:modified_time\" content=\"2020-07-02T01:20:50+00:00\" \/>\n<meta property=\"og:image\" content=\"https:\/\/laprensacristiana.com\/wp-content\/uploads\/2017\/01\/JULY-LPC.jpg\" \/>\n\t<meta property=\"og:image:width\" content=\"1280\" \/>\n\t<meta property=\"og:image:height\" content=\"714\" \/>\n\t<meta property=\"og:image:type\" content=\"image\/jpeg\" \/>\n<meta name=\"author\" content=\"EDITOR\" \/>\n<meta name=\"twitter:card\" content=\"summary_large_image\" \/>\n<meta name=\"twitter:label1\" content=\"Escrito por\" \/>\n\t<meta name=\"twitter:data1\" content=\"EDITOR\" \/>\n\t<meta name=\"twitter:label2\" content=\"Tiempo de lectura\" \/>\n\t<meta name=\"twitter:data2\" content=\"2 minutos\" \/>\n<script type=\"application\/ld+json\" class=\"yoast-schema-graph\">{\"@context\":\"https:\/\/schema.org\",\"@graph\":[{\"@type\":\"WebPage\",\"@id\":\"https:\/\/laprensacristiana.com\/?p=2172\",\"url\":\"https:\/\/laprensacristiana.com\/?p=2172\",\"name\":\"\u00bfQu\u00e9 significa exactamente la oraci\u00f3n? Y \u00bfQui\u00e9nes deben practicarla? - La Prensa Cristiana\",\"isPartOf\":{\"@id\":\"https:\/\/laprensacristiana.com\/#website\"},\"datePublished\":\"2017-01-09T17:28:16+00:00\",\"dateModified\":\"2020-07-02T01:20:50+00:00\",\"author\":{\"@id\":\"https:\/\/laprensacristiana.com\/#\/schema\/person\/3e7d82c6bfd6b1fa67010f8f7cd5256e\"},\"breadcrumb\":{\"@id\":\"https:\/\/laprensacristiana.com\/?p=2172#breadcrumb\"},\"inLanguage\":\"es\",\"potentialAction\":[{\"@type\":\"ReadAction\",\"target\":[\"https:\/\/laprensacristiana.com\/?p=2172\"]}]},{\"@type\":\"BreadcrumbList\",\"@id\":\"https:\/\/laprensacristiana.com\/?p=2172#breadcrumb\",\"itemListElement\":[{\"@type\":\"ListItem\",\"position\":1,\"name\":\"Portada\",\"item\":\"https:\/\/laprensacristiana.com\/\"},{\"@type\":\"ListItem\",\"position\":2,\"name\":\"\u00bfQu\u00e9 significa exactamente la oraci\u00f3n? Y \u00bfQui\u00e9nes deben practicarla?\"}]},{\"@type\":\"WebSite\",\"@id\":\"https:\/\/laprensacristiana.com\/#website\",\"url\":\"https:\/\/laprensacristiana.com\/\",\"name\":\"La Prensa Cristiana\",\"description\":\"Anunciando Las Buenas Nuevas\",\"potentialAction\":[{\"@type\":\"SearchAction\",\"target\":{\"@type\":\"EntryPoint\",\"urlTemplate\":\"https:\/\/laprensacristiana.com\/?s={search_term_string}\"},\"query-input\":\"required name=search_term_string\"}],\"inLanguage\":\"es\"},{\"@type\":\"Person\",\"@id\":\"https:\/\/laprensacristiana.com\/#\/schema\/person\/3e7d82c6bfd6b1fa67010f8f7cd5256e\",\"name\":\"EDITOR\",\"image\":{\"@type\":\"ImageObject\",\"inLanguage\":\"es\",\"@id\":\"https:\/\/laprensacristiana.com\/#\/schema\/person\/image\/\",\"url\":\"https:\/\/secure.gravatar.com\/avatar\/72069dfb6c13772d9e8381e3638666d2?s=96&d=mm&r=g\",\"contentUrl\":\"https:\/\/secure.gravatar.com\/avatar\/72069dfb6c13772d9e8381e3638666d2?s=96&d=mm&r=g\",\"caption\":\"EDITOR\"},\"url\":\"https:\/\/laprensacristiana.com\/?author=3\"}]}<\/script>\n<!-- \/ Yoast SEO plugin. -->","yoast_head_json":{"title":"\u00bfQu\u00e9 significa exactamente la oraci\u00f3n? Y \u00bfQui\u00e9nes deben practicarla? - La Prensa Cristiana","robots":{"index":"index","follow":"follow","max-snippet":"max-snippet:-1","max-image-preview":"max-image-preview:large","max-video-preview":"max-video-preview:-1"},"canonical":"https:\/\/laprensacristiana.com\/?p=2172","og_locale":"es_ES","og_type":"article","og_title":"\u00bfQu\u00e9 significa exactamente la oraci\u00f3n? Y \u00bfQui\u00e9nes deben practicarla? - La Prensa Cristiana","og_description":"POR JULY DE SOSA \u00bfSab\u00eda usted, que existe una condici\u00f3n para poder orar?. Perm\u00edtame mostr\u00e1rsela en el libro de Hebreos 11:6 Sin fe es imposible agradar a Dios, ya que cualquiera que se acerca a Dios tiene que creer que \u00e9l existe y que recompensa a quienes lo buscan.(NVI) Esta sencilla pero poderosa palabra de [&hellip;]","og_url":"https:\/\/laprensacristiana.com\/?p=2172","og_site_name":"La Prensa Cristiana","article_published_time":"2017-01-09T17:28:16+00:00","article_modified_time":"2020-07-02T01:20:50+00:00","og_image":[{"width":1280,"height":714,"url":"https:\/\/laprensacristiana.com\/wp-content\/uploads\/2017\/01\/JULY-LPC.jpg","type":"image\/jpeg"}],"author":"EDITOR","twitter_card":"summary_large_image","twitter_misc":{"Escrito por":"EDITOR","Tiempo de lectura":"2 minutos"},"schema":{"@context":"https:\/\/schema.org","@graph":[{"@type":"WebPage","@id":"https:\/\/laprensacristiana.com\/?p=2172","url":"https:\/\/laprensacristiana.com\/?p=2172","name":"\u00bfQu\u00e9 significa exactamente la oraci\u00f3n? Y \u00bfQui\u00e9nes deben practicarla? - La Prensa Cristiana","isPartOf":{"@id":"https:\/\/laprensacristiana.com\/#website"},"datePublished":"2017-01-09T17:28:16+00:00","dateModified":"2020-07-02T01:20:50+00:00","author":{"@id":"https:\/\/laprensacristiana.com\/#\/schema\/person\/3e7d82c6bfd6b1fa67010f8f7cd5256e"},"breadcrumb":{"@id":"https:\/\/laprensacristiana.com\/?p=2172#breadcrumb"},"inLanguage":"es","potentialAction":[{"@type":"ReadAction","target":["https:\/\/laprensacristiana.com\/?p=2172"]}]},{"@type":"BreadcrumbList","@id":"https:\/\/laprensacristiana.com\/?p=2172#breadcrumb","itemListElement":[{"@type":"ListItem","position":1,"name":"Portada","item":"https:\/\/laprensacristiana.com\/"},{"@type":"ListItem","position":2,"name":"\u00bfQu\u00e9 significa exactamente la oraci\u00f3n? Y \u00bfQui\u00e9nes deben practicarla?"}]},{"@type":"WebSite","@id":"https:\/\/laprensacristiana.com\/#website","url":"https:\/\/laprensacristiana.com\/","name":"La Prensa Cristiana","description":"Anunciando Las Buenas Nuevas","potentialAction":[{"@type":"SearchAction","target":{"@type":"EntryPoint","urlTemplate":"https:\/\/laprensacristiana.com\/?s={search_term_string}"},"query-input":"required name=search_term_string"}],"inLanguage":"es"},{"@type":"Person","@id":"https:\/\/laprensacristiana.com\/#\/schema\/person\/3e7d82c6bfd6b1fa67010f8f7cd5256e","name":"EDITOR","image":{"@type":"ImageObject","inLanguage":"es","@id":"https:\/\/laprensacristiana.com\/#\/schema\/person\/image\/","url":"https:\/\/secure.gravatar.com\/avatar\/72069dfb6c13772d9e8381e3638666d2?s=96&d=mm&r=g","contentUrl":"https:\/\/secure.gravatar.com\/avatar\/72069dfb6c13772d9e8381e3638666d2?s=96&d=mm&r=g","caption":"EDITOR"},"url":"https:\/\/laprensacristiana.com\/?author=3"}]}},"_links":{"self":[{"href":"https:\/\/laprensacristiana.com\/index.php?rest_route=\/wp\/v2\/posts\/2172"}],"collection":[{"href":"https:\/\/laprensacristiana.com\/index.php?rest_route=\/wp\/v2\/posts"}],"about":[{"href":"https:\/\/laprensacristiana.com\/index.php?rest_route=\/wp\/v2\/types\/post"}],"author":[{"embeddable":true,"href":"https:\/\/laprensacristiana.com\/index.php?rest_route=\/wp\/v2\/users\/3"}],"replies":[{"embeddable":true,"href":"https:\/\/laprensacristiana.com\/index.php?rest_route=%2Fwp%2Fv2%2Fcomments&post=2172"}],"version-history":[{"count":1,"href":"https:\/\/laprensacristiana.com\/index.php?rest_route=\/wp\/v2\/posts\/2172\/revisions"}],"predecessor-version":[{"id":2174,"href":"https:\/\/laprensacristiana.com\/index.php?rest_route=\/wp\/v2\/posts\/2172\/revisions\/2174"}],"wp:featuredmedia":[{"embeddable":true,"href":"https:\/\/laprensacristiana.com\/index.php?rest_route=\/wp\/v2\/media\/2173"}],"wp:attachment":[{"href":"https:\/\/laprensacristiana.com\/index.php?rest_route=%2Fwp%2Fv2%2Fmedia&parent=2172"}],"wp:term":[{"taxonomy":"category","embeddable":true,"href":"https:\/\/laprensacristiana.com\/index.php?rest_route=%2Fwp%2Fv2%2Fcategories&post=2172"},{"taxonomy":"post_tag","embeddable":true,"href":"https:\/\/laprensacristiana.com\/index.php?rest_route=%2Fwp%2Fv2%2Ftags&post=2172"}],"curies":[{"name":"wp","href":"https:\/\/api.w.org\/{rel}","templated":true}]}}