{"id":2175,"date":"2017-01-10T16:11:46","date_gmt":"2017-01-10T16:11:46","guid":{"rendered":"https:\/\/laprensacristiana.com\/?p=2175"},"modified":"2020-07-02T01:20:36","modified_gmt":"2020-07-02T01:20:36","slug":"pablo-olivares-presenta-tu-amor-me-acompana","status":"publish","type":"post","link":"https:\/\/laprensacristiana.com\/?p=2175","title":{"rendered":"Pablo Olivares presenta \u201cTu amor me acompa\u00f1ar\u00e1\u201d"},"content":{"rendered":"<p>El cantante Pablo Olivares anunci\u00f3 oficialmente en sus redes sociales, el video de su canci\u00f3n \u201cTu amor me acompa\u00f1ar\u00e1\u201d que no es nada m\u00e1s, que su primer sencillo del \u00e1lbum\u00a0 \u201cEn la red\u201d.<\/p>\n<p>Pablo, nacido en Argentina, lleva una carrera musical cristiana desde el 2004 y en febrero de este a\u00f1o saldr\u00e1 su pr\u00f3ximo disco <em>\u201cEn la red\u201d<\/em>\u00a0 que para el solista ser\u00eda el 5to. dentro de su trayectoria.<\/p>\n<p>Compartimos el video:<\/p>\n<p><iframe loading=\"lazy\" title=\"Pablo Olivares - TU AMOR ME ACOMPA\u00d1AR\u00c1 - Video Lyric.\" width=\"696\" height=\"392\" src=\"https:\/\/www.youtube.com\/embed\/8xyh5pq8CTg?feature=oembed\" frameborder=\"0\" allow=\"accelerometer; autoplay; encrypted-media; gyroscope; picture-in-picture\" allowfullscreen><\/iframe><\/p>\n<p>&nbsp;<\/p>\n","protected":false},"excerpt":{"rendered":"<p>El cantante Pablo Olivares anunci\u00f3 oficialmente en sus redes sociales, el video de su canci\u00f3n \u201cTu amor me acompa\u00f1ar\u00e1\u201d que no es nada m\u00e1s, que su primer sencillo del \u00e1lbum\u00a0 \u201cEn la red\u201d. Pablo, nacido en Argentina, lleva una carrera musical cristiana desde el 2004 y en febrero de este a\u00f1o saldr\u00e1 su pr\u00f3ximo disco [&hellip;]<\/p>\n","protected":false},"author":3,"featured_media":2176,"comment_status":"open","ping_status":"open","sticky":false,"template":"","format":"standard","meta":[],"categories":[101],"tags":[],"yoast_head":"<!-- This site is optimized with the Yoast SEO plugin v20.8 - https:\/\/yoast.com\/wordpress\/plugins\/seo\/ -->\n<title>Pablo Olivares presenta \u201cTu amor me acompa\u00f1ar\u00e1\u201d - La Prensa Cristiana<\/title>\n<meta name=\"robots\" content=\"index, follow, max-snippet:-1, max-image-preview:large, max-video-preview:-1\" \/>\n<link rel=\"canonical\" href=\"https:\/\/laprensacristiana.com\/?p=2175\" \/>\n<meta property=\"og:locale\" content=\"es_ES\" \/>\n<meta property=\"og:type\" content=\"article\" \/>\n<meta property=\"og:title\" content=\"Pablo Olivares presenta \u201cTu amor me acompa\u00f1ar\u00e1\u201d - La Prensa Cristiana\" \/>\n<meta property=\"og:description\" content=\"El cantante Pablo Olivares anunci\u00f3 oficialmente en sus redes sociales, el video de su canci\u00f3n \u201cTu amor me acompa\u00f1ar\u00e1\u201d que no es nada m\u00e1s, que su primer sencillo del \u00e1lbum\u00a0 \u201cEn la red\u201d. Pablo, nacido en Argentina, lleva una carrera musical cristiana desde el 2004 y en febrero de este a\u00f1o saldr\u00e1 su pr\u00f3ximo disco [&hellip;]\" \/>\n<meta property=\"og:url\" content=\"https:\/\/laprensacristiana.com\/?p=2175\" \/>\n<meta property=\"og:site_name\" content=\"La Prensa Cristiana\" \/>\n<meta property=\"article:published_time\" content=\"2017-01-10T16:11:46+00:00\" \/>\n<meta property=\"article:modified_time\" content=\"2020-07-02T01:20:36+00:00\" \/>\n<meta property=\"og:image\" content=\"https:\/\/laprensacristiana.com\/wp-content\/uploads\/2017\/01\/JOEL-1.jpg\" \/>\n\t<meta property=\"og:image:width\" content=\"1212\" \/>\n\t<meta property=\"og:image:height\" content=\"561\" \/>\n\t<meta property=\"og:image:type\" content=\"image\/jpeg\" \/>\n<meta name=\"author\" content=\"EDITOR\" \/>\n<meta name=\"twitter:card\" content=\"summary_large_image\" \/>\n<meta name=\"twitter:label1\" content=\"Escrito por\" \/>\n\t<meta name=\"twitter:data1\" content=\"EDITOR\" \/>\n<script type=\"application\/ld+json\" class=\"yoast-schema-graph\">{\"@context\":\"https:\/\/schema.org\",\"@graph\":[{\"@type\":\"WebPage\",\"@id\":\"https:\/\/laprensacristiana.com\/?p=2175\",\"url\":\"https:\/\/laprensacristiana.com\/?p=2175\",\"name\":\"Pablo Olivares presenta \u201cTu amor me acompa\u00f1ar\u00e1\u201d - La Prensa Cristiana\",\"isPartOf\":{\"@id\":\"https:\/\/laprensacristiana.com\/#website\"},\"datePublished\":\"2017-01-10T16:11:46+00:00\",\"dateModified\":\"2020-07-02T01:20:36+00:00\",\"author\":{\"@id\":\"https:\/\/laprensacristiana.com\/#\/schema\/person\/3e7d82c6bfd6b1fa67010f8f7cd5256e\"},\"breadcrumb\":{\"@id\":\"https:\/\/laprensacristiana.com\/?p=2175#breadcrumb\"},\"inLanguage\":\"es\",\"potentialAction\":[{\"@type\":\"ReadAction\",\"target\":[\"https:\/\/laprensacristiana.com\/?p=2175\"]}]},{\"@type\":\"BreadcrumbList\",\"@id\":\"https:\/\/laprensacristiana.com\/?p=2175#breadcrumb\",\"itemListElement\":[{\"@type\":\"ListItem\",\"position\":1,\"name\":\"Portada\",\"item\":\"https:\/\/laprensacristiana.com\/\"},{\"@type\":\"ListItem\",\"position\":2,\"name\":\"Pablo Olivares presenta \u201cTu amor me acompa\u00f1ar\u00e1\u201d\"}]},{\"@type\":\"WebSite\",\"@id\":\"https:\/\/laprensacristiana.com\/#website\",\"url\":\"https:\/\/laprensacristiana.com\/\",\"name\":\"La Prensa Cristiana\",\"description\":\"Anunciando Las Buenas Nuevas\",\"potentialAction\":[{\"@type\":\"SearchAction\",\"target\":{\"@type\":\"EntryPoint\",\"urlTemplate\":\"https:\/\/laprensacristiana.com\/?s={search_term_string}\"},\"query-input\":\"required name=search_term_string\"}],\"inLanguage\":\"es\"},{\"@type\":\"Person\",\"@id\":\"https:\/\/laprensacristiana.com\/#\/schema\/person\/3e7d82c6bfd6b1fa67010f8f7cd5256e\",\"name\":\"EDITOR\",\"image\":{\"@type\":\"ImageObject\",\"inLanguage\":\"es\",\"@id\":\"https:\/\/laprensacristiana.com\/#\/schema\/person\/image\/\",\"url\":\"https:\/\/secure.gravatar.com\/avatar\/72069dfb6c13772d9e8381e3638666d2?s=96&d=mm&r=g\",\"contentUrl\":\"https:\/\/secure.gravatar.com\/avatar\/72069dfb6c13772d9e8381e3638666d2?s=96&d=mm&r=g\",\"caption\":\"EDITOR\"},\"url\":\"https:\/\/laprensacristiana.com\/?author=3\"}]}<\/script>\n<!-- \/ Yoast SEO plugin. -->","yoast_head_json":{"title":"Pablo Olivares presenta \u201cTu amor me acompa\u00f1ar\u00e1\u201d - La Prensa Cristiana","robots":{"index":"index","follow":"follow","max-snippet":"max-snippet:-1","max-image-preview":"max-image-preview:large","max-video-preview":"max-video-preview:-1"},"canonical":"https:\/\/laprensacristiana.com\/?p=2175","og_locale":"es_ES","og_type":"article","og_title":"Pablo Olivares presenta \u201cTu amor me acompa\u00f1ar\u00e1\u201d - La Prensa Cristiana","og_description":"El cantante Pablo Olivares anunci\u00f3 oficialmente en sus redes sociales, el video de su canci\u00f3n \u201cTu amor me acompa\u00f1ar\u00e1\u201d que no es nada m\u00e1s, que su primer sencillo del \u00e1lbum\u00a0 \u201cEn la red\u201d. Pablo, nacido en Argentina, lleva una carrera musical cristiana desde el 2004 y en febrero de este a\u00f1o saldr\u00e1 su pr\u00f3ximo disco [&hellip;]","og_url":"https:\/\/laprensacristiana.com\/?p=2175","og_site_name":"La Prensa Cristiana","article_published_time":"2017-01-10T16:11:46+00:00","article_modified_time":"2020-07-02T01:20:36+00:00","og_image":[{"width":1212,"height":561,"url":"https:\/\/laprensacristiana.com\/wp-content\/uploads\/2017\/01\/JOEL-1.jpg","type":"image\/jpeg"}],"author":"EDITOR","twitter_card":"summary_large_image","twitter_misc":{"Escrito por":"EDITOR"},"schema":{"@context":"https:\/\/schema.org","@graph":[{"@type":"WebPage","@id":"https:\/\/laprensacristiana.com\/?p=2175","url":"https:\/\/laprensacristiana.com\/?p=2175","name":"Pablo Olivares presenta \u201cTu amor me acompa\u00f1ar\u00e1\u201d - La Prensa Cristiana","isPartOf":{"@id":"https:\/\/laprensacristiana.com\/#website"},"datePublished":"2017-01-10T16:11:46+00:00","dateModified":"2020-07-02T01:20:36+00:00","author":{"@id":"https:\/\/laprensacristiana.com\/#\/schema\/person\/3e7d82c6bfd6b1fa67010f8f7cd5256e"},"breadcrumb":{"@id":"https:\/\/laprensacristiana.com\/?p=2175#breadcrumb"},"inLanguage":"es","potentialAction":[{"@type":"ReadAction","target":["https:\/\/laprensacristiana.com\/?p=2175"]}]},{"@type":"BreadcrumbList","@id":"https:\/\/laprensacristiana.com\/?p=2175#breadcrumb","itemListElement":[{"@type":"ListItem","position":1,"name":"Portada","item":"https:\/\/laprensacristiana.com\/"},{"@type":"ListItem","position":2,"name":"Pablo Olivares presenta \u201cTu amor me acompa\u00f1ar\u00e1\u201d"}]},{"@type":"WebSite","@id":"https:\/\/laprensacristiana.com\/#website","url":"https:\/\/laprensacristiana.com\/","name":"La Prensa Cristiana","description":"Anunciando Las Buenas Nuevas","potentialAction":[{"@type":"SearchAction","target":{"@type":"EntryPoint","urlTemplate":"https:\/\/laprensacristiana.com\/?s={search_term_string}"},"query-input":"required name=search_term_string"}],"inLanguage":"es"},{"@type":"Person","@id":"https:\/\/laprensacristiana.com\/#\/schema\/person\/3e7d82c6bfd6b1fa67010f8f7cd5256e","name":"EDITOR","image":{"@type":"ImageObject","inLanguage":"es","@id":"https:\/\/laprensacristiana.com\/#\/schema\/person\/image\/","url":"https:\/\/secure.gravatar.com\/avatar\/72069dfb6c13772d9e8381e3638666d2?s=96&d=mm&r=g","contentUrl":"https:\/\/secure.gravatar.com\/avatar\/72069dfb6c13772d9e8381e3638666d2?s=96&d=mm&r=g","caption":"EDITOR"},"url":"https:\/\/laprensacristiana.com\/?author=3"}]}},"_links":{"self":[{"href":"https:\/\/laprensacristiana.com\/index.php?rest_route=\/wp\/v2\/posts\/2175"}],"collection":[{"href":"https:\/\/laprensacristiana.com\/index.php?rest_route=\/wp\/v2\/posts"}],"about":[{"href":"https:\/\/laprensacristiana.com\/index.php?rest_route=\/wp\/v2\/types\/post"}],"author":[{"embeddable":true,"href":"https:\/\/laprensacristiana.com\/index.php?rest_route=\/wp\/v2\/users\/3"}],"replies":[{"embeddable":true,"href":"https:\/\/laprensacristiana.com\/index.php?rest_route=%2Fwp%2Fv2%2Fcomments&post=2175"}],"version-history":[{"count":3,"href":"https:\/\/laprensacristiana.com\/index.php?rest_route=\/wp\/v2\/posts\/2175\/revisions"}],"predecessor-version":[{"id":2179,"href":"https:\/\/laprensacristiana.com\/index.php?rest_route=\/wp\/v2\/posts\/2175\/revisions\/2179"}],"wp:featuredmedia":[{"embeddable":true,"href":"https:\/\/laprensacristiana.com\/index.php?rest_route=\/wp\/v2\/media\/2176"}],"wp:attachment":[{"href":"https:\/\/laprensacristiana.com\/index.php?rest_route=%2Fwp%2Fv2%2Fmedia&parent=2175"}],"wp:term":[{"taxonomy":"category","embeddable":true,"href":"https:\/\/laprensacristiana.com\/index.php?rest_route=%2Fwp%2Fv2%2Fcategories&post=2175"},{"taxonomy":"post_tag","embeddable":true,"href":"https:\/\/laprensacristiana.com\/index.php?rest_route=%2Fwp%2Fv2%2Ftags&post=2175"}],"curies":[{"name":"wp","href":"https:\/\/api.w.org\/{rel}","templated":true}]}}