{"id":2180,"date":"2017-01-10T20:20:16","date_gmt":"2017-01-10T20:20:16","guid":{"rendered":"https:\/\/laprensacristiana.com\/?p=2180"},"modified":"2017-01-10T20:28:53","modified_gmt":"2017-01-10T20:28:53","slug":"crucificale","status":"publish","type":"post","link":"https:\/\/laprensacristiana.com\/?p=2180","title":{"rendered":"Crucif\u00edcale"},"content":{"rendered":"<p><em>Por:\u00a0Pastor Edgard L\u00f3pez Bertrand jr<\/em><\/p>\n<p>Las redes sociales dejaron de ser maneras modernas de comunicar nuestros sentimientos y se han convertido en medios de destrucci\u00f3n masiva, ya sea por nuestros post, o por nuestros errores diarios; es cuesti\u00f3n de minutos para que los \u201cMemes\u201d surjan con una creatividad envidiable, esta semana pasada un reconocido pol\u00edtico fue acusado por otro funcionario p\u00fablico de haber estado involucrado en algunos hechos confusos de tr\u00e1nsito.<\/p>\n<p>En cuesti\u00f3n de minutos ambos publicaron sus pensamientos en las redes sociales de mayor inter\u00e9s y todos nosotros dando like a sus bober\u00edas y estupideces, pareciera que estamos esperando la noticia del d\u00eda para participar de dicha crucifixi\u00f3n; ahora hasta existen aplicaciones y p\u00e1ginas como cuentas especializadas para promover este tipo de conducta, las cuales est\u00e1n dando frutos negativos en medio de una sociedad ya muy dividida por el odio como la lucha de clases.<\/p>\n<p>\u00bfEst\u00e1s t\u00fa libre de pecado? \u00bfEst\u00e1s apto para criticar el gris de otro teniendo negra el alma? \u00bfTienes un r\u00e9cord limpio como para que exigir que otro se comporte? Un dicho Argentino me ense\u00f1o al decir \u201cC\u00e1llate Che que t\u00fa tambi\u00e9n tienes tu historia\u201d. En otras palabras calladitos nos vemos m\u00e1s bonitos, sugiero que tomemos en cuenta que alg\u00fan d\u00eda podemos estar nosotros en la silla de los acusados como lo estuvo Jes\u00fas antes de llegar a la cruz del calvario.<\/p>\n<p>No olvides que todo lo que sembramos cosechamos, y esta regla de la vida o de Dios como le quieras llamar aplica sin restricciones para todos no haciendo acepci\u00f3n de personas; no participemos de las obras infructuosas de la carne nos ordena la Biblia, ya que el participar en dichas obras resta de la imagen que Dios nos dio como creaci\u00f3n suya. Perdemos tiempo importante que podr\u00edamos ocupar en construir un mundo mejor, todo ese tiempo que gastamos en estos comentarios negativos podemos convertirlos en consejos para mejorar la vida de todos.<\/p>\n<p>Las tendencias cambian pero las consecuencias siempre ser\u00e1n las mismas, reflexiona y cambia esa manera de ser; no seas con todos intenta cambiar de rumbo tu vida, aplica las buenas recomendaciones sin necesidad de caer en lo vulgar o corriente. Recuerda que atr\u00e1s de nosotros est\u00e1 una nueva generaci\u00f3n que est\u00e1 comiendo y homologando todo lo que nosotros estamos haciendo, no seas de aquellos que cuando alguien est\u00e1 en problemas hacen le\u00f1a del \u00e1rbol ca\u00eddo seamos misericordiosos ya que la Biblia nos ense\u00f1a que el que es misericordioso alcanzar\u00e1 misericordia.<\/p>\n","protected":false},"excerpt":{"rendered":"<p>Por:\u00a0Pastor Edgard L\u00f3pez Bertrand jr Las redes sociales dejaron de ser maneras modernas de comunicar nuestros sentimientos y se han convertido en medios de destrucci\u00f3n masiva, ya sea por nuestros post, o por nuestros errores diarios; es cuesti\u00f3n de minutos para que los \u201cMemes\u201d surjan con una creatividad envidiable, esta semana pasada un reconocido pol\u00edtico [&hellip;]<\/p>\n","protected":false},"author":3,"featured_media":1351,"comment_status":"open","ping_status":"open","sticky":false,"template":"","format":"standard","meta":[],"categories":[23],"tags":[],"yoast_head":"<!-- This site is optimized with the Yoast SEO plugin v20.8 - https:\/\/yoast.com\/wordpress\/plugins\/seo\/ -->\n<title>Crucif\u00edcale - La Prensa Cristiana<\/title>\n<meta name=\"robots\" content=\"index, follow, max-snippet:-1, max-image-preview:large, max-video-preview:-1\" \/>\n<link rel=\"canonical\" href=\"https:\/\/laprensacristiana.com\/?p=2180\" \/>\n<meta property=\"og:locale\" content=\"es_ES\" \/>\n<meta property=\"og:type\" content=\"article\" \/>\n<meta property=\"og:title\" content=\"Crucif\u00edcale - La Prensa Cristiana\" \/>\n<meta property=\"og:description\" content=\"Por:\u00a0Pastor Edgard L\u00f3pez Bertrand jr Las redes sociales dejaron de ser maneras modernas de comunicar nuestros sentimientos y se han convertido en medios de destrucci\u00f3n masiva, ya sea por nuestros post, o por nuestros errores diarios; es cuesti\u00f3n de minutos para que los \u201cMemes\u201d surjan con una creatividad envidiable, esta semana pasada un reconocido pol\u00edtico [&hellip;]\" \/>\n<meta property=\"og:url\" content=\"https:\/\/laprensacristiana.com\/?p=2180\" \/>\n<meta property=\"og:site_name\" content=\"La Prensa Cristiana\" \/>\n<meta property=\"article:published_time\" content=\"2017-01-10T20:20:16+00:00\" \/>\n<meta property=\"article:modified_time\" content=\"2017-01-10T20:28:53+00:00\" \/>\n<meta property=\"og:image\" content=\"https:\/\/laprensacristiana.com\/wp-content\/uploads\/2016\/08\/OPINION-PASTOR-TOBY-JR-01-scaled.jpg\" \/>\n\t<meta property=\"og:image:width\" content=\"2560\" \/>\n\t<meta property=\"og:image:height\" content=\"1429\" \/>\n\t<meta property=\"og:image:type\" content=\"image\/jpeg\" \/>\n<meta name=\"author\" content=\"EDITOR\" \/>\n<meta name=\"twitter:card\" content=\"summary_large_image\" \/>\n<meta name=\"twitter:label1\" content=\"Escrito por\" \/>\n\t<meta name=\"twitter:data1\" content=\"EDITOR\" \/>\n\t<meta name=\"twitter:label2\" content=\"Tiempo de lectura\" \/>\n\t<meta name=\"twitter:data2\" content=\"2 minutos\" \/>\n<script type=\"application\/ld+json\" class=\"yoast-schema-graph\">{\"@context\":\"https:\/\/schema.org\",\"@graph\":[{\"@type\":\"WebPage\",\"@id\":\"https:\/\/laprensacristiana.com\/?p=2180\",\"url\":\"https:\/\/laprensacristiana.com\/?p=2180\",\"name\":\"Crucif\u00edcale - La Prensa Cristiana\",\"isPartOf\":{\"@id\":\"https:\/\/laprensacristiana.com\/#website\"},\"datePublished\":\"2017-01-10T20:20:16+00:00\",\"dateModified\":\"2017-01-10T20:28:53+00:00\",\"author\":{\"@id\":\"https:\/\/laprensacristiana.com\/#\/schema\/person\/3e7d82c6bfd6b1fa67010f8f7cd5256e\"},\"breadcrumb\":{\"@id\":\"https:\/\/laprensacristiana.com\/?p=2180#breadcrumb\"},\"inLanguage\":\"es\",\"potentialAction\":[{\"@type\":\"ReadAction\",\"target\":[\"https:\/\/laprensacristiana.com\/?p=2180\"]}]},{\"@type\":\"BreadcrumbList\",\"@id\":\"https:\/\/laprensacristiana.com\/?p=2180#breadcrumb\",\"itemListElement\":[{\"@type\":\"ListItem\",\"position\":1,\"name\":\"Portada\",\"item\":\"https:\/\/laprensacristiana.com\/\"},{\"@type\":\"ListItem\",\"position\":2,\"name\":\"Crucif\u00edcale\"}]},{\"@type\":\"WebSite\",\"@id\":\"https:\/\/laprensacristiana.com\/#website\",\"url\":\"https:\/\/laprensacristiana.com\/\",\"name\":\"La Prensa Cristiana\",\"description\":\"Anunciando Las Buenas Nuevas\",\"potentialAction\":[{\"@type\":\"SearchAction\",\"target\":{\"@type\":\"EntryPoint\",\"urlTemplate\":\"https:\/\/laprensacristiana.com\/?s={search_term_string}\"},\"query-input\":\"required name=search_term_string\"}],\"inLanguage\":\"es\"},{\"@type\":\"Person\",\"@id\":\"https:\/\/laprensacristiana.com\/#\/schema\/person\/3e7d82c6bfd6b1fa67010f8f7cd5256e\",\"name\":\"EDITOR\",\"image\":{\"@type\":\"ImageObject\",\"inLanguage\":\"es\",\"@id\":\"https:\/\/laprensacristiana.com\/#\/schema\/person\/image\/\",\"url\":\"https:\/\/secure.gravatar.com\/avatar\/72069dfb6c13772d9e8381e3638666d2?s=96&d=mm&r=g\",\"contentUrl\":\"https:\/\/secure.gravatar.com\/avatar\/72069dfb6c13772d9e8381e3638666d2?s=96&d=mm&r=g\",\"caption\":\"EDITOR\"},\"url\":\"https:\/\/laprensacristiana.com\/?author=3\"}]}<\/script>\n<!-- \/ Yoast SEO plugin. -->","yoast_head_json":{"title":"Crucif\u00edcale - La Prensa Cristiana","robots":{"index":"index","follow":"follow","max-snippet":"max-snippet:-1","max-image-preview":"max-image-preview:large","max-video-preview":"max-video-preview:-1"},"canonical":"https:\/\/laprensacristiana.com\/?p=2180","og_locale":"es_ES","og_type":"article","og_title":"Crucif\u00edcale - La Prensa Cristiana","og_description":"Por:\u00a0Pastor Edgard L\u00f3pez Bertrand jr Las redes sociales dejaron de ser maneras modernas de comunicar nuestros sentimientos y se han convertido en medios de destrucci\u00f3n masiva, ya sea por nuestros post, o por nuestros errores diarios; es cuesti\u00f3n de minutos para que los \u201cMemes\u201d surjan con una creatividad envidiable, esta semana pasada un reconocido pol\u00edtico [&hellip;]","og_url":"https:\/\/laprensacristiana.com\/?p=2180","og_site_name":"La Prensa Cristiana","article_published_time":"2017-01-10T20:20:16+00:00","article_modified_time":"2017-01-10T20:28:53+00:00","og_image":[{"width":2560,"height":1429,"url":"https:\/\/laprensacristiana.com\/wp-content\/uploads\/2016\/08\/OPINION-PASTOR-TOBY-JR-01-scaled.jpg","type":"image\/jpeg"}],"author":"EDITOR","twitter_card":"summary_large_image","twitter_misc":{"Escrito por":"EDITOR","Tiempo de lectura":"2 minutos"},"schema":{"@context":"https:\/\/schema.org","@graph":[{"@type":"WebPage","@id":"https:\/\/laprensacristiana.com\/?p=2180","url":"https:\/\/laprensacristiana.com\/?p=2180","name":"Crucif\u00edcale - La Prensa Cristiana","isPartOf":{"@id":"https:\/\/laprensacristiana.com\/#website"},"datePublished":"2017-01-10T20:20:16+00:00","dateModified":"2017-01-10T20:28:53+00:00","author":{"@id":"https:\/\/laprensacristiana.com\/#\/schema\/person\/3e7d82c6bfd6b1fa67010f8f7cd5256e"},"breadcrumb":{"@id":"https:\/\/laprensacristiana.com\/?p=2180#breadcrumb"},"inLanguage":"es","potentialAction":[{"@type":"ReadAction","target":["https:\/\/laprensacristiana.com\/?p=2180"]}]},{"@type":"BreadcrumbList","@id":"https:\/\/laprensacristiana.com\/?p=2180#breadcrumb","itemListElement":[{"@type":"ListItem","position":1,"name":"Portada","item":"https:\/\/laprensacristiana.com\/"},{"@type":"ListItem","position":2,"name":"Crucif\u00edcale"}]},{"@type":"WebSite","@id":"https:\/\/laprensacristiana.com\/#website","url":"https:\/\/laprensacristiana.com\/","name":"La Prensa Cristiana","description":"Anunciando Las Buenas Nuevas","potentialAction":[{"@type":"SearchAction","target":{"@type":"EntryPoint","urlTemplate":"https:\/\/laprensacristiana.com\/?s={search_term_string}"},"query-input":"required name=search_term_string"}],"inLanguage":"es"},{"@type":"Person","@id":"https:\/\/laprensacristiana.com\/#\/schema\/person\/3e7d82c6bfd6b1fa67010f8f7cd5256e","name":"EDITOR","image":{"@type":"ImageObject","inLanguage":"es","@id":"https:\/\/laprensacristiana.com\/#\/schema\/person\/image\/","url":"https:\/\/secure.gravatar.com\/avatar\/72069dfb6c13772d9e8381e3638666d2?s=96&d=mm&r=g","contentUrl":"https:\/\/secure.gravatar.com\/avatar\/72069dfb6c13772d9e8381e3638666d2?s=96&d=mm&r=g","caption":"EDITOR"},"url":"https:\/\/laprensacristiana.com\/?author=3"}]}},"_links":{"self":[{"href":"https:\/\/laprensacristiana.com\/index.php?rest_route=\/wp\/v2\/posts\/2180"}],"collection":[{"href":"https:\/\/laprensacristiana.com\/index.php?rest_route=\/wp\/v2\/posts"}],"about":[{"href":"https:\/\/laprensacristiana.com\/index.php?rest_route=\/wp\/v2\/types\/post"}],"author":[{"embeddable":true,"href":"https:\/\/laprensacristiana.com\/index.php?rest_route=\/wp\/v2\/users\/3"}],"replies":[{"embeddable":true,"href":"https:\/\/laprensacristiana.com\/index.php?rest_route=%2Fwp%2Fv2%2Fcomments&post=2180"}],"version-history":[{"count":2,"href":"https:\/\/laprensacristiana.com\/index.php?rest_route=\/wp\/v2\/posts\/2180\/revisions"}],"predecessor-version":[{"id":2182,"href":"https:\/\/laprensacristiana.com\/index.php?rest_route=\/wp\/v2\/posts\/2180\/revisions\/2182"}],"wp:featuredmedia":[{"embeddable":true,"href":"https:\/\/laprensacristiana.com\/index.php?rest_route=\/wp\/v2\/media\/1351"}],"wp:attachment":[{"href":"https:\/\/laprensacristiana.com\/index.php?rest_route=%2Fwp%2Fv2%2Fmedia&parent=2180"}],"wp:term":[{"taxonomy":"category","embeddable":true,"href":"https:\/\/laprensacristiana.com\/index.php?rest_route=%2Fwp%2Fv2%2Fcategories&post=2180"},{"taxonomy":"post_tag","embeddable":true,"href":"https:\/\/laprensacristiana.com\/index.php?rest_route=%2Fwp%2Fv2%2Ftags&post=2180"}],"curies":[{"name":"wp","href":"https:\/\/api.w.org\/{rel}","templated":true}]}}