{"id":2190,"date":"2017-01-11T22:04:31","date_gmt":"2017-01-11T22:04:31","guid":{"rendered":"https:\/\/laprensacristiana.com\/?p=2190"},"modified":"2020-07-02T01:20:01","modified_gmt":"2020-07-02T01:20:01","slug":"tercer-cielo-visitara-tierras-salvadorenas","status":"publish","type":"post","link":"https:\/\/laprensacristiana.com\/?p=2190","title":{"rendered":"Tercer Cielo visitar\u00e1 tierras salvadore\u00f1as"},"content":{"rendered":"<p>El pr\u00f3ximo viernes 24 de febrero, a las 6 p.m. se presentar\u00e1 \u201cTercer Cielo y su banda\u201den el estadio Oscar Quite\u00f1o, departamento de Santa Ana.<\/p>\n<p>Dicha actividad forma parte de la iniciativa de Epicentro de Alabanza, quienes est\u00e1n siempre pendientes de traer lo mejor de la m\u00fasica cristiana al pa\u00eds.<\/p>\n<p>En el evento, se podr\u00e1 apreciar lo mejor del d\u00fao. Desde el a\u00f1o 2000 suenan en el mundo cristiano, transmitiendo temas positivos y espirituales con los que pretenden llegar a los j\u00f3venes. Adem\u00e1s en el concierto se lanzar\u00e1 una primicia de la nueva producci\u00f3n de estos chicos.<\/p>\n","protected":false},"excerpt":{"rendered":"<p>El pr\u00f3ximo viernes 24 de febrero, a las 6 p.m. se presentar\u00e1 \u201cTercer Cielo y su banda\u201den el estadio Oscar Quite\u00f1o, departamento de Santa Ana. Dicha actividad forma parte de la iniciativa de Epicentro de Alabanza, quienes est\u00e1n siempre pendientes de traer lo mejor de la m\u00fasica cristiana al pa\u00eds. En el evento, se podr\u00e1 [&hellip;]<\/p>\n","protected":false},"author":3,"featured_media":2191,"comment_status":"open","ping_status":"open","sticky":false,"template":"","format":"standard","meta":[],"categories":[101],"tags":[],"yoast_head":"<!-- This site is optimized with the Yoast SEO plugin v20.8 - https:\/\/yoast.com\/wordpress\/plugins\/seo\/ -->\n<title>Tercer Cielo visitar\u00e1 tierras salvadore\u00f1as - La Prensa Cristiana<\/title>\n<meta name=\"robots\" content=\"index, follow, max-snippet:-1, max-image-preview:large, max-video-preview:-1\" \/>\n<link rel=\"canonical\" href=\"https:\/\/laprensacristiana.com\/?p=2190\" \/>\n<meta property=\"og:locale\" content=\"es_ES\" \/>\n<meta property=\"og:type\" content=\"article\" \/>\n<meta property=\"og:title\" content=\"Tercer Cielo visitar\u00e1 tierras salvadore\u00f1as - La Prensa Cristiana\" \/>\n<meta property=\"og:description\" content=\"El pr\u00f3ximo viernes 24 de febrero, a las 6 p.m. se presentar\u00e1 \u201cTercer Cielo y su banda\u201den el estadio Oscar Quite\u00f1o, departamento de Santa Ana. Dicha actividad forma parte de la iniciativa de Epicentro de Alabanza, quienes est\u00e1n siempre pendientes de traer lo mejor de la m\u00fasica cristiana al pa\u00eds. En el evento, se podr\u00e1 [&hellip;]\" \/>\n<meta property=\"og:url\" content=\"https:\/\/laprensacristiana.com\/?p=2190\" \/>\n<meta property=\"og:site_name\" content=\"La Prensa Cristiana\" \/>\n<meta property=\"article:published_time\" content=\"2017-01-11T22:04:31+00:00\" \/>\n<meta property=\"article:modified_time\" content=\"2020-07-02T01:20:01+00:00\" \/>\n<meta property=\"og:image\" content=\"https:\/\/laprensacristiana.com\/wp-content\/uploads\/2017\/01\/TERCER-CIELO.jpg\" \/>\n\t<meta property=\"og:image:width\" content=\"960\" \/>\n\t<meta property=\"og:image:height\" content=\"554\" \/>\n\t<meta property=\"og:image:type\" content=\"image\/jpeg\" \/>\n<meta name=\"author\" content=\"EDITOR\" \/>\n<meta name=\"twitter:card\" content=\"summary_large_image\" \/>\n<meta name=\"twitter:label1\" content=\"Escrito por\" \/>\n\t<meta name=\"twitter:data1\" content=\"EDITOR\" \/>\n\t<meta name=\"twitter:label2\" content=\"Tiempo de lectura\" \/>\n\t<meta name=\"twitter:data2\" content=\"1 minuto\" \/>\n<script type=\"application\/ld+json\" class=\"yoast-schema-graph\">{\"@context\":\"https:\/\/schema.org\",\"@graph\":[{\"@type\":\"WebPage\",\"@id\":\"https:\/\/laprensacristiana.com\/?p=2190\",\"url\":\"https:\/\/laprensacristiana.com\/?p=2190\",\"name\":\"Tercer Cielo visitar\u00e1 tierras salvadore\u00f1as - La Prensa Cristiana\",\"isPartOf\":{\"@id\":\"https:\/\/laprensacristiana.com\/#website\"},\"datePublished\":\"2017-01-11T22:04:31+00:00\",\"dateModified\":\"2020-07-02T01:20:01+00:00\",\"author\":{\"@id\":\"https:\/\/laprensacristiana.com\/#\/schema\/person\/3e7d82c6bfd6b1fa67010f8f7cd5256e\"},\"breadcrumb\":{\"@id\":\"https:\/\/laprensacristiana.com\/?p=2190#breadcrumb\"},\"inLanguage\":\"es\",\"potentialAction\":[{\"@type\":\"ReadAction\",\"target\":[\"https:\/\/laprensacristiana.com\/?p=2190\"]}]},{\"@type\":\"BreadcrumbList\",\"@id\":\"https:\/\/laprensacristiana.com\/?p=2190#breadcrumb\",\"itemListElement\":[{\"@type\":\"ListItem\",\"position\":1,\"name\":\"Portada\",\"item\":\"https:\/\/laprensacristiana.com\/\"},{\"@type\":\"ListItem\",\"position\":2,\"name\":\"Tercer Cielo visitar\u00e1 tierras salvadore\u00f1as\"}]},{\"@type\":\"WebSite\",\"@id\":\"https:\/\/laprensacristiana.com\/#website\",\"url\":\"https:\/\/laprensacristiana.com\/\",\"name\":\"La Prensa Cristiana\",\"description\":\"Anunciando Las Buenas Nuevas\",\"potentialAction\":[{\"@type\":\"SearchAction\",\"target\":{\"@type\":\"EntryPoint\",\"urlTemplate\":\"https:\/\/laprensacristiana.com\/?s={search_term_string}\"},\"query-input\":\"required name=search_term_string\"}],\"inLanguage\":\"es\"},{\"@type\":\"Person\",\"@id\":\"https:\/\/laprensacristiana.com\/#\/schema\/person\/3e7d82c6bfd6b1fa67010f8f7cd5256e\",\"name\":\"EDITOR\",\"image\":{\"@type\":\"ImageObject\",\"inLanguage\":\"es\",\"@id\":\"https:\/\/laprensacristiana.com\/#\/schema\/person\/image\/\",\"url\":\"https:\/\/secure.gravatar.com\/avatar\/72069dfb6c13772d9e8381e3638666d2?s=96&d=mm&r=g\",\"contentUrl\":\"https:\/\/secure.gravatar.com\/avatar\/72069dfb6c13772d9e8381e3638666d2?s=96&d=mm&r=g\",\"caption\":\"EDITOR\"},\"url\":\"https:\/\/laprensacristiana.com\/?author=3\"}]}<\/script>\n<!-- \/ Yoast SEO plugin. -->","yoast_head_json":{"title":"Tercer Cielo visitar\u00e1 tierras salvadore\u00f1as - La Prensa Cristiana","robots":{"index":"index","follow":"follow","max-snippet":"max-snippet:-1","max-image-preview":"max-image-preview:large","max-video-preview":"max-video-preview:-1"},"canonical":"https:\/\/laprensacristiana.com\/?p=2190","og_locale":"es_ES","og_type":"article","og_title":"Tercer Cielo visitar\u00e1 tierras salvadore\u00f1as - La Prensa Cristiana","og_description":"El pr\u00f3ximo viernes 24 de febrero, a las 6 p.m. se presentar\u00e1 \u201cTercer Cielo y su banda\u201den el estadio Oscar Quite\u00f1o, departamento de Santa Ana. Dicha actividad forma parte de la iniciativa de Epicentro de Alabanza, quienes est\u00e1n siempre pendientes de traer lo mejor de la m\u00fasica cristiana al pa\u00eds. En el evento, se podr\u00e1 [&hellip;]","og_url":"https:\/\/laprensacristiana.com\/?p=2190","og_site_name":"La Prensa Cristiana","article_published_time":"2017-01-11T22:04:31+00:00","article_modified_time":"2020-07-02T01:20:01+00:00","og_image":[{"width":960,"height":554,"url":"https:\/\/laprensacristiana.com\/wp-content\/uploads\/2017\/01\/TERCER-CIELO.jpg","type":"image\/jpeg"}],"author":"EDITOR","twitter_card":"summary_large_image","twitter_misc":{"Escrito por":"EDITOR","Tiempo de lectura":"1 minuto"},"schema":{"@context":"https:\/\/schema.org","@graph":[{"@type":"WebPage","@id":"https:\/\/laprensacristiana.com\/?p=2190","url":"https:\/\/laprensacristiana.com\/?p=2190","name":"Tercer Cielo visitar\u00e1 tierras salvadore\u00f1as - La Prensa Cristiana","isPartOf":{"@id":"https:\/\/laprensacristiana.com\/#website"},"datePublished":"2017-01-11T22:04:31+00:00","dateModified":"2020-07-02T01:20:01+00:00","author":{"@id":"https:\/\/laprensacristiana.com\/#\/schema\/person\/3e7d82c6bfd6b1fa67010f8f7cd5256e"},"breadcrumb":{"@id":"https:\/\/laprensacristiana.com\/?p=2190#breadcrumb"},"inLanguage":"es","potentialAction":[{"@type":"ReadAction","target":["https:\/\/laprensacristiana.com\/?p=2190"]}]},{"@type":"BreadcrumbList","@id":"https:\/\/laprensacristiana.com\/?p=2190#breadcrumb","itemListElement":[{"@type":"ListItem","position":1,"name":"Portada","item":"https:\/\/laprensacristiana.com\/"},{"@type":"ListItem","position":2,"name":"Tercer Cielo visitar\u00e1 tierras salvadore\u00f1as"}]},{"@type":"WebSite","@id":"https:\/\/laprensacristiana.com\/#website","url":"https:\/\/laprensacristiana.com\/","name":"La Prensa Cristiana","description":"Anunciando Las Buenas Nuevas","potentialAction":[{"@type":"SearchAction","target":{"@type":"EntryPoint","urlTemplate":"https:\/\/laprensacristiana.com\/?s={search_term_string}"},"query-input":"required name=search_term_string"}],"inLanguage":"es"},{"@type":"Person","@id":"https:\/\/laprensacristiana.com\/#\/schema\/person\/3e7d82c6bfd6b1fa67010f8f7cd5256e","name":"EDITOR","image":{"@type":"ImageObject","inLanguage":"es","@id":"https:\/\/laprensacristiana.com\/#\/schema\/person\/image\/","url":"https:\/\/secure.gravatar.com\/avatar\/72069dfb6c13772d9e8381e3638666d2?s=96&d=mm&r=g","contentUrl":"https:\/\/secure.gravatar.com\/avatar\/72069dfb6c13772d9e8381e3638666d2?s=96&d=mm&r=g","caption":"EDITOR"},"url":"https:\/\/laprensacristiana.com\/?author=3"}]}},"_links":{"self":[{"href":"https:\/\/laprensacristiana.com\/index.php?rest_route=\/wp\/v2\/posts\/2190"}],"collection":[{"href":"https:\/\/laprensacristiana.com\/index.php?rest_route=\/wp\/v2\/posts"}],"about":[{"href":"https:\/\/laprensacristiana.com\/index.php?rest_route=\/wp\/v2\/types\/post"}],"author":[{"embeddable":true,"href":"https:\/\/laprensacristiana.com\/index.php?rest_route=\/wp\/v2\/users\/3"}],"replies":[{"embeddable":true,"href":"https:\/\/laprensacristiana.com\/index.php?rest_route=%2Fwp%2Fv2%2Fcomments&post=2190"}],"version-history":[{"count":1,"href":"https:\/\/laprensacristiana.com\/index.php?rest_route=\/wp\/v2\/posts\/2190\/revisions"}],"predecessor-version":[{"id":2192,"href":"https:\/\/laprensacristiana.com\/index.php?rest_route=\/wp\/v2\/posts\/2190\/revisions\/2192"}],"wp:featuredmedia":[{"embeddable":true,"href":"https:\/\/laprensacristiana.com\/index.php?rest_route=\/wp\/v2\/media\/2191"}],"wp:attachment":[{"href":"https:\/\/laprensacristiana.com\/index.php?rest_route=%2Fwp%2Fv2%2Fmedia&parent=2190"}],"wp:term":[{"taxonomy":"category","embeddable":true,"href":"https:\/\/laprensacristiana.com\/index.php?rest_route=%2Fwp%2Fv2%2Fcategories&post=2190"},{"taxonomy":"post_tag","embeddable":true,"href":"https:\/\/laprensacristiana.com\/index.php?rest_route=%2Fwp%2Fv2%2Ftags&post=2190"}],"curies":[{"name":"wp","href":"https:\/\/api.w.org\/{rel}","templated":true}]}}