{"id":2217,"date":"2017-01-16T22:29:08","date_gmt":"2017-01-16T22:29:08","guid":{"rendered":"https:\/\/laprensacristiana.com\/?p=2217"},"modified":"2020-07-02T01:18:44","modified_gmt":"2020-07-02T01:18:44","slug":"cierran-con-gozo-la-gira-profetica","status":"publish","type":"post","link":"https:\/\/laprensacristiana.com\/?p=2217","title":{"rendered":"Cierran con gozo la Gira Prof\u00e9tica"},"content":{"rendered":"<p>Ayer en horas de la tarde se realiz\u00f3 el cierre de la Gira Prof\u00e9tica \u201c14+1 Avivamiento El Salvador\u201d. En Plaza Salvador del Mundo, organizado por AESPU (Avivamiento El Salvador Pastores Unidos).<\/p>\n<figure id=\"attachment_2219\" aria-describedby=\"caption-attachment-2219\" style=\"width: 300px\" class=\"wp-caption aligncenter\"><img decoding=\"async\" loading=\"lazy\" class=\"size-medium wp-image-2219\" src=\"https:\/\/laprensacristiana.com\/wp-content\/uploads\/2017\/01\/CIERRE-2-300x183.jpg\" alt=\"Personas que asistieron al cierre, alabando al Se\u00f1or. \" width=\"300\" height=\"183\" srcset=\"https:\/\/laprensacristiana.com\/wp-content\/uploads\/2017\/01\/CIERRE-2-300x183.jpg 300w, https:\/\/laprensacristiana.com\/wp-content\/uploads\/2017\/01\/CIERRE-2-600x366.jpg 600w, https:\/\/laprensacristiana.com\/wp-content\/uploads\/2017\/01\/CIERRE-2-768x469.jpg 768w, https:\/\/laprensacristiana.com\/wp-content\/uploads\/2017\/01\/CIERRE-2-1024x625.jpg 1024w, https:\/\/laprensacristiana.com\/wp-content\/uploads\/2017\/01\/CIERRE-2-696x425.jpg 696w, https:\/\/laprensacristiana.com\/wp-content\/uploads\/2017\/01\/CIERRE-2-688x420.jpg 688w, https:\/\/laprensacristiana.com\/wp-content\/uploads\/2017\/01\/CIERRE-2.jpg 1065w\" sizes=\"(max-width: 300px) 100vw, 300px\" \/><figcaption id=\"caption-attachment-2219\" class=\"wp-caption-text\">Personas que asistieron al cierre, alabando al Se\u00f1or.<\/figcaption><\/figure>\n<p>Dicha gira estuvo presente en los 14 departamentos del pa\u00eds, iniciando el pasado 02 de enero en el departamento de Ahuachap\u00e1n, con el \u00fanico fin de orar por la naci\u00f3n y llevar la palabra de Dios a cada cabecera departamental.<\/p>\n<figure id=\"attachment_2220\" aria-describedby=\"caption-attachment-2220\" style=\"width: 282px\" class=\"wp-caption aligncenter\"><img decoding=\"async\" loading=\"lazy\" class=\" wp-image-2220\" src=\"https:\/\/laprensacristiana.com\/wp-content\/uploads\/2017\/01\/CIERRE-3-300x216.jpg\" alt=\"Parte de las danzas que se realizaron. \" width=\"282\" height=\"204\" srcset=\"https:\/\/laprensacristiana.com\/wp-content\/uploads\/2017\/01\/CIERRE-3-300x216.jpg 300w, https:\/\/laprensacristiana.com\/wp-content\/uploads\/2017\/01\/CIERRE-3-600x432.jpg 600w, https:\/\/laprensacristiana.com\/wp-content\/uploads\/2017\/01\/CIERRE-3-768x553.jpg 768w, https:\/\/laprensacristiana.com\/wp-content\/uploads\/2017\/01\/CIERRE-3-324x235.jpg 324w, https:\/\/laprensacristiana.com\/wp-content\/uploads\/2017\/01\/CIERRE-3-696x501.jpg 696w, https:\/\/laprensacristiana.com\/wp-content\/uploads\/2017\/01\/CIERRE-3-583x420.jpg 583w, https:\/\/laprensacristiana.com\/wp-content\/uploads\/2017\/01\/CIERRE-3.jpg 978w\" sizes=\"(max-width: 282px) 100vw, 282px\" \/><figcaption id=\"caption-attachment-2220\" class=\"wp-caption-text\">Parte de las danzas que se realizaron.<\/figcaption><\/figure>\n<p>Fue una tarde-noche llena de alabanzas y oraci\u00f3n, en el evento se cont\u00f3 con la presencia de todos los pastores que representaban un departamento. Adem\u00e1s en el cierre ni\u00f1os, j\u00f3venes y adultos se dieron cita para llenarse del Esp\u00edritu Santo.<\/p>\n<figure id=\"attachment_2221\" aria-describedby=\"caption-attachment-2221\" style=\"width: 288px\" class=\"wp-caption alignright\"><img decoding=\"async\" loading=\"lazy\" class=\"size-medium wp-image-2221\" src=\"https:\/\/laprensacristiana.com\/wp-content\/uploads\/2017\/01\/CIERRE-6-288x300.jpg\" alt=\"Pastor Omar Marinero. \" width=\"288\" height=\"300\" srcset=\"https:\/\/laprensacristiana.com\/wp-content\/uploads\/2017\/01\/CIERRE-6-288x300.jpg 288w, https:\/\/laprensacristiana.com\/wp-content\/uploads\/2017\/01\/CIERRE-6-600x624.jpg 600w, https:\/\/laprensacristiana.com\/wp-content\/uploads\/2017\/01\/CIERRE-6-404x420.jpg 404w, https:\/\/laprensacristiana.com\/wp-content\/uploads\/2017\/01\/CIERRE-6.jpg 642w\" sizes=\"(max-width: 288px) 100vw, 288px\" \/><figcaption id=\"caption-attachment-2221\" class=\"wp-caption-text\">Pastor Omar Marinero.<\/figcaption><\/figure>\n<p>El Pastor Omar Marinero, organizador de la actividad, menciona que la actividad fue m\u00e1s de lo que esperaba, pues \u00e9l ha visto c\u00f3mo el Esp\u00edritu Santo trabaj\u00f3 en las `personas que asistieron y formaron parte de la gira. \u201cHacer lo que dice \u00c9l Se\u00f1or, cumplir con su mandato y ver la respuesta de la gente, que en verdad se ha entregado, que han orado por el pa\u00eds; para que haya un verdadero avivamiento\u201d. Dijo.<\/p>\n<p>Para que la gira fuera un \u00e9xito, fue necesario la ayuda y la entrega de cada pastor involucrado y es que para ello participaron diferentes l\u00edderes congregacionales. Tal es el caso del Pastor C\u00e9sar Rosales de Iglesia La Gloria de Dios Manifestada, quien expres\u00f3: \u201ces un despertar, un avivamiento para toda nuestra naci\u00f3n. Un avivamiento solo se produce donde algo est\u00e1 muerto, donde no hay Dios; hemos declarado vida, hemos declarado que toda obra maligna desaparezca, toda violencia y destrucci\u00f3n va a bajar en esta naci\u00f3n\u201d.<\/p>\n<figure id=\"attachment_2222\" aria-describedby=\"caption-attachment-2222\" style=\"width: 261px\" class=\"wp-caption aligncenter\"><img decoding=\"async\" loading=\"lazy\" class=\"size-medium wp-image-2222\" src=\"https:\/\/laprensacristiana.com\/wp-content\/uploads\/2017\/01\/CIERRE-5-261x300.jpg\" alt=\"Pastor C\u00e9sar Rosales.\" width=\"261\" height=\"300\" srcset=\"https:\/\/laprensacristiana.com\/wp-content\/uploads\/2017\/01\/CIERRE-5-261x300.jpg 261w, https:\/\/laprensacristiana.com\/wp-content\/uploads\/2017\/01\/CIERRE-5-600x689.jpg 600w, https:\/\/laprensacristiana.com\/wp-content\/uploads\/2017\/01\/CIERRE-5-768x882.jpg 768w, https:\/\/laprensacristiana.com\/wp-content\/uploads\/2017\/01\/CIERRE-5-696x799.jpg 696w, https:\/\/laprensacristiana.com\/wp-content\/uploads\/2017\/01\/CIERRE-5-366x420.jpg 366w, https:\/\/laprensacristiana.com\/wp-content\/uploads\/2017\/01\/CIERRE-5.jpg 769w\" sizes=\"(max-width: 261px) 100vw, 261px\" \/><figcaption id=\"caption-attachment-2222\" class=\"wp-caption-text\">Pastor C\u00e9sar Rosales.<\/figcaption><\/figure>\n<figure id=\"attachment_2223\" aria-describedby=\"caption-attachment-2223\" style=\"width: 300px\" class=\"wp-caption aligncenter\"><img decoding=\"async\" loading=\"lazy\" class=\"size-medium wp-image-2223\" src=\"https:\/\/laprensacristiana.com\/wp-content\/uploads\/2017\/01\/CIERRE-4-300x250.jpg\" alt=\"Pastores de diferentes denominaciones. \" width=\"300\" height=\"250\" srcset=\"https:\/\/laprensacristiana.com\/wp-content\/uploads\/2017\/01\/CIERRE-4-300x250.jpg 300w, https:\/\/laprensacristiana.com\/wp-content\/uploads\/2017\/01\/CIERRE-4-600x499.jpg 600w, https:\/\/laprensacristiana.com\/wp-content\/uploads\/2017\/01\/CIERRE-4-768x639.jpg 768w, https:\/\/laprensacristiana.com\/wp-content\/uploads\/2017\/01\/CIERRE-4-696x579.jpg 696w, https:\/\/laprensacristiana.com\/wp-content\/uploads\/2017\/01\/CIERRE-4-505x420.jpg 505w, https:\/\/laprensacristiana.com\/wp-content\/uploads\/2017\/01\/CIERRE-4.jpg 913w\" sizes=\"(max-width: 300px) 100vw, 300px\" \/><figcaption id=\"caption-attachment-2223\" class=\"wp-caption-text\">Pastores de diferentes denominaciones.<\/figcaption><\/figure>\n","protected":false},"excerpt":{"rendered":"<p>Ayer en horas de la tarde se realiz\u00f3 el cierre de la Gira Prof\u00e9tica \u201c14+1 Avivamiento El Salvador\u201d. En Plaza Salvador del Mundo, organizado por AESPU (Avivamiento El Salvador Pastores Unidos). Dicha gira estuvo presente en los 14 departamentos del pa\u00eds, iniciando el pasado 02 de enero en el departamento de Ahuachap\u00e1n, con el \u00fanico [&hellip;]<\/p>\n","protected":false},"author":3,"featured_media":2218,"comment_status":"open","ping_status":"open","sticky":false,"template":"","format":"standard","meta":[],"categories":[56],"tags":[],"yoast_head":"<!-- This site is optimized with the Yoast SEO plugin v20.8 - https:\/\/yoast.com\/wordpress\/plugins\/seo\/ -->\n<title>Cierran con gozo la Gira Prof\u00e9tica - La Prensa Cristiana<\/title>\n<meta name=\"robots\" content=\"index, follow, max-snippet:-1, max-image-preview:large, max-video-preview:-1\" \/>\n<link rel=\"canonical\" href=\"https:\/\/laprensacristiana.com\/?p=2217\" \/>\n<meta property=\"og:locale\" content=\"es_ES\" \/>\n<meta property=\"og:type\" content=\"article\" \/>\n<meta property=\"og:title\" content=\"Cierran con gozo la Gira Prof\u00e9tica - La Prensa Cristiana\" \/>\n<meta property=\"og:description\" content=\"Ayer en horas de la tarde se realiz\u00f3 el cierre de la Gira Prof\u00e9tica \u201c14+1 Avivamiento El Salvador\u201d. En Plaza Salvador del Mundo, organizado por AESPU (Avivamiento El Salvador Pastores Unidos). Dicha gira estuvo presente en los 14 departamentos del pa\u00eds, iniciando el pasado 02 de enero en el departamento de Ahuachap\u00e1n, con el \u00fanico [&hellip;]\" \/>\n<meta property=\"og:url\" content=\"https:\/\/laprensacristiana.com\/?p=2217\" \/>\n<meta property=\"og:site_name\" content=\"La Prensa Cristiana\" \/>\n<meta property=\"article:published_time\" content=\"2017-01-16T22:29:08+00:00\" \/>\n<meta property=\"article:modified_time\" content=\"2020-07-02T01:18:44+00:00\" \/>\n<meta property=\"og:image\" content=\"https:\/\/laprensacristiana.com\/wp-content\/uploads\/2017\/01\/CIERRE-1.jpg\" \/>\n\t<meta property=\"og:image:width\" content=\"1065\" \/>\n\t<meta property=\"og:image:height\" content=\"657\" \/>\n\t<meta property=\"og:image:type\" content=\"image\/jpeg\" \/>\n<meta name=\"author\" content=\"EDITOR\" \/>\n<meta name=\"twitter:card\" content=\"summary_large_image\" \/>\n<meta name=\"twitter:label1\" content=\"Escrito por\" \/>\n\t<meta name=\"twitter:data1\" content=\"EDITOR\" \/>\n\t<meta name=\"twitter:label2\" content=\"Tiempo de lectura\" \/>\n\t<meta name=\"twitter:data2\" content=\"2 minutos\" \/>\n<script type=\"application\/ld+json\" class=\"yoast-schema-graph\">{\"@context\":\"https:\/\/schema.org\",\"@graph\":[{\"@type\":\"WebPage\",\"@id\":\"https:\/\/laprensacristiana.com\/?p=2217\",\"url\":\"https:\/\/laprensacristiana.com\/?p=2217\",\"name\":\"Cierran con gozo la Gira Prof\u00e9tica - La Prensa Cristiana\",\"isPartOf\":{\"@id\":\"https:\/\/laprensacristiana.com\/#website\"},\"datePublished\":\"2017-01-16T22:29:08+00:00\",\"dateModified\":\"2020-07-02T01:18:44+00:00\",\"author\":{\"@id\":\"https:\/\/laprensacristiana.com\/#\/schema\/person\/3e7d82c6bfd6b1fa67010f8f7cd5256e\"},\"breadcrumb\":{\"@id\":\"https:\/\/laprensacristiana.com\/?p=2217#breadcrumb\"},\"inLanguage\":\"es\",\"potentialAction\":[{\"@type\":\"ReadAction\",\"target\":[\"https:\/\/laprensacristiana.com\/?p=2217\"]}]},{\"@type\":\"BreadcrumbList\",\"@id\":\"https:\/\/laprensacristiana.com\/?p=2217#breadcrumb\",\"itemListElement\":[{\"@type\":\"ListItem\",\"position\":1,\"name\":\"Portada\",\"item\":\"https:\/\/laprensacristiana.com\/\"},{\"@type\":\"ListItem\",\"position\":2,\"name\":\"Cierran con gozo la Gira Prof\u00e9tica\"}]},{\"@type\":\"WebSite\",\"@id\":\"https:\/\/laprensacristiana.com\/#website\",\"url\":\"https:\/\/laprensacristiana.com\/\",\"name\":\"La Prensa Cristiana\",\"description\":\"Anunciando Las Buenas Nuevas\",\"potentialAction\":[{\"@type\":\"SearchAction\",\"target\":{\"@type\":\"EntryPoint\",\"urlTemplate\":\"https:\/\/laprensacristiana.com\/?s={search_term_string}\"},\"query-input\":\"required name=search_term_string\"}],\"inLanguage\":\"es\"},{\"@type\":\"Person\",\"@id\":\"https:\/\/laprensacristiana.com\/#\/schema\/person\/3e7d82c6bfd6b1fa67010f8f7cd5256e\",\"name\":\"EDITOR\",\"image\":{\"@type\":\"ImageObject\",\"inLanguage\":\"es\",\"@id\":\"https:\/\/laprensacristiana.com\/#\/schema\/person\/image\/\",\"url\":\"https:\/\/secure.gravatar.com\/avatar\/72069dfb6c13772d9e8381e3638666d2?s=96&d=mm&r=g\",\"contentUrl\":\"https:\/\/secure.gravatar.com\/avatar\/72069dfb6c13772d9e8381e3638666d2?s=96&d=mm&r=g\",\"caption\":\"EDITOR\"},\"url\":\"https:\/\/laprensacristiana.com\/?author=3\"}]}<\/script>\n<!-- \/ Yoast SEO plugin. -->","yoast_head_json":{"title":"Cierran con gozo la Gira Prof\u00e9tica - La Prensa Cristiana","robots":{"index":"index","follow":"follow","max-snippet":"max-snippet:-1","max-image-preview":"max-image-preview:large","max-video-preview":"max-video-preview:-1"},"canonical":"https:\/\/laprensacristiana.com\/?p=2217","og_locale":"es_ES","og_type":"article","og_title":"Cierran con gozo la Gira Prof\u00e9tica - La Prensa Cristiana","og_description":"Ayer en horas de la tarde se realiz\u00f3 el cierre de la Gira Prof\u00e9tica \u201c14+1 Avivamiento El Salvador\u201d. En Plaza Salvador del Mundo, organizado por AESPU (Avivamiento El Salvador Pastores Unidos). Dicha gira estuvo presente en los 14 departamentos del pa\u00eds, iniciando el pasado 02 de enero en el departamento de Ahuachap\u00e1n, con el \u00fanico [&hellip;]","og_url":"https:\/\/laprensacristiana.com\/?p=2217","og_site_name":"La Prensa Cristiana","article_published_time":"2017-01-16T22:29:08+00:00","article_modified_time":"2020-07-02T01:18:44+00:00","og_image":[{"width":1065,"height":657,"url":"https:\/\/laprensacristiana.com\/wp-content\/uploads\/2017\/01\/CIERRE-1.jpg","type":"image\/jpeg"}],"author":"EDITOR","twitter_card":"summary_large_image","twitter_misc":{"Escrito por":"EDITOR","Tiempo de lectura":"2 minutos"},"schema":{"@context":"https:\/\/schema.org","@graph":[{"@type":"WebPage","@id":"https:\/\/laprensacristiana.com\/?p=2217","url":"https:\/\/laprensacristiana.com\/?p=2217","name":"Cierran con gozo la Gira Prof\u00e9tica - La Prensa Cristiana","isPartOf":{"@id":"https:\/\/laprensacristiana.com\/#website"},"datePublished":"2017-01-16T22:29:08+00:00","dateModified":"2020-07-02T01:18:44+00:00","author":{"@id":"https:\/\/laprensacristiana.com\/#\/schema\/person\/3e7d82c6bfd6b1fa67010f8f7cd5256e"},"breadcrumb":{"@id":"https:\/\/laprensacristiana.com\/?p=2217#breadcrumb"},"inLanguage":"es","potentialAction":[{"@type":"ReadAction","target":["https:\/\/laprensacristiana.com\/?p=2217"]}]},{"@type":"BreadcrumbList","@id":"https:\/\/laprensacristiana.com\/?p=2217#breadcrumb","itemListElement":[{"@type":"ListItem","position":1,"name":"Portada","item":"https:\/\/laprensacristiana.com\/"},{"@type":"ListItem","position":2,"name":"Cierran con gozo la Gira Prof\u00e9tica"}]},{"@type":"WebSite","@id":"https:\/\/laprensacristiana.com\/#website","url":"https:\/\/laprensacristiana.com\/","name":"La Prensa Cristiana","description":"Anunciando Las Buenas Nuevas","potentialAction":[{"@type":"SearchAction","target":{"@type":"EntryPoint","urlTemplate":"https:\/\/laprensacristiana.com\/?s={search_term_string}"},"query-input":"required name=search_term_string"}],"inLanguage":"es"},{"@type":"Person","@id":"https:\/\/laprensacristiana.com\/#\/schema\/person\/3e7d82c6bfd6b1fa67010f8f7cd5256e","name":"EDITOR","image":{"@type":"ImageObject","inLanguage":"es","@id":"https:\/\/laprensacristiana.com\/#\/schema\/person\/image\/","url":"https:\/\/secure.gravatar.com\/avatar\/72069dfb6c13772d9e8381e3638666d2?s=96&d=mm&r=g","contentUrl":"https:\/\/secure.gravatar.com\/avatar\/72069dfb6c13772d9e8381e3638666d2?s=96&d=mm&r=g","caption":"EDITOR"},"url":"https:\/\/laprensacristiana.com\/?author=3"}]}},"_links":{"self":[{"href":"https:\/\/laprensacristiana.com\/index.php?rest_route=\/wp\/v2\/posts\/2217"}],"collection":[{"href":"https:\/\/laprensacristiana.com\/index.php?rest_route=\/wp\/v2\/posts"}],"about":[{"href":"https:\/\/laprensacristiana.com\/index.php?rest_route=\/wp\/v2\/types\/post"}],"author":[{"embeddable":true,"href":"https:\/\/laprensacristiana.com\/index.php?rest_route=\/wp\/v2\/users\/3"}],"replies":[{"embeddable":true,"href":"https:\/\/laprensacristiana.com\/index.php?rest_route=%2Fwp%2Fv2%2Fcomments&post=2217"}],"version-history":[{"count":1,"href":"https:\/\/laprensacristiana.com\/index.php?rest_route=\/wp\/v2\/posts\/2217\/revisions"}],"predecessor-version":[{"id":2224,"href":"https:\/\/laprensacristiana.com\/index.php?rest_route=\/wp\/v2\/posts\/2217\/revisions\/2224"}],"wp:featuredmedia":[{"embeddable":true,"href":"https:\/\/laprensacristiana.com\/index.php?rest_route=\/wp\/v2\/media\/2218"}],"wp:attachment":[{"href":"https:\/\/laprensacristiana.com\/index.php?rest_route=%2Fwp%2Fv2%2Fmedia&parent=2217"}],"wp:term":[{"taxonomy":"category","embeddable":true,"href":"https:\/\/laprensacristiana.com\/index.php?rest_route=%2Fwp%2Fv2%2Fcategories&post=2217"},{"taxonomy":"post_tag","embeddable":true,"href":"https:\/\/laprensacristiana.com\/index.php?rest_route=%2Fwp%2Fv2%2Ftags&post=2217"}],"curies":[{"name":"wp","href":"https:\/\/api.w.org\/{rel}","templated":true}]}}