{"id":2229,"date":"2017-01-17T20:49:38","date_gmt":"2017-01-17T20:49:38","guid":{"rendered":"https:\/\/laprensacristiana.com\/?p=2229"},"modified":"2020-07-02T01:18:18","modified_gmt":"2020-07-02T01:18:18","slug":"cientos-de-mujeres-guiadas-por-el-espiritu-santo","status":"publish","type":"post","link":"https:\/\/laprensacristiana.com\/?p=2229","title":{"rendered":"Cientos de mujeres guiadas por el Esp\u00edritu Santo"},"content":{"rendered":"<p>El pasado s\u00e1bado, el audit\u00f3rium Construmarket fue enaltecido con la presencia del Ministerio Internacional RAICES \u201cSoy una mujer de valor\u201d, para celebrar el primer aniversario del programa \u201c<em>Mi cafecito con Jes\u00fas<\/em>\u201d. Adem\u00e1s \u00a0fue inaugurado el proyecto GPES \u201cGuiadas por el Esp\u00edritu Santo\u201d; esto como parte del 5to. Aniversario del ministerio.<\/p>\n<p><img decoding=\"async\" loading=\"lazy\" class=\"size-medium wp-image-2231 alignright\" src=\"https:\/\/laprensacristiana.com\/wp-content\/uploads\/2017\/01\/WhatsApp-Image-2017-01-16-at-8.45.28-AM-300x225.jpeg\" alt=\"WhatsApp Image 2017-01-16 at 8.45.28 AM\" width=\"300\" height=\"225\" srcset=\"https:\/\/laprensacristiana.com\/wp-content\/uploads\/2017\/01\/WhatsApp-Image-2017-01-16-at-8.45.28-AM-300x225.jpeg 300w, https:\/\/laprensacristiana.com\/wp-content\/uploads\/2017\/01\/WhatsApp-Image-2017-01-16-at-8.45.28-AM-600x450.jpeg 600w, https:\/\/laprensacristiana.com\/wp-content\/uploads\/2017\/01\/WhatsApp-Image-2017-01-16-at-8.45.28-AM-768x576.jpeg 768w, https:\/\/laprensacristiana.com\/wp-content\/uploads\/2017\/01\/WhatsApp-Image-2017-01-16-at-8.45.28-AM-1024x768.jpeg 1024w, https:\/\/laprensacristiana.com\/wp-content\/uploads\/2017\/01\/WhatsApp-Image-2017-01-16-at-8.45.28-AM-80x60.jpeg 80w, https:\/\/laprensacristiana.com\/wp-content\/uploads\/2017\/01\/WhatsApp-Image-2017-01-16-at-8.45.28-AM-265x198.jpeg 265w, https:\/\/laprensacristiana.com\/wp-content\/uploads\/2017\/01\/WhatsApp-Image-2017-01-16-at-8.45.28-AM-696x522.jpeg 696w, https:\/\/laprensacristiana.com\/wp-content\/uploads\/2017\/01\/WhatsApp-Image-2017-01-16-at-8.45.28-AM-1068x801.jpeg 1068w, https:\/\/laprensacristiana.com\/wp-content\/uploads\/2017\/01\/WhatsApp-Image-2017-01-16-at-8.45.28-AM-560x420.jpeg 560w, https:\/\/laprensacristiana.com\/wp-content\/uploads\/2017\/01\/WhatsApp-Image-2017-01-16-at-8.45.28-AM.jpeg 1280w\" sizes=\"(max-width: 300px) 100vw, 300px\" \/>Fue un conversatorio que RAICES imparti\u00f3, en el cual se realiz\u00f3 el primer GPES, llevado a cabo por \u201cMi cafecito con Jes\u00fas\u201d, con el tema \u201cUn coraz\u00f3n guiado\u201d, programa en el que particip\u00f3 la conferencista guatemalteca Magie de Cano.<\/p>\n<p>GPES tiene planeado que\u00a0 a lo largo del a\u00f1o estar\u00e1 desarrollando diversas conferencias, con la participaci\u00f3n de conferencistas internacionales. El fin de este plan, es comunicar a mujeres temas que se involucran en la vida diaria.<\/p>\n<p>Dicho evento, cont\u00f3 con la asistencia de cientos de mujeres, que fueron bendecidas al escuchar la palabra de Dios.<img decoding=\"async\" loading=\"lazy\" class=\"size-medium wp-image-2232 aligncenter\" src=\"https:\/\/laprensacristiana.com\/wp-content\/uploads\/2017\/01\/WhatsApp-Image-2017-01-16-at-8.45.18-AM-300x225.jpeg\" alt=\"WhatsApp Image 2017-01-16 at 8.45.18 AM\" width=\"300\" height=\"225\" srcset=\"https:\/\/laprensacristiana.com\/wp-content\/uploads\/2017\/01\/WhatsApp-Image-2017-01-16-at-8.45.18-AM-300x225.jpeg 300w, https:\/\/laprensacristiana.com\/wp-content\/uploads\/2017\/01\/WhatsApp-Image-2017-01-16-at-8.45.18-AM-600x450.jpeg 600w, https:\/\/laprensacristiana.com\/wp-content\/uploads\/2017\/01\/WhatsApp-Image-2017-01-16-at-8.45.18-AM-768x576.jpeg 768w, https:\/\/laprensacristiana.com\/wp-content\/uploads\/2017\/01\/WhatsApp-Image-2017-01-16-at-8.45.18-AM-1024x768.jpeg 1024w, https:\/\/laprensacristiana.com\/wp-content\/uploads\/2017\/01\/WhatsApp-Image-2017-01-16-at-8.45.18-AM-80x60.jpeg 80w, https:\/\/laprensacristiana.com\/wp-content\/uploads\/2017\/01\/WhatsApp-Image-2017-01-16-at-8.45.18-AM-265x198.jpeg 265w, https:\/\/laprensacristiana.com\/wp-content\/uploads\/2017\/01\/WhatsApp-Image-2017-01-16-at-8.45.18-AM-696x522.jpeg 696w, https:\/\/laprensacristiana.com\/wp-content\/uploads\/2017\/01\/WhatsApp-Image-2017-01-16-at-8.45.18-AM-1068x801.jpeg 1068w, https:\/\/laprensacristiana.com\/wp-content\/uploads\/2017\/01\/WhatsApp-Image-2017-01-16-at-8.45.18-AM-560x420.jpeg 560w, https:\/\/laprensacristiana.com\/wp-content\/uploads\/2017\/01\/WhatsApp-Image-2017-01-16-at-8.45.18-AM.jpeg 1280w\" sizes=\"(max-width: 300px) 100vw, 300px\" \/><\/p>\n","protected":false},"excerpt":{"rendered":"<p>El pasado s\u00e1bado, el audit\u00f3rium Construmarket fue enaltecido con la presencia del Ministerio Internacional RAICES \u201cSoy una mujer de valor\u201d, para celebrar el primer aniversario del programa \u201cMi cafecito con Jes\u00fas\u201d. Adem\u00e1s \u00a0fue inaugurado el proyecto GPES \u201cGuiadas por el Esp\u00edritu Santo\u201d; esto como parte del 5to. Aniversario del ministerio. Fue un conversatorio que RAICES [&hellip;]<\/p>\n","protected":false},"author":3,"featured_media":2230,"comment_status":"open","ping_status":"open","sticky":false,"template":"","format":"standard","meta":[],"categories":[56],"tags":[],"yoast_head":"<!-- This site is optimized with the Yoast SEO plugin v20.8 - https:\/\/yoast.com\/wordpress\/plugins\/seo\/ -->\n<title>Cientos de mujeres guiadas por el Esp\u00edritu Santo - La Prensa Cristiana<\/title>\n<meta name=\"robots\" content=\"index, follow, max-snippet:-1, max-image-preview:large, max-video-preview:-1\" \/>\n<link rel=\"canonical\" href=\"https:\/\/laprensacristiana.com\/?p=2229\" \/>\n<meta property=\"og:locale\" content=\"es_ES\" \/>\n<meta property=\"og:type\" content=\"article\" \/>\n<meta property=\"og:title\" content=\"Cientos de mujeres guiadas por el Esp\u00edritu Santo - La Prensa Cristiana\" \/>\n<meta property=\"og:description\" content=\"El pasado s\u00e1bado, el audit\u00f3rium Construmarket fue enaltecido con la presencia del Ministerio Internacional RAICES \u201cSoy una mujer de valor\u201d, para celebrar el primer aniversario del programa \u201cMi cafecito con Jes\u00fas\u201d. Adem\u00e1s \u00a0fue inaugurado el proyecto GPES \u201cGuiadas por el Esp\u00edritu Santo\u201d; esto como parte del 5to. Aniversario del ministerio. Fue un conversatorio que RAICES [&hellip;]\" \/>\n<meta property=\"og:url\" content=\"https:\/\/laprensacristiana.com\/?p=2229\" \/>\n<meta property=\"og:site_name\" content=\"La Prensa Cristiana\" \/>\n<meta property=\"article:published_time\" content=\"2017-01-17T20:49:38+00:00\" \/>\n<meta property=\"article:modified_time\" content=\"2020-07-02T01:18:18+00:00\" \/>\n<meta property=\"og:image\" content=\"https:\/\/laprensacristiana.com\/wp-content\/uploads\/2017\/01\/MUJERE.jpg\" \/>\n\t<meta property=\"og:image:width\" content=\"960\" \/>\n\t<meta property=\"og:image:height\" content=\"720\" \/>\n\t<meta property=\"og:image:type\" content=\"image\/jpeg\" \/>\n<meta name=\"author\" content=\"EDITOR\" \/>\n<meta name=\"twitter:card\" content=\"summary_large_image\" \/>\n<meta name=\"twitter:label1\" content=\"Escrito por\" \/>\n\t<meta name=\"twitter:data1\" content=\"EDITOR\" \/>\n\t<meta name=\"twitter:label2\" content=\"Tiempo de lectura\" \/>\n\t<meta name=\"twitter:data2\" content=\"1 minuto\" \/>\n<script type=\"application\/ld+json\" class=\"yoast-schema-graph\">{\"@context\":\"https:\/\/schema.org\",\"@graph\":[{\"@type\":\"WebPage\",\"@id\":\"https:\/\/laprensacristiana.com\/?p=2229\",\"url\":\"https:\/\/laprensacristiana.com\/?p=2229\",\"name\":\"Cientos de mujeres guiadas por el Esp\u00edritu Santo - La Prensa Cristiana\",\"isPartOf\":{\"@id\":\"https:\/\/laprensacristiana.com\/#website\"},\"datePublished\":\"2017-01-17T20:49:38+00:00\",\"dateModified\":\"2020-07-02T01:18:18+00:00\",\"author\":{\"@id\":\"https:\/\/laprensacristiana.com\/#\/schema\/person\/3e7d82c6bfd6b1fa67010f8f7cd5256e\"},\"breadcrumb\":{\"@id\":\"https:\/\/laprensacristiana.com\/?p=2229#breadcrumb\"},\"inLanguage\":\"es\",\"potentialAction\":[{\"@type\":\"ReadAction\",\"target\":[\"https:\/\/laprensacristiana.com\/?p=2229\"]}]},{\"@type\":\"BreadcrumbList\",\"@id\":\"https:\/\/laprensacristiana.com\/?p=2229#breadcrumb\",\"itemListElement\":[{\"@type\":\"ListItem\",\"position\":1,\"name\":\"Portada\",\"item\":\"https:\/\/laprensacristiana.com\/\"},{\"@type\":\"ListItem\",\"position\":2,\"name\":\"Cientos de mujeres guiadas por el Esp\u00edritu Santo\"}]},{\"@type\":\"WebSite\",\"@id\":\"https:\/\/laprensacristiana.com\/#website\",\"url\":\"https:\/\/laprensacristiana.com\/\",\"name\":\"La Prensa Cristiana\",\"description\":\"Anunciando Las Buenas Nuevas\",\"potentialAction\":[{\"@type\":\"SearchAction\",\"target\":{\"@type\":\"EntryPoint\",\"urlTemplate\":\"https:\/\/laprensacristiana.com\/?s={search_term_string}\"},\"query-input\":\"required name=search_term_string\"}],\"inLanguage\":\"es\"},{\"@type\":\"Person\",\"@id\":\"https:\/\/laprensacristiana.com\/#\/schema\/person\/3e7d82c6bfd6b1fa67010f8f7cd5256e\",\"name\":\"EDITOR\",\"image\":{\"@type\":\"ImageObject\",\"inLanguage\":\"es\",\"@id\":\"https:\/\/laprensacristiana.com\/#\/schema\/person\/image\/\",\"url\":\"https:\/\/secure.gravatar.com\/avatar\/72069dfb6c13772d9e8381e3638666d2?s=96&d=mm&r=g\",\"contentUrl\":\"https:\/\/secure.gravatar.com\/avatar\/72069dfb6c13772d9e8381e3638666d2?s=96&d=mm&r=g\",\"caption\":\"EDITOR\"},\"url\":\"https:\/\/laprensacristiana.com\/?author=3\"}]}<\/script>\n<!-- \/ Yoast SEO plugin. -->","yoast_head_json":{"title":"Cientos de mujeres guiadas por el Esp\u00edritu Santo - La Prensa Cristiana","robots":{"index":"index","follow":"follow","max-snippet":"max-snippet:-1","max-image-preview":"max-image-preview:large","max-video-preview":"max-video-preview:-1"},"canonical":"https:\/\/laprensacristiana.com\/?p=2229","og_locale":"es_ES","og_type":"article","og_title":"Cientos de mujeres guiadas por el Esp\u00edritu Santo - La Prensa Cristiana","og_description":"El pasado s\u00e1bado, el audit\u00f3rium Construmarket fue enaltecido con la presencia del Ministerio Internacional RAICES \u201cSoy una mujer de valor\u201d, para celebrar el primer aniversario del programa \u201cMi cafecito con Jes\u00fas\u201d. Adem\u00e1s \u00a0fue inaugurado el proyecto GPES \u201cGuiadas por el Esp\u00edritu Santo\u201d; esto como parte del 5to. Aniversario del ministerio. Fue un conversatorio que RAICES [&hellip;]","og_url":"https:\/\/laprensacristiana.com\/?p=2229","og_site_name":"La Prensa Cristiana","article_published_time":"2017-01-17T20:49:38+00:00","article_modified_time":"2020-07-02T01:18:18+00:00","og_image":[{"width":960,"height":720,"url":"https:\/\/laprensacristiana.com\/wp-content\/uploads\/2017\/01\/MUJERE.jpg","type":"image\/jpeg"}],"author":"EDITOR","twitter_card":"summary_large_image","twitter_misc":{"Escrito por":"EDITOR","Tiempo de lectura":"1 minuto"},"schema":{"@context":"https:\/\/schema.org","@graph":[{"@type":"WebPage","@id":"https:\/\/laprensacristiana.com\/?p=2229","url":"https:\/\/laprensacristiana.com\/?p=2229","name":"Cientos de mujeres guiadas por el Esp\u00edritu Santo - La Prensa Cristiana","isPartOf":{"@id":"https:\/\/laprensacristiana.com\/#website"},"datePublished":"2017-01-17T20:49:38+00:00","dateModified":"2020-07-02T01:18:18+00:00","author":{"@id":"https:\/\/laprensacristiana.com\/#\/schema\/person\/3e7d82c6bfd6b1fa67010f8f7cd5256e"},"breadcrumb":{"@id":"https:\/\/laprensacristiana.com\/?p=2229#breadcrumb"},"inLanguage":"es","potentialAction":[{"@type":"ReadAction","target":["https:\/\/laprensacristiana.com\/?p=2229"]}]},{"@type":"BreadcrumbList","@id":"https:\/\/laprensacristiana.com\/?p=2229#breadcrumb","itemListElement":[{"@type":"ListItem","position":1,"name":"Portada","item":"https:\/\/laprensacristiana.com\/"},{"@type":"ListItem","position":2,"name":"Cientos de mujeres guiadas por el Esp\u00edritu Santo"}]},{"@type":"WebSite","@id":"https:\/\/laprensacristiana.com\/#website","url":"https:\/\/laprensacristiana.com\/","name":"La Prensa Cristiana","description":"Anunciando Las Buenas Nuevas","potentialAction":[{"@type":"SearchAction","target":{"@type":"EntryPoint","urlTemplate":"https:\/\/laprensacristiana.com\/?s={search_term_string}"},"query-input":"required name=search_term_string"}],"inLanguage":"es"},{"@type":"Person","@id":"https:\/\/laprensacristiana.com\/#\/schema\/person\/3e7d82c6bfd6b1fa67010f8f7cd5256e","name":"EDITOR","image":{"@type":"ImageObject","inLanguage":"es","@id":"https:\/\/laprensacristiana.com\/#\/schema\/person\/image\/","url":"https:\/\/secure.gravatar.com\/avatar\/72069dfb6c13772d9e8381e3638666d2?s=96&d=mm&r=g","contentUrl":"https:\/\/secure.gravatar.com\/avatar\/72069dfb6c13772d9e8381e3638666d2?s=96&d=mm&r=g","caption":"EDITOR"},"url":"https:\/\/laprensacristiana.com\/?author=3"}]}},"_links":{"self":[{"href":"https:\/\/laprensacristiana.com\/index.php?rest_route=\/wp\/v2\/posts\/2229"}],"collection":[{"href":"https:\/\/laprensacristiana.com\/index.php?rest_route=\/wp\/v2\/posts"}],"about":[{"href":"https:\/\/laprensacristiana.com\/index.php?rest_route=\/wp\/v2\/types\/post"}],"author":[{"embeddable":true,"href":"https:\/\/laprensacristiana.com\/index.php?rest_route=\/wp\/v2\/users\/3"}],"replies":[{"embeddable":true,"href":"https:\/\/laprensacristiana.com\/index.php?rest_route=%2Fwp%2Fv2%2Fcomments&post=2229"}],"version-history":[{"count":1,"href":"https:\/\/laprensacristiana.com\/index.php?rest_route=\/wp\/v2\/posts\/2229\/revisions"}],"predecessor-version":[{"id":2233,"href":"https:\/\/laprensacristiana.com\/index.php?rest_route=\/wp\/v2\/posts\/2229\/revisions\/2233"}],"wp:featuredmedia":[{"embeddable":true,"href":"https:\/\/laprensacristiana.com\/index.php?rest_route=\/wp\/v2\/media\/2230"}],"wp:attachment":[{"href":"https:\/\/laprensacristiana.com\/index.php?rest_route=%2Fwp%2Fv2%2Fmedia&parent=2229"}],"wp:term":[{"taxonomy":"category","embeddable":true,"href":"https:\/\/laprensacristiana.com\/index.php?rest_route=%2Fwp%2Fv2%2Fcategories&post=2229"},{"taxonomy":"post_tag","embeddable":true,"href":"https:\/\/laprensacristiana.com\/index.php?rest_route=%2Fwp%2Fv2%2Ftags&post=2229"}],"curies":[{"name":"wp","href":"https:\/\/api.w.org\/{rel}","templated":true}]}}