{"id":2240,"date":"2017-01-18T22:58:20","date_gmt":"2017-01-18T22:58:20","guid":{"rendered":"https:\/\/laprensacristiana.com\/?p=2240"},"modified":"2017-01-19T22:27:05","modified_gmt":"2017-01-19T22:27:05","slug":"el-padre-nuestro-2","status":"publish","type":"post","link":"https:\/\/laprensacristiana.com\/?p=2240","title":{"rendered":"\u00bfEl Padre Nuestro?"},"content":{"rendered":"<h4><em>Por :\u00a0Pastor Edgard L\u00f3pez Bertrand jr<\/em><\/h4>\n<p>No todo el que me dice Se\u00f1or Se\u00f1or entrar\u00e1 en el reino de los cielos, sino aquel que hace la voluntad de mi Padre que est\u00e1 en los cielos, pareciera que Dios se olvid\u00f3 de nosotros; pareciera que los l\u00edderes religiosos estamos mal para con Dios ya que todo trata pero nadie logra el cometido de hacer por medio de la fe o la religi\u00f3n que podamos vivir en paz.<\/p>\n<p>Mateo cap\u00edtulo 6 nos habla de la oraci\u00f3n modelo que por miles de a\u00f1os muchos hemos repetido si ning\u00fan resultado para nosotros, muchos llegaron al punto que perdieron la fe en la oraci\u00f3n como cambien el las iglesias; quiero en defensa de la Biblia quien se defiende sola, que no es ella quien fall\u00f3 , fuimos nosotros quienes no entendimos el mensaje de la palabra de Dios.<\/p>\n<p>Mateo cap\u00edtulo 5 nos da la clave para entender quienes piden podemos rezar o repetir el Padre Nuestro con autoridad o resultados palpables, solamente aquellos que entiendan que en su pobreza espiritual solo Jes\u00fas \u00a0puede ayudarles para llegar al Padre podr\u00edan accesar lo profundo e \u00edntimo de Dios para nosotros en su gracia.<\/p>\n<p>En estos cap\u00edtulos de la palabra nos dice que somos la luz del mundo, la sal de la tierra, que Jes\u00fas no vino para abolir la ley, \u00c9l vino para cumplirla; solamente los que entiendan que est\u00e1bamos muertos en delitos y pecados y recibimos a Jes\u00fas como Se\u00f1or y Salvador podremos debutar del privilegio de comunicarnos para con Dios de manera directa con resultados garantizados para nuestro bien , no importando si la respuesta es s\u00ed, o no.<\/p>\n<p>No llames Padre a quien no reconoces en tu vida, no llames Se\u00f1or a quien no obedeces, no llames Salvador a quien jam\u00e1s has acertado como tal. No te confundas, Dios tiene un orden especial y espec\u00edfico; no hay otro mediador entre Dios y los hombres que Jesucristo, nadie puede acercarte a las bendiciones por medio de sus tradiciones o religiones.<\/p>\n<p>El Padre Nuestro lo podr\u00e1 orar con resultados favorables los que hayan nacido a la familia de Dios \u00fanica y exclusivamente por medio de Jes\u00fas , quienes confiesen a \u00c9l sus pecados y reconozcan que \u00c9l es el \u00fanico camino al Padre como lo cita la Biblia en los Evangelios. Antes de emprender el viaje de repetir el Padre Nuestro, aseg\u00farate de cumplir con el protocolo que nos fue dado en Mateo 5.<\/p>\n<p>Seamos Luz.<br \/>\nSeamos Sal.<br \/>\nSeamos Obedientes.<br \/>\nSeamos Salvos.<\/p>\n<p>Todo por obra y gracia de Dios por medio de Jes\u00fas en<\/p>\n<p>&nbsp;<\/p>\n<p>&nbsp;<\/p>\n","protected":false},"excerpt":{"rendered":"<p>Por :\u00a0Pastor Edgard L\u00f3pez Bertrand jr No todo el que me dice Se\u00f1or Se\u00f1or entrar\u00e1 en el reino de los cielos, sino aquel que hace la voluntad de mi Padre que est\u00e1 en los cielos, pareciera que Dios se olvid\u00f3 de nosotros; pareciera que los l\u00edderes religiosos estamos mal para con Dios ya que todo [&hellip;]<\/p>\n","protected":false},"author":3,"featured_media":1351,"comment_status":"open","ping_status":"open","sticky":false,"template":"","format":"standard","meta":[],"categories":[23],"tags":[],"yoast_head":"<!-- This site is optimized with the Yoast SEO plugin v20.8 - https:\/\/yoast.com\/wordpress\/plugins\/seo\/ -->\n<title>\u00bfEl Padre Nuestro? - La Prensa Cristiana<\/title>\n<meta name=\"robots\" content=\"index, follow, max-snippet:-1, max-image-preview:large, max-video-preview:-1\" \/>\n<link rel=\"canonical\" href=\"https:\/\/laprensacristiana.com\/?p=2240\" \/>\n<meta property=\"og:locale\" content=\"es_ES\" \/>\n<meta property=\"og:type\" content=\"article\" \/>\n<meta property=\"og:title\" content=\"\u00bfEl Padre Nuestro? - La Prensa Cristiana\" \/>\n<meta property=\"og:description\" content=\"Por :\u00a0Pastor Edgard L\u00f3pez Bertrand jr No todo el que me dice Se\u00f1or Se\u00f1or entrar\u00e1 en el reino de los cielos, sino aquel que hace la voluntad de mi Padre que est\u00e1 en los cielos, pareciera que Dios se olvid\u00f3 de nosotros; pareciera que los l\u00edderes religiosos estamos mal para con Dios ya que todo [&hellip;]\" \/>\n<meta property=\"og:url\" content=\"https:\/\/laprensacristiana.com\/?p=2240\" \/>\n<meta property=\"og:site_name\" content=\"La Prensa Cristiana\" \/>\n<meta property=\"article:published_time\" content=\"2017-01-18T22:58:20+00:00\" \/>\n<meta property=\"article:modified_time\" content=\"2017-01-19T22:27:05+00:00\" \/>\n<meta property=\"og:image\" content=\"https:\/\/laprensacristiana.com\/wp-content\/uploads\/2016\/08\/OPINION-PASTOR-TOBY-JR-01-scaled.jpg\" \/>\n\t<meta property=\"og:image:width\" content=\"2560\" \/>\n\t<meta property=\"og:image:height\" content=\"1429\" \/>\n\t<meta property=\"og:image:type\" content=\"image\/jpeg\" \/>\n<meta name=\"author\" content=\"EDITOR\" \/>\n<meta name=\"twitter:card\" content=\"summary_large_image\" \/>\n<meta name=\"twitter:label1\" content=\"Escrito por\" \/>\n\t<meta name=\"twitter:data1\" content=\"EDITOR\" \/>\n\t<meta name=\"twitter:label2\" content=\"Tiempo de lectura\" \/>\n\t<meta name=\"twitter:data2\" content=\"2 minutos\" \/>\n<script type=\"application\/ld+json\" class=\"yoast-schema-graph\">{\"@context\":\"https:\/\/schema.org\",\"@graph\":[{\"@type\":\"WebPage\",\"@id\":\"https:\/\/laprensacristiana.com\/?p=2240\",\"url\":\"https:\/\/laprensacristiana.com\/?p=2240\",\"name\":\"\u00bfEl Padre Nuestro? - La Prensa Cristiana\",\"isPartOf\":{\"@id\":\"https:\/\/laprensacristiana.com\/#website\"},\"datePublished\":\"2017-01-18T22:58:20+00:00\",\"dateModified\":\"2017-01-19T22:27:05+00:00\",\"author\":{\"@id\":\"https:\/\/laprensacristiana.com\/#\/schema\/person\/3e7d82c6bfd6b1fa67010f8f7cd5256e\"},\"breadcrumb\":{\"@id\":\"https:\/\/laprensacristiana.com\/?p=2240#breadcrumb\"},\"inLanguage\":\"es\",\"potentialAction\":[{\"@type\":\"ReadAction\",\"target\":[\"https:\/\/laprensacristiana.com\/?p=2240\"]}]},{\"@type\":\"BreadcrumbList\",\"@id\":\"https:\/\/laprensacristiana.com\/?p=2240#breadcrumb\",\"itemListElement\":[{\"@type\":\"ListItem\",\"position\":1,\"name\":\"Portada\",\"item\":\"https:\/\/laprensacristiana.com\/\"},{\"@type\":\"ListItem\",\"position\":2,\"name\":\"\u00bfEl Padre Nuestro?\"}]},{\"@type\":\"WebSite\",\"@id\":\"https:\/\/laprensacristiana.com\/#website\",\"url\":\"https:\/\/laprensacristiana.com\/\",\"name\":\"La Prensa Cristiana\",\"description\":\"Anunciando Las Buenas Nuevas\",\"potentialAction\":[{\"@type\":\"SearchAction\",\"target\":{\"@type\":\"EntryPoint\",\"urlTemplate\":\"https:\/\/laprensacristiana.com\/?s={search_term_string}\"},\"query-input\":\"required name=search_term_string\"}],\"inLanguage\":\"es\"},{\"@type\":\"Person\",\"@id\":\"https:\/\/laprensacristiana.com\/#\/schema\/person\/3e7d82c6bfd6b1fa67010f8f7cd5256e\",\"name\":\"EDITOR\",\"image\":{\"@type\":\"ImageObject\",\"inLanguage\":\"es\",\"@id\":\"https:\/\/laprensacristiana.com\/#\/schema\/person\/image\/\",\"url\":\"https:\/\/secure.gravatar.com\/avatar\/72069dfb6c13772d9e8381e3638666d2?s=96&d=mm&r=g\",\"contentUrl\":\"https:\/\/secure.gravatar.com\/avatar\/72069dfb6c13772d9e8381e3638666d2?s=96&d=mm&r=g\",\"caption\":\"EDITOR\"},\"url\":\"https:\/\/laprensacristiana.com\/?author=3\"}]}<\/script>\n<!-- \/ Yoast SEO plugin. -->","yoast_head_json":{"title":"\u00bfEl Padre Nuestro? - La Prensa Cristiana","robots":{"index":"index","follow":"follow","max-snippet":"max-snippet:-1","max-image-preview":"max-image-preview:large","max-video-preview":"max-video-preview:-1"},"canonical":"https:\/\/laprensacristiana.com\/?p=2240","og_locale":"es_ES","og_type":"article","og_title":"\u00bfEl Padre Nuestro? - La Prensa Cristiana","og_description":"Por :\u00a0Pastor Edgard L\u00f3pez Bertrand jr No todo el que me dice Se\u00f1or Se\u00f1or entrar\u00e1 en el reino de los cielos, sino aquel que hace la voluntad de mi Padre que est\u00e1 en los cielos, pareciera que Dios se olvid\u00f3 de nosotros; pareciera que los l\u00edderes religiosos estamos mal para con Dios ya que todo [&hellip;]","og_url":"https:\/\/laprensacristiana.com\/?p=2240","og_site_name":"La Prensa Cristiana","article_published_time":"2017-01-18T22:58:20+00:00","article_modified_time":"2017-01-19T22:27:05+00:00","og_image":[{"width":2560,"height":1429,"url":"https:\/\/laprensacristiana.com\/wp-content\/uploads\/2016\/08\/OPINION-PASTOR-TOBY-JR-01-scaled.jpg","type":"image\/jpeg"}],"author":"EDITOR","twitter_card":"summary_large_image","twitter_misc":{"Escrito por":"EDITOR","Tiempo de lectura":"2 minutos"},"schema":{"@context":"https:\/\/schema.org","@graph":[{"@type":"WebPage","@id":"https:\/\/laprensacristiana.com\/?p=2240","url":"https:\/\/laprensacristiana.com\/?p=2240","name":"\u00bfEl Padre Nuestro? - La Prensa Cristiana","isPartOf":{"@id":"https:\/\/laprensacristiana.com\/#website"},"datePublished":"2017-01-18T22:58:20+00:00","dateModified":"2017-01-19T22:27:05+00:00","author":{"@id":"https:\/\/laprensacristiana.com\/#\/schema\/person\/3e7d82c6bfd6b1fa67010f8f7cd5256e"},"breadcrumb":{"@id":"https:\/\/laprensacristiana.com\/?p=2240#breadcrumb"},"inLanguage":"es","potentialAction":[{"@type":"ReadAction","target":["https:\/\/laprensacristiana.com\/?p=2240"]}]},{"@type":"BreadcrumbList","@id":"https:\/\/laprensacristiana.com\/?p=2240#breadcrumb","itemListElement":[{"@type":"ListItem","position":1,"name":"Portada","item":"https:\/\/laprensacristiana.com\/"},{"@type":"ListItem","position":2,"name":"\u00bfEl Padre Nuestro?"}]},{"@type":"WebSite","@id":"https:\/\/laprensacristiana.com\/#website","url":"https:\/\/laprensacristiana.com\/","name":"La Prensa Cristiana","description":"Anunciando Las Buenas Nuevas","potentialAction":[{"@type":"SearchAction","target":{"@type":"EntryPoint","urlTemplate":"https:\/\/laprensacristiana.com\/?s={search_term_string}"},"query-input":"required name=search_term_string"}],"inLanguage":"es"},{"@type":"Person","@id":"https:\/\/laprensacristiana.com\/#\/schema\/person\/3e7d82c6bfd6b1fa67010f8f7cd5256e","name":"EDITOR","image":{"@type":"ImageObject","inLanguage":"es","@id":"https:\/\/laprensacristiana.com\/#\/schema\/person\/image\/","url":"https:\/\/secure.gravatar.com\/avatar\/72069dfb6c13772d9e8381e3638666d2?s=96&d=mm&r=g","contentUrl":"https:\/\/secure.gravatar.com\/avatar\/72069dfb6c13772d9e8381e3638666d2?s=96&d=mm&r=g","caption":"EDITOR"},"url":"https:\/\/laprensacristiana.com\/?author=3"}]}},"_links":{"self":[{"href":"https:\/\/laprensacristiana.com\/index.php?rest_route=\/wp\/v2\/posts\/2240"}],"collection":[{"href":"https:\/\/laprensacristiana.com\/index.php?rest_route=\/wp\/v2\/posts"}],"about":[{"href":"https:\/\/laprensacristiana.com\/index.php?rest_route=\/wp\/v2\/types\/post"}],"author":[{"embeddable":true,"href":"https:\/\/laprensacristiana.com\/index.php?rest_route=\/wp\/v2\/users\/3"}],"replies":[{"embeddable":true,"href":"https:\/\/laprensacristiana.com\/index.php?rest_route=%2Fwp%2Fv2%2Fcomments&post=2240"}],"version-history":[{"count":2,"href":"https:\/\/laprensacristiana.com\/index.php?rest_route=\/wp\/v2\/posts\/2240\/revisions"}],"predecessor-version":[{"id":2242,"href":"https:\/\/laprensacristiana.com\/index.php?rest_route=\/wp\/v2\/posts\/2240\/revisions\/2242"}],"wp:featuredmedia":[{"embeddable":true,"href":"https:\/\/laprensacristiana.com\/index.php?rest_route=\/wp\/v2\/media\/1351"}],"wp:attachment":[{"href":"https:\/\/laprensacristiana.com\/index.php?rest_route=%2Fwp%2Fv2%2Fmedia&parent=2240"}],"wp:term":[{"taxonomy":"category","embeddable":true,"href":"https:\/\/laprensacristiana.com\/index.php?rest_route=%2Fwp%2Fv2%2Fcategories&post=2240"},{"taxonomy":"post_tag","embeddable":true,"href":"https:\/\/laprensacristiana.com\/index.php?rest_route=%2Fwp%2Fv2%2Ftags&post=2240"}],"curies":[{"name":"wp","href":"https:\/\/api.w.org\/{rel}","templated":true}]}}