{"id":2246,"date":"2017-01-19T22:56:04","date_gmt":"2017-01-19T22:56:04","guid":{"rendered":"https:\/\/laprensacristiana.com\/?p=2246"},"modified":"2020-07-02T01:17:40","modified_gmt":"2020-07-02T01:17:40","slug":"alex-campos-y-su-nueva-version-del-sonido-del-silencio","status":"publish","type":"post","link":"https:\/\/laprensacristiana.com\/?p=2246","title":{"rendered":"Alex Campos y su nueva versi\u00f3n del \u00abSonido del Silencio\u00bb"},"content":{"rendered":"<p>Alex campos, con un toque diferente realiz\u00f3 en versi\u00f3n mariachi la canci\u00f3n \u201cEl Sonido del Silencio\u201d. Tema que fue lanzado en el a\u00f1o 2006 y que le dio un gran \u00e9xito al colombiano.<\/p>\n<p>Alex, cantante, m\u00fasico y compositor cristiano reconocido por su larga trayectoria art\u00edstica deleita a sus seguidores con esta nueva propuesta; que fue oficialmente anunciada a trav\u00e9s de sus redes sociales.<\/p>\n<p>Video:<\/p>\n<p>https:\/\/youtu.be\/CtqoEfCgU5Y<\/p>\n","protected":false},"excerpt":{"rendered":"<p>Alex campos, con un toque diferente realiz\u00f3 en versi\u00f3n mariachi la canci\u00f3n \u201cEl Sonido del Silencio\u201d. Tema que fue lanzado en el a\u00f1o 2006 y que le dio un gran \u00e9xito al colombiano. Alex, cantante, m\u00fasico y compositor cristiano reconocido por su larga trayectoria art\u00edstica deleita a sus seguidores con esta nueva propuesta; que fue [&hellip;]<\/p>\n","protected":false},"author":3,"featured_media":2247,"comment_status":"open","ping_status":"open","sticky":false,"template":"","format":"standard","meta":[],"categories":[101],"tags":[],"yoast_head":"<!-- This site is optimized with the Yoast SEO plugin v20.8 - https:\/\/yoast.com\/wordpress\/plugins\/seo\/ -->\n<title>Alex Campos y su nueva versi\u00f3n del &quot;Sonido del Silencio&quot; - La Prensa Cristiana<\/title>\n<meta name=\"robots\" content=\"index, follow, max-snippet:-1, max-image-preview:large, max-video-preview:-1\" \/>\n<link rel=\"canonical\" href=\"https:\/\/laprensacristiana.com\/?p=2246\" \/>\n<meta property=\"og:locale\" content=\"es_ES\" \/>\n<meta property=\"og:type\" content=\"article\" \/>\n<meta property=\"og:title\" content=\"Alex Campos y su nueva versi\u00f3n del &quot;Sonido del Silencio&quot; - La Prensa Cristiana\" \/>\n<meta property=\"og:description\" content=\"Alex campos, con un toque diferente realiz\u00f3 en versi\u00f3n mariachi la canci\u00f3n \u201cEl Sonido del Silencio\u201d. Tema que fue lanzado en el a\u00f1o 2006 y que le dio un gran \u00e9xito al colombiano. Alex, cantante, m\u00fasico y compositor cristiano reconocido por su larga trayectoria art\u00edstica deleita a sus seguidores con esta nueva propuesta; que fue [&hellip;]\" \/>\n<meta property=\"og:url\" content=\"https:\/\/laprensacristiana.com\/?p=2246\" \/>\n<meta property=\"og:site_name\" content=\"La Prensa Cristiana\" \/>\n<meta property=\"article:published_time\" content=\"2017-01-19T22:56:04+00:00\" \/>\n<meta property=\"article:modified_time\" content=\"2020-07-02T01:17:40+00:00\" \/>\n<meta property=\"og:image\" content=\"https:\/\/laprensacristiana.com\/wp-content\/uploads\/2017\/01\/ALEX.jpg\" \/>\n\t<meta property=\"og:image:width\" content=\"800\" \/>\n\t<meta property=\"og:image:height\" content=\"800\" \/>\n\t<meta property=\"og:image:type\" content=\"image\/jpeg\" \/>\n<meta name=\"author\" content=\"EDITOR\" \/>\n<meta name=\"twitter:card\" content=\"summary_large_image\" \/>\n<meta name=\"twitter:label1\" content=\"Escrito por\" \/>\n\t<meta name=\"twitter:data1\" content=\"EDITOR\" \/>\n<script type=\"application\/ld+json\" class=\"yoast-schema-graph\">{\"@context\":\"https:\/\/schema.org\",\"@graph\":[{\"@type\":\"WebPage\",\"@id\":\"https:\/\/laprensacristiana.com\/?p=2246\",\"url\":\"https:\/\/laprensacristiana.com\/?p=2246\",\"name\":\"Alex Campos y su nueva versi\u00f3n del \\\"Sonido del Silencio\\\" - La Prensa Cristiana\",\"isPartOf\":{\"@id\":\"https:\/\/laprensacristiana.com\/#website\"},\"datePublished\":\"2017-01-19T22:56:04+00:00\",\"dateModified\":\"2020-07-02T01:17:40+00:00\",\"author\":{\"@id\":\"https:\/\/laprensacristiana.com\/#\/schema\/person\/3e7d82c6bfd6b1fa67010f8f7cd5256e\"},\"breadcrumb\":{\"@id\":\"https:\/\/laprensacristiana.com\/?p=2246#breadcrumb\"},\"inLanguage\":\"es\",\"potentialAction\":[{\"@type\":\"ReadAction\",\"target\":[\"https:\/\/laprensacristiana.com\/?p=2246\"]}]},{\"@type\":\"BreadcrumbList\",\"@id\":\"https:\/\/laprensacristiana.com\/?p=2246#breadcrumb\",\"itemListElement\":[{\"@type\":\"ListItem\",\"position\":1,\"name\":\"Portada\",\"item\":\"https:\/\/laprensacristiana.com\/\"},{\"@type\":\"ListItem\",\"position\":2,\"name\":\"Alex Campos y su nueva versi\u00f3n del \u00abSonido del Silencio\u00bb\"}]},{\"@type\":\"WebSite\",\"@id\":\"https:\/\/laprensacristiana.com\/#website\",\"url\":\"https:\/\/laprensacristiana.com\/\",\"name\":\"La Prensa Cristiana\",\"description\":\"Anunciando Las Buenas Nuevas\",\"potentialAction\":[{\"@type\":\"SearchAction\",\"target\":{\"@type\":\"EntryPoint\",\"urlTemplate\":\"https:\/\/laprensacristiana.com\/?s={search_term_string}\"},\"query-input\":\"required name=search_term_string\"}],\"inLanguage\":\"es\"},{\"@type\":\"Person\",\"@id\":\"https:\/\/laprensacristiana.com\/#\/schema\/person\/3e7d82c6bfd6b1fa67010f8f7cd5256e\",\"name\":\"EDITOR\",\"image\":{\"@type\":\"ImageObject\",\"inLanguage\":\"es\",\"@id\":\"https:\/\/laprensacristiana.com\/#\/schema\/person\/image\/\",\"url\":\"https:\/\/secure.gravatar.com\/avatar\/72069dfb6c13772d9e8381e3638666d2?s=96&d=mm&r=g\",\"contentUrl\":\"https:\/\/secure.gravatar.com\/avatar\/72069dfb6c13772d9e8381e3638666d2?s=96&d=mm&r=g\",\"caption\":\"EDITOR\"},\"url\":\"https:\/\/laprensacristiana.com\/?author=3\"}]}<\/script>\n<!-- \/ Yoast SEO plugin. -->","yoast_head_json":{"title":"Alex Campos y su nueva versi\u00f3n del \"Sonido del Silencio\" - La Prensa Cristiana","robots":{"index":"index","follow":"follow","max-snippet":"max-snippet:-1","max-image-preview":"max-image-preview:large","max-video-preview":"max-video-preview:-1"},"canonical":"https:\/\/laprensacristiana.com\/?p=2246","og_locale":"es_ES","og_type":"article","og_title":"Alex Campos y su nueva versi\u00f3n del \"Sonido del Silencio\" - La Prensa Cristiana","og_description":"Alex campos, con un toque diferente realiz\u00f3 en versi\u00f3n mariachi la canci\u00f3n \u201cEl Sonido del Silencio\u201d. Tema que fue lanzado en el a\u00f1o 2006 y que le dio un gran \u00e9xito al colombiano. Alex, cantante, m\u00fasico y compositor cristiano reconocido por su larga trayectoria art\u00edstica deleita a sus seguidores con esta nueva propuesta; que fue [&hellip;]","og_url":"https:\/\/laprensacristiana.com\/?p=2246","og_site_name":"La Prensa Cristiana","article_published_time":"2017-01-19T22:56:04+00:00","article_modified_time":"2020-07-02T01:17:40+00:00","og_image":[{"width":800,"height":800,"url":"https:\/\/laprensacristiana.com\/wp-content\/uploads\/2017\/01\/ALEX.jpg","type":"image\/jpeg"}],"author":"EDITOR","twitter_card":"summary_large_image","twitter_misc":{"Escrito por":"EDITOR"},"schema":{"@context":"https:\/\/schema.org","@graph":[{"@type":"WebPage","@id":"https:\/\/laprensacristiana.com\/?p=2246","url":"https:\/\/laprensacristiana.com\/?p=2246","name":"Alex Campos y su nueva versi\u00f3n del \"Sonido del Silencio\" - La Prensa Cristiana","isPartOf":{"@id":"https:\/\/laprensacristiana.com\/#website"},"datePublished":"2017-01-19T22:56:04+00:00","dateModified":"2020-07-02T01:17:40+00:00","author":{"@id":"https:\/\/laprensacristiana.com\/#\/schema\/person\/3e7d82c6bfd6b1fa67010f8f7cd5256e"},"breadcrumb":{"@id":"https:\/\/laprensacristiana.com\/?p=2246#breadcrumb"},"inLanguage":"es","potentialAction":[{"@type":"ReadAction","target":["https:\/\/laprensacristiana.com\/?p=2246"]}]},{"@type":"BreadcrumbList","@id":"https:\/\/laprensacristiana.com\/?p=2246#breadcrumb","itemListElement":[{"@type":"ListItem","position":1,"name":"Portada","item":"https:\/\/laprensacristiana.com\/"},{"@type":"ListItem","position":2,"name":"Alex Campos y su nueva versi\u00f3n del \u00abSonido del Silencio\u00bb"}]},{"@type":"WebSite","@id":"https:\/\/laprensacristiana.com\/#website","url":"https:\/\/laprensacristiana.com\/","name":"La Prensa Cristiana","description":"Anunciando Las Buenas Nuevas","potentialAction":[{"@type":"SearchAction","target":{"@type":"EntryPoint","urlTemplate":"https:\/\/laprensacristiana.com\/?s={search_term_string}"},"query-input":"required name=search_term_string"}],"inLanguage":"es"},{"@type":"Person","@id":"https:\/\/laprensacristiana.com\/#\/schema\/person\/3e7d82c6bfd6b1fa67010f8f7cd5256e","name":"EDITOR","image":{"@type":"ImageObject","inLanguage":"es","@id":"https:\/\/laprensacristiana.com\/#\/schema\/person\/image\/","url":"https:\/\/secure.gravatar.com\/avatar\/72069dfb6c13772d9e8381e3638666d2?s=96&d=mm&r=g","contentUrl":"https:\/\/secure.gravatar.com\/avatar\/72069dfb6c13772d9e8381e3638666d2?s=96&d=mm&r=g","caption":"EDITOR"},"url":"https:\/\/laprensacristiana.com\/?author=3"}]}},"_links":{"self":[{"href":"https:\/\/laprensacristiana.com\/index.php?rest_route=\/wp\/v2\/posts\/2246"}],"collection":[{"href":"https:\/\/laprensacristiana.com\/index.php?rest_route=\/wp\/v2\/posts"}],"about":[{"href":"https:\/\/laprensacristiana.com\/index.php?rest_route=\/wp\/v2\/types\/post"}],"author":[{"embeddable":true,"href":"https:\/\/laprensacristiana.com\/index.php?rest_route=\/wp\/v2\/users\/3"}],"replies":[{"embeddable":true,"href":"https:\/\/laprensacristiana.com\/index.php?rest_route=%2Fwp%2Fv2%2Fcomments&post=2246"}],"version-history":[{"count":1,"href":"https:\/\/laprensacristiana.com\/index.php?rest_route=\/wp\/v2\/posts\/2246\/revisions"}],"predecessor-version":[{"id":2248,"href":"https:\/\/laprensacristiana.com\/index.php?rest_route=\/wp\/v2\/posts\/2246\/revisions\/2248"}],"wp:featuredmedia":[{"embeddable":true,"href":"https:\/\/laprensacristiana.com\/index.php?rest_route=\/wp\/v2\/media\/2247"}],"wp:attachment":[{"href":"https:\/\/laprensacristiana.com\/index.php?rest_route=%2Fwp%2Fv2%2Fmedia&parent=2246"}],"wp:term":[{"taxonomy":"category","embeddable":true,"href":"https:\/\/laprensacristiana.com\/index.php?rest_route=%2Fwp%2Fv2%2Fcategories&post=2246"},{"taxonomy":"post_tag","embeddable":true,"href":"https:\/\/laprensacristiana.com\/index.php?rest_route=%2Fwp%2Fv2%2Ftags&post=2246"}],"curies":[{"name":"wp","href":"https:\/\/api.w.org\/{rel}","templated":true}]}}