{"id":2261,"date":"2017-01-23T21:19:34","date_gmt":"2017-01-23T21:19:34","guid":{"rendered":"https:\/\/laprensacristiana.com\/?p=2261"},"modified":"2020-07-02T01:16:44","modified_gmt":"2020-07-02T01:16:44","slug":"donald-trump-restauro-medida-para-no-financiar-el-aborto","status":"publish","type":"post","link":"https:\/\/laprensacristiana.com\/?p=2261","title":{"rendered":"Donald Trump, restaur\u00f3 medida para no financiar el aborto"},"content":{"rendered":"<p>A tres d\u00edas de la toma de posesi\u00f3n del presidente de Estados Unidos, Donald Trump, restituy\u00f3 hoy en las primeras horas de la ma\u00f1ana, la \u201cMexico City Policy\u201d, que es una medida instaurada en 1984 la cual proh\u00edbe la financiaci\u00f3n de parte de EE.UU. a organizaciones que promueven el aborto.<\/p>\n<p>Con esto, el actual presidente se une a otros ex mandatarios estadounidenses, en prohibir que la industria del aborto sea respaldada econ\u00f3micamente por norteamericanos.<\/p>\n<p>Stephen Mosher, el presidente del\u00a0<em>Population Research Institute<\/em>,\u00a0calcula que de esta\u00a0manera, la principal multinacional del aborto, <strong>&lt;&lt;Planned Parenthood&gt;&gt;<\/strong> (organizaci\u00f3n que facilita servicios vitales de atenci\u00f3n de la salud reproductiva, para tomar decisiones informadas e independientes sobre salud, sexo y planificaci\u00f3n familiar), se ver\u00e1 disminuida su capacidad econ\u00f3mica en aproximadamente un 40%\u201d.<\/p>\n<p>&nbsp;<\/p>\n<p>&nbsp;<\/p>\n<p>&nbsp;<\/p>\n","protected":false},"excerpt":{"rendered":"<p>A tres d\u00edas de la toma de posesi\u00f3n del presidente de Estados Unidos, Donald Trump, restituy\u00f3 hoy en las primeras horas de la ma\u00f1ana, la \u201cMexico City Policy\u201d, que es una medida instaurada en 1984 la cual proh\u00edbe la financiaci\u00f3n de parte de EE.UU. a organizaciones que promueven el aborto. Con esto, el actual presidente [&hellip;]<\/p>\n","protected":false},"author":3,"featured_media":2262,"comment_status":"open","ping_status":"open","sticky":false,"template":"","format":"standard","meta":[],"categories":[56],"tags":[],"yoast_head":"<!-- This site is optimized with the Yoast SEO plugin v20.8 - https:\/\/yoast.com\/wordpress\/plugins\/seo\/ -->\n<title>Donald Trump, restaur\u00f3 medida para no financiar el aborto - La Prensa Cristiana<\/title>\n<meta name=\"robots\" content=\"index, follow, max-snippet:-1, max-image-preview:large, max-video-preview:-1\" \/>\n<link rel=\"canonical\" href=\"https:\/\/laprensacristiana.com\/?p=2261\" \/>\n<meta property=\"og:locale\" content=\"es_ES\" \/>\n<meta property=\"og:type\" content=\"article\" \/>\n<meta property=\"og:title\" content=\"Donald Trump, restaur\u00f3 medida para no financiar el aborto - La Prensa Cristiana\" \/>\n<meta property=\"og:description\" content=\"A tres d\u00edas de la toma de posesi\u00f3n del presidente de Estados Unidos, Donald Trump, restituy\u00f3 hoy en las primeras horas de la ma\u00f1ana, la \u201cMexico City Policy\u201d, que es una medida instaurada en 1984 la cual proh\u00edbe la financiaci\u00f3n de parte de EE.UU. a organizaciones que promueven el aborto. Con esto, el actual presidente [&hellip;]\" \/>\n<meta property=\"og:url\" content=\"https:\/\/laprensacristiana.com\/?p=2261\" \/>\n<meta property=\"og:site_name\" content=\"La Prensa Cristiana\" \/>\n<meta property=\"article:published_time\" content=\"2017-01-23T21:19:34+00:00\" \/>\n<meta property=\"article:modified_time\" content=\"2020-07-02T01:16:44+00:00\" \/>\n<meta property=\"og:image\" content=\"https:\/\/laprensacristiana.com\/wp-content\/uploads\/2017\/01\/DONALD.jpg\" \/>\n\t<meta property=\"og:image:width\" content=\"960\" \/>\n\t<meta property=\"og:image:height\" content=\"498\" \/>\n\t<meta property=\"og:image:type\" content=\"image\/jpeg\" \/>\n<meta name=\"author\" content=\"EDITOR\" \/>\n<meta name=\"twitter:card\" content=\"summary_large_image\" \/>\n<meta name=\"twitter:label1\" content=\"Escrito por\" \/>\n\t<meta name=\"twitter:data1\" content=\"EDITOR\" \/>\n\t<meta name=\"twitter:label2\" content=\"Tiempo de lectura\" \/>\n\t<meta name=\"twitter:data2\" content=\"1 minuto\" \/>\n<script type=\"application\/ld+json\" class=\"yoast-schema-graph\">{\"@context\":\"https:\/\/schema.org\",\"@graph\":[{\"@type\":\"WebPage\",\"@id\":\"https:\/\/laprensacristiana.com\/?p=2261\",\"url\":\"https:\/\/laprensacristiana.com\/?p=2261\",\"name\":\"Donald Trump, restaur\u00f3 medida para no financiar el aborto - La Prensa Cristiana\",\"isPartOf\":{\"@id\":\"https:\/\/laprensacristiana.com\/#website\"},\"datePublished\":\"2017-01-23T21:19:34+00:00\",\"dateModified\":\"2020-07-02T01:16:44+00:00\",\"author\":{\"@id\":\"https:\/\/laprensacristiana.com\/#\/schema\/person\/3e7d82c6bfd6b1fa67010f8f7cd5256e\"},\"breadcrumb\":{\"@id\":\"https:\/\/laprensacristiana.com\/?p=2261#breadcrumb\"},\"inLanguage\":\"es\",\"potentialAction\":[{\"@type\":\"ReadAction\",\"target\":[\"https:\/\/laprensacristiana.com\/?p=2261\"]}]},{\"@type\":\"BreadcrumbList\",\"@id\":\"https:\/\/laprensacristiana.com\/?p=2261#breadcrumb\",\"itemListElement\":[{\"@type\":\"ListItem\",\"position\":1,\"name\":\"Portada\",\"item\":\"https:\/\/laprensacristiana.com\/\"},{\"@type\":\"ListItem\",\"position\":2,\"name\":\"Donald Trump, restaur\u00f3 medida para no financiar el aborto\"}]},{\"@type\":\"WebSite\",\"@id\":\"https:\/\/laprensacristiana.com\/#website\",\"url\":\"https:\/\/laprensacristiana.com\/\",\"name\":\"La Prensa Cristiana\",\"description\":\"Anunciando Las Buenas Nuevas\",\"potentialAction\":[{\"@type\":\"SearchAction\",\"target\":{\"@type\":\"EntryPoint\",\"urlTemplate\":\"https:\/\/laprensacristiana.com\/?s={search_term_string}\"},\"query-input\":\"required name=search_term_string\"}],\"inLanguage\":\"es\"},{\"@type\":\"Person\",\"@id\":\"https:\/\/laprensacristiana.com\/#\/schema\/person\/3e7d82c6bfd6b1fa67010f8f7cd5256e\",\"name\":\"EDITOR\",\"image\":{\"@type\":\"ImageObject\",\"inLanguage\":\"es\",\"@id\":\"https:\/\/laprensacristiana.com\/#\/schema\/person\/image\/\",\"url\":\"https:\/\/secure.gravatar.com\/avatar\/72069dfb6c13772d9e8381e3638666d2?s=96&d=mm&r=g\",\"contentUrl\":\"https:\/\/secure.gravatar.com\/avatar\/72069dfb6c13772d9e8381e3638666d2?s=96&d=mm&r=g\",\"caption\":\"EDITOR\"},\"url\":\"https:\/\/laprensacristiana.com\/?author=3\"}]}<\/script>\n<!-- \/ Yoast SEO plugin. -->","yoast_head_json":{"title":"Donald Trump, restaur\u00f3 medida para no financiar el aborto - La Prensa Cristiana","robots":{"index":"index","follow":"follow","max-snippet":"max-snippet:-1","max-image-preview":"max-image-preview:large","max-video-preview":"max-video-preview:-1"},"canonical":"https:\/\/laprensacristiana.com\/?p=2261","og_locale":"es_ES","og_type":"article","og_title":"Donald Trump, restaur\u00f3 medida para no financiar el aborto - La Prensa Cristiana","og_description":"A tres d\u00edas de la toma de posesi\u00f3n del presidente de Estados Unidos, Donald Trump, restituy\u00f3 hoy en las primeras horas de la ma\u00f1ana, la \u201cMexico City Policy\u201d, que es una medida instaurada en 1984 la cual proh\u00edbe la financiaci\u00f3n de parte de EE.UU. a organizaciones que promueven el aborto. Con esto, el actual presidente [&hellip;]","og_url":"https:\/\/laprensacristiana.com\/?p=2261","og_site_name":"La Prensa Cristiana","article_published_time":"2017-01-23T21:19:34+00:00","article_modified_time":"2020-07-02T01:16:44+00:00","og_image":[{"width":960,"height":498,"url":"https:\/\/laprensacristiana.com\/wp-content\/uploads\/2017\/01\/DONALD.jpg","type":"image\/jpeg"}],"author":"EDITOR","twitter_card":"summary_large_image","twitter_misc":{"Escrito por":"EDITOR","Tiempo de lectura":"1 minuto"},"schema":{"@context":"https:\/\/schema.org","@graph":[{"@type":"WebPage","@id":"https:\/\/laprensacristiana.com\/?p=2261","url":"https:\/\/laprensacristiana.com\/?p=2261","name":"Donald Trump, restaur\u00f3 medida para no financiar el aborto - La Prensa Cristiana","isPartOf":{"@id":"https:\/\/laprensacristiana.com\/#website"},"datePublished":"2017-01-23T21:19:34+00:00","dateModified":"2020-07-02T01:16:44+00:00","author":{"@id":"https:\/\/laprensacristiana.com\/#\/schema\/person\/3e7d82c6bfd6b1fa67010f8f7cd5256e"},"breadcrumb":{"@id":"https:\/\/laprensacristiana.com\/?p=2261#breadcrumb"},"inLanguage":"es","potentialAction":[{"@type":"ReadAction","target":["https:\/\/laprensacristiana.com\/?p=2261"]}]},{"@type":"BreadcrumbList","@id":"https:\/\/laprensacristiana.com\/?p=2261#breadcrumb","itemListElement":[{"@type":"ListItem","position":1,"name":"Portada","item":"https:\/\/laprensacristiana.com\/"},{"@type":"ListItem","position":2,"name":"Donald Trump, restaur\u00f3 medida para no financiar el aborto"}]},{"@type":"WebSite","@id":"https:\/\/laprensacristiana.com\/#website","url":"https:\/\/laprensacristiana.com\/","name":"La Prensa Cristiana","description":"Anunciando Las Buenas Nuevas","potentialAction":[{"@type":"SearchAction","target":{"@type":"EntryPoint","urlTemplate":"https:\/\/laprensacristiana.com\/?s={search_term_string}"},"query-input":"required name=search_term_string"}],"inLanguage":"es"},{"@type":"Person","@id":"https:\/\/laprensacristiana.com\/#\/schema\/person\/3e7d82c6bfd6b1fa67010f8f7cd5256e","name":"EDITOR","image":{"@type":"ImageObject","inLanguage":"es","@id":"https:\/\/laprensacristiana.com\/#\/schema\/person\/image\/","url":"https:\/\/secure.gravatar.com\/avatar\/72069dfb6c13772d9e8381e3638666d2?s=96&d=mm&r=g","contentUrl":"https:\/\/secure.gravatar.com\/avatar\/72069dfb6c13772d9e8381e3638666d2?s=96&d=mm&r=g","caption":"EDITOR"},"url":"https:\/\/laprensacristiana.com\/?author=3"}]}},"_links":{"self":[{"href":"https:\/\/laprensacristiana.com\/index.php?rest_route=\/wp\/v2\/posts\/2261"}],"collection":[{"href":"https:\/\/laprensacristiana.com\/index.php?rest_route=\/wp\/v2\/posts"}],"about":[{"href":"https:\/\/laprensacristiana.com\/index.php?rest_route=\/wp\/v2\/types\/post"}],"author":[{"embeddable":true,"href":"https:\/\/laprensacristiana.com\/index.php?rest_route=\/wp\/v2\/users\/3"}],"replies":[{"embeddable":true,"href":"https:\/\/laprensacristiana.com\/index.php?rest_route=%2Fwp%2Fv2%2Fcomments&post=2261"}],"version-history":[{"count":1,"href":"https:\/\/laprensacristiana.com\/index.php?rest_route=\/wp\/v2\/posts\/2261\/revisions"}],"predecessor-version":[{"id":2263,"href":"https:\/\/laprensacristiana.com\/index.php?rest_route=\/wp\/v2\/posts\/2261\/revisions\/2263"}],"wp:featuredmedia":[{"embeddable":true,"href":"https:\/\/laprensacristiana.com\/index.php?rest_route=\/wp\/v2\/media\/2262"}],"wp:attachment":[{"href":"https:\/\/laprensacristiana.com\/index.php?rest_route=%2Fwp%2Fv2%2Fmedia&parent=2261"}],"wp:term":[{"taxonomy":"category","embeddable":true,"href":"https:\/\/laprensacristiana.com\/index.php?rest_route=%2Fwp%2Fv2%2Fcategories&post=2261"},{"taxonomy":"post_tag","embeddable":true,"href":"https:\/\/laprensacristiana.com\/index.php?rest_route=%2Fwp%2Fv2%2Ftags&post=2261"}],"curies":[{"name":"wp","href":"https:\/\/api.w.org\/{rel}","templated":true}]}}