{"id":2264,"date":"2017-01-24T21:59:55","date_gmt":"2017-01-24T21:59:55","guid":{"rendered":"https:\/\/laprensacristiana.com\/?p=2264"},"modified":"2020-07-02T01:16:33","modified_gmt":"2020-07-02T01:16:33","slug":"video-oficial-de-vivire","status":"publish","type":"post","link":"https:\/\/laprensacristiana.com\/?p=2264","title":{"rendered":"Video oficial de \u00abVivir\u00e9\u00bb"},"content":{"rendered":"<p>Hoy por la ma\u00f1ana Redimi2 junto a Evan Craft, lanzaron el video oficial de su colaboraci\u00f3n \u00ab<em><strong>Vivir\u00e9<\/strong><\/em>\u00ab, a trav\u00e9s de sus redes sociales.<\/p>\n<p>Canci\u00f3n que es parte del m\u00e1s reciente \u00e1lbum de Redimi2 llamado <strong><em>\u00abPura Sal\u00bb<\/em><\/strong>.Dicha producci\u00f3n ha sido muy esperada por los seguidores de ambos cantantes. Adem\u00e1s, anunciaron que despu\u00e9s de esta trabajo se viene una sorpresa m\u00e1s.<\/p>\n<p>Compartimos el video:<\/p>\n<p><iframe loading=\"lazy\" title=\"Redimi2 - Vivir\u00e9 (Video de Letras) ft. Evan Craft\" width=\"696\" height=\"392\" src=\"https:\/\/www.youtube.com\/embed\/d8pb7TpZIBs?feature=oembed\" frameborder=\"0\" allow=\"accelerometer; autoplay; encrypted-media; gyroscope; picture-in-picture\" allowfullscreen><\/iframe><\/p>\n<p>&nbsp;<\/p>\n","protected":false},"excerpt":{"rendered":"<p>Hoy por la ma\u00f1ana Redimi2 junto a Evan Craft, lanzaron el video oficial de su colaboraci\u00f3n \u00abVivir\u00e9\u00ab, a trav\u00e9s de sus redes sociales. Canci\u00f3n que es parte del m\u00e1s reciente \u00e1lbum de Redimi2 llamado \u00abPura Sal\u00bb.Dicha producci\u00f3n ha sido muy esperada por los seguidores de ambos cantantes. Adem\u00e1s, anunciaron que despu\u00e9s de esta trabajo se [&hellip;]<\/p>\n","protected":false},"author":3,"featured_media":2265,"comment_status":"open","ping_status":"open","sticky":false,"template":"","format":"standard","meta":[],"categories":[101],"tags":[],"yoast_head":"<!-- This site is optimized with the Yoast SEO plugin v20.8 - https:\/\/yoast.com\/wordpress\/plugins\/seo\/ -->\n<title>Video oficial de &quot;Vivir\u00e9&quot; - La Prensa Cristiana<\/title>\n<meta name=\"robots\" content=\"index, follow, max-snippet:-1, max-image-preview:large, max-video-preview:-1\" \/>\n<link rel=\"canonical\" href=\"https:\/\/laprensacristiana.com\/?p=2264\" \/>\n<meta property=\"og:locale\" content=\"es_ES\" \/>\n<meta property=\"og:type\" content=\"article\" \/>\n<meta property=\"og:title\" content=\"Video oficial de &quot;Vivir\u00e9&quot; - La Prensa Cristiana\" \/>\n<meta property=\"og:description\" content=\"Hoy por la ma\u00f1ana Redimi2 junto a Evan Craft, lanzaron el video oficial de su colaboraci\u00f3n \u00abVivir\u00e9\u00ab, a trav\u00e9s de sus redes sociales. Canci\u00f3n que es parte del m\u00e1s reciente \u00e1lbum de Redimi2 llamado \u00abPura Sal\u00bb.Dicha producci\u00f3n ha sido muy esperada por los seguidores de ambos cantantes. Adem\u00e1s, anunciaron que despu\u00e9s de esta trabajo se [&hellip;]\" \/>\n<meta property=\"og:url\" content=\"https:\/\/laprensacristiana.com\/?p=2264\" \/>\n<meta property=\"og:site_name\" content=\"La Prensa Cristiana\" \/>\n<meta property=\"article:published_time\" content=\"2017-01-24T21:59:55+00:00\" \/>\n<meta property=\"article:modified_time\" content=\"2020-07-02T01:16:33+00:00\" \/>\n<meta property=\"og:image\" content=\"https:\/\/laprensacristiana.com\/wp-content\/uploads\/2017\/01\/Sin-t\u00edtulo-1-01.jpg\" \/>\n\t<meta property=\"og:image:width\" content=\"1240\" \/>\n\t<meta property=\"og:image:height\" content=\"1096\" \/>\n\t<meta property=\"og:image:type\" content=\"image\/jpeg\" \/>\n<meta name=\"author\" content=\"EDITOR\" \/>\n<meta name=\"twitter:card\" content=\"summary_large_image\" \/>\n<meta name=\"twitter:label1\" content=\"Escrito por\" \/>\n\t<meta name=\"twitter:data1\" content=\"EDITOR\" \/>\n<script type=\"application\/ld+json\" class=\"yoast-schema-graph\">{\"@context\":\"https:\/\/schema.org\",\"@graph\":[{\"@type\":\"WebPage\",\"@id\":\"https:\/\/laprensacristiana.com\/?p=2264\",\"url\":\"https:\/\/laprensacristiana.com\/?p=2264\",\"name\":\"Video oficial de \\\"Vivir\u00e9\\\" - La Prensa Cristiana\",\"isPartOf\":{\"@id\":\"https:\/\/laprensacristiana.com\/#website\"},\"datePublished\":\"2017-01-24T21:59:55+00:00\",\"dateModified\":\"2020-07-02T01:16:33+00:00\",\"author\":{\"@id\":\"https:\/\/laprensacristiana.com\/#\/schema\/person\/3e7d82c6bfd6b1fa67010f8f7cd5256e\"},\"breadcrumb\":{\"@id\":\"https:\/\/laprensacristiana.com\/?p=2264#breadcrumb\"},\"inLanguage\":\"es\",\"potentialAction\":[{\"@type\":\"ReadAction\",\"target\":[\"https:\/\/laprensacristiana.com\/?p=2264\"]}]},{\"@type\":\"BreadcrumbList\",\"@id\":\"https:\/\/laprensacristiana.com\/?p=2264#breadcrumb\",\"itemListElement\":[{\"@type\":\"ListItem\",\"position\":1,\"name\":\"Portada\",\"item\":\"https:\/\/laprensacristiana.com\/\"},{\"@type\":\"ListItem\",\"position\":2,\"name\":\"Video oficial de \u00abVivir\u00e9\u00bb\"}]},{\"@type\":\"WebSite\",\"@id\":\"https:\/\/laprensacristiana.com\/#website\",\"url\":\"https:\/\/laprensacristiana.com\/\",\"name\":\"La Prensa Cristiana\",\"description\":\"Anunciando Las Buenas Nuevas\",\"potentialAction\":[{\"@type\":\"SearchAction\",\"target\":{\"@type\":\"EntryPoint\",\"urlTemplate\":\"https:\/\/laprensacristiana.com\/?s={search_term_string}\"},\"query-input\":\"required name=search_term_string\"}],\"inLanguage\":\"es\"},{\"@type\":\"Person\",\"@id\":\"https:\/\/laprensacristiana.com\/#\/schema\/person\/3e7d82c6bfd6b1fa67010f8f7cd5256e\",\"name\":\"EDITOR\",\"image\":{\"@type\":\"ImageObject\",\"inLanguage\":\"es\",\"@id\":\"https:\/\/laprensacristiana.com\/#\/schema\/person\/image\/\",\"url\":\"https:\/\/secure.gravatar.com\/avatar\/72069dfb6c13772d9e8381e3638666d2?s=96&d=mm&r=g\",\"contentUrl\":\"https:\/\/secure.gravatar.com\/avatar\/72069dfb6c13772d9e8381e3638666d2?s=96&d=mm&r=g\",\"caption\":\"EDITOR\"},\"url\":\"https:\/\/laprensacristiana.com\/?author=3\"}]}<\/script>\n<!-- \/ Yoast SEO plugin. -->","yoast_head_json":{"title":"Video oficial de \"Vivir\u00e9\" - La Prensa Cristiana","robots":{"index":"index","follow":"follow","max-snippet":"max-snippet:-1","max-image-preview":"max-image-preview:large","max-video-preview":"max-video-preview:-1"},"canonical":"https:\/\/laprensacristiana.com\/?p=2264","og_locale":"es_ES","og_type":"article","og_title":"Video oficial de \"Vivir\u00e9\" - La Prensa Cristiana","og_description":"Hoy por la ma\u00f1ana Redimi2 junto a Evan Craft, lanzaron el video oficial de su colaboraci\u00f3n \u00abVivir\u00e9\u00ab, a trav\u00e9s de sus redes sociales. Canci\u00f3n que es parte del m\u00e1s reciente \u00e1lbum de Redimi2 llamado \u00abPura Sal\u00bb.Dicha producci\u00f3n ha sido muy esperada por los seguidores de ambos cantantes. Adem\u00e1s, anunciaron que despu\u00e9s de esta trabajo se [&hellip;]","og_url":"https:\/\/laprensacristiana.com\/?p=2264","og_site_name":"La Prensa Cristiana","article_published_time":"2017-01-24T21:59:55+00:00","article_modified_time":"2020-07-02T01:16:33+00:00","og_image":[{"width":1240,"height":1096,"url":"https:\/\/laprensacristiana.com\/wp-content\/uploads\/2017\/01\/Sin-t\u00edtulo-1-01.jpg","type":"image\/jpeg"}],"author":"EDITOR","twitter_card":"summary_large_image","twitter_misc":{"Escrito por":"EDITOR"},"schema":{"@context":"https:\/\/schema.org","@graph":[{"@type":"WebPage","@id":"https:\/\/laprensacristiana.com\/?p=2264","url":"https:\/\/laprensacristiana.com\/?p=2264","name":"Video oficial de \"Vivir\u00e9\" - La Prensa Cristiana","isPartOf":{"@id":"https:\/\/laprensacristiana.com\/#website"},"datePublished":"2017-01-24T21:59:55+00:00","dateModified":"2020-07-02T01:16:33+00:00","author":{"@id":"https:\/\/laprensacristiana.com\/#\/schema\/person\/3e7d82c6bfd6b1fa67010f8f7cd5256e"},"breadcrumb":{"@id":"https:\/\/laprensacristiana.com\/?p=2264#breadcrumb"},"inLanguage":"es","potentialAction":[{"@type":"ReadAction","target":["https:\/\/laprensacristiana.com\/?p=2264"]}]},{"@type":"BreadcrumbList","@id":"https:\/\/laprensacristiana.com\/?p=2264#breadcrumb","itemListElement":[{"@type":"ListItem","position":1,"name":"Portada","item":"https:\/\/laprensacristiana.com\/"},{"@type":"ListItem","position":2,"name":"Video oficial de \u00abVivir\u00e9\u00bb"}]},{"@type":"WebSite","@id":"https:\/\/laprensacristiana.com\/#website","url":"https:\/\/laprensacristiana.com\/","name":"La Prensa Cristiana","description":"Anunciando Las Buenas Nuevas","potentialAction":[{"@type":"SearchAction","target":{"@type":"EntryPoint","urlTemplate":"https:\/\/laprensacristiana.com\/?s={search_term_string}"},"query-input":"required name=search_term_string"}],"inLanguage":"es"},{"@type":"Person","@id":"https:\/\/laprensacristiana.com\/#\/schema\/person\/3e7d82c6bfd6b1fa67010f8f7cd5256e","name":"EDITOR","image":{"@type":"ImageObject","inLanguage":"es","@id":"https:\/\/laprensacristiana.com\/#\/schema\/person\/image\/","url":"https:\/\/secure.gravatar.com\/avatar\/72069dfb6c13772d9e8381e3638666d2?s=96&d=mm&r=g","contentUrl":"https:\/\/secure.gravatar.com\/avatar\/72069dfb6c13772d9e8381e3638666d2?s=96&d=mm&r=g","caption":"EDITOR"},"url":"https:\/\/laprensacristiana.com\/?author=3"}]}},"_links":{"self":[{"href":"https:\/\/laprensacristiana.com\/index.php?rest_route=\/wp\/v2\/posts\/2264"}],"collection":[{"href":"https:\/\/laprensacristiana.com\/index.php?rest_route=\/wp\/v2\/posts"}],"about":[{"href":"https:\/\/laprensacristiana.com\/index.php?rest_route=\/wp\/v2\/types\/post"}],"author":[{"embeddable":true,"href":"https:\/\/laprensacristiana.com\/index.php?rest_route=\/wp\/v2\/users\/3"}],"replies":[{"embeddable":true,"href":"https:\/\/laprensacristiana.com\/index.php?rest_route=%2Fwp%2Fv2%2Fcomments&post=2264"}],"version-history":[{"count":1,"href":"https:\/\/laprensacristiana.com\/index.php?rest_route=\/wp\/v2\/posts\/2264\/revisions"}],"predecessor-version":[{"id":2266,"href":"https:\/\/laprensacristiana.com\/index.php?rest_route=\/wp\/v2\/posts\/2264\/revisions\/2266"}],"wp:featuredmedia":[{"embeddable":true,"href":"https:\/\/laprensacristiana.com\/index.php?rest_route=\/wp\/v2\/media\/2265"}],"wp:attachment":[{"href":"https:\/\/laprensacristiana.com\/index.php?rest_route=%2Fwp%2Fv2%2Fmedia&parent=2264"}],"wp:term":[{"taxonomy":"category","embeddable":true,"href":"https:\/\/laprensacristiana.com\/index.php?rest_route=%2Fwp%2Fv2%2Fcategories&post=2264"},{"taxonomy":"post_tag","embeddable":true,"href":"https:\/\/laprensacristiana.com\/index.php?rest_route=%2Fwp%2Fv2%2Ftags&post=2264"}],"curies":[{"name":"wp","href":"https:\/\/api.w.org\/{rel}","templated":true}]}}