{"id":2279,"date":"2017-01-26T22:54:51","date_gmt":"2017-01-26T22:54:51","guid":{"rendered":"https:\/\/laprensacristiana.com\/?p=2279"},"modified":"2020-07-02T01:16:03","modified_gmt":"2020-07-02T01:16:03","slug":"dejan-sus-armas-a-un-lado-para-rendirse-en-oracion","status":"publish","type":"post","link":"https:\/\/laprensacristiana.com\/?p=2279","title":{"rendered":"Dejan sus armas a un lado para rendirse en oraci\u00f3n"},"content":{"rendered":"<p>Polic\u00edas y Militares de Brasil, tienen una asociaci\u00f3n llamada <strong><em>\u201cPMs de Cristo\u201d<\/em> <\/strong>con la colaboraci\u00f3n de otra asociaci\u00f3n y algunas iglesias de la ciudad, llevaron a cabo un tiempo de oraci\u00f3n desde las 9:00 p.m. del martes hasta finalizar a las 9:00 p.m. de ayer, en el piso n\u00famero 9 de la primera iglesia Bautista en Sao Paulo; llevando por t\u00edtulo <strong><em>\u201cTorre de oraci\u00f3n\u201d.<\/em><\/strong><\/p>\n<p>La visi\u00f3n de esta actividad fue, orar por la ciudad y por ende reunir a m\u00e1s cristianos para llegar a Dios. En el tiempo de oraci\u00f3n, pidieron por la familia, la iglesia, la educaci\u00f3n, las autoridades p\u00fablicas, el trabajo, cultura y la comunicaci\u00f3n.<\/p>\n","protected":false},"excerpt":{"rendered":"<p>Polic\u00edas y Militares de Brasil, tienen una asociaci\u00f3n llamada \u201cPMs de Cristo\u201d con la colaboraci\u00f3n de otra asociaci\u00f3n y algunas iglesias de la ciudad, llevaron a cabo un tiempo de oraci\u00f3n desde las 9:00 p.m. del martes hasta finalizar a las 9:00 p.m. de ayer, en el piso n\u00famero 9 de la primera iglesia Bautista [&hellip;]<\/p>\n","protected":false},"author":3,"featured_media":2273,"comment_status":"open","ping_status":"open","sticky":false,"template":"","format":"standard","meta":[],"categories":[56],"tags":[],"yoast_head":"<!-- This site is optimized with the Yoast SEO plugin v20.8 - https:\/\/yoast.com\/wordpress\/plugins\/seo\/ -->\n<title>Dejan sus armas a un lado para rendirse en oraci\u00f3n - La Prensa Cristiana<\/title>\n<meta name=\"robots\" content=\"index, follow, max-snippet:-1, max-image-preview:large, max-video-preview:-1\" \/>\n<link rel=\"canonical\" href=\"https:\/\/laprensacristiana.com\/?p=2279\" \/>\n<meta property=\"og:locale\" content=\"es_ES\" \/>\n<meta property=\"og:type\" content=\"article\" \/>\n<meta property=\"og:title\" content=\"Dejan sus armas a un lado para rendirse en oraci\u00f3n - La Prensa Cristiana\" \/>\n<meta property=\"og:description\" content=\"Polic\u00edas y Militares de Brasil, tienen una asociaci\u00f3n llamada \u201cPMs de Cristo\u201d con la colaboraci\u00f3n de otra asociaci\u00f3n y algunas iglesias de la ciudad, llevaron a cabo un tiempo de oraci\u00f3n desde las 9:00 p.m. del martes hasta finalizar a las 9:00 p.m. de ayer, en el piso n\u00famero 9 de la primera iglesia Bautista [&hellip;]\" \/>\n<meta property=\"og:url\" content=\"https:\/\/laprensacristiana.com\/?p=2279\" \/>\n<meta property=\"og:site_name\" content=\"La Prensa Cristiana\" \/>\n<meta property=\"article:published_time\" content=\"2017-01-26T22:54:51+00:00\" \/>\n<meta property=\"article:modified_time\" content=\"2020-07-02T01:16:03+00:00\" \/>\n<meta property=\"og:image\" content=\"https:\/\/laprensacristiana.com\/wp-content\/uploads\/2017\/01\/Brasil.jpg\" \/>\n\t<meta property=\"og:image:width\" content=\"800\" \/>\n\t<meta property=\"og:image:height\" content=\"500\" \/>\n\t<meta property=\"og:image:type\" content=\"image\/jpeg\" \/>\n<meta name=\"author\" content=\"EDITOR\" \/>\n<meta name=\"twitter:card\" content=\"summary_large_image\" \/>\n<meta name=\"twitter:label1\" content=\"Escrito por\" \/>\n\t<meta name=\"twitter:data1\" content=\"EDITOR\" \/>\n\t<meta name=\"twitter:label2\" content=\"Tiempo de lectura\" \/>\n\t<meta name=\"twitter:data2\" content=\"1 minuto\" \/>\n<script type=\"application\/ld+json\" class=\"yoast-schema-graph\">{\"@context\":\"https:\/\/schema.org\",\"@graph\":[{\"@type\":\"WebPage\",\"@id\":\"https:\/\/laprensacristiana.com\/?p=2279\",\"url\":\"https:\/\/laprensacristiana.com\/?p=2279\",\"name\":\"Dejan sus armas a un lado para rendirse en oraci\u00f3n - La Prensa Cristiana\",\"isPartOf\":{\"@id\":\"https:\/\/laprensacristiana.com\/#website\"},\"datePublished\":\"2017-01-26T22:54:51+00:00\",\"dateModified\":\"2020-07-02T01:16:03+00:00\",\"author\":{\"@id\":\"https:\/\/laprensacristiana.com\/#\/schema\/person\/3e7d82c6bfd6b1fa67010f8f7cd5256e\"},\"breadcrumb\":{\"@id\":\"https:\/\/laprensacristiana.com\/?p=2279#breadcrumb\"},\"inLanguage\":\"es\",\"potentialAction\":[{\"@type\":\"ReadAction\",\"target\":[\"https:\/\/laprensacristiana.com\/?p=2279\"]}]},{\"@type\":\"BreadcrumbList\",\"@id\":\"https:\/\/laprensacristiana.com\/?p=2279#breadcrumb\",\"itemListElement\":[{\"@type\":\"ListItem\",\"position\":1,\"name\":\"Portada\",\"item\":\"https:\/\/laprensacristiana.com\/\"},{\"@type\":\"ListItem\",\"position\":2,\"name\":\"Dejan sus armas a un lado para rendirse en oraci\u00f3n\"}]},{\"@type\":\"WebSite\",\"@id\":\"https:\/\/laprensacristiana.com\/#website\",\"url\":\"https:\/\/laprensacristiana.com\/\",\"name\":\"La Prensa Cristiana\",\"description\":\"Anunciando Las Buenas Nuevas\",\"potentialAction\":[{\"@type\":\"SearchAction\",\"target\":{\"@type\":\"EntryPoint\",\"urlTemplate\":\"https:\/\/laprensacristiana.com\/?s={search_term_string}\"},\"query-input\":\"required name=search_term_string\"}],\"inLanguage\":\"es\"},{\"@type\":\"Person\",\"@id\":\"https:\/\/laprensacristiana.com\/#\/schema\/person\/3e7d82c6bfd6b1fa67010f8f7cd5256e\",\"name\":\"EDITOR\",\"image\":{\"@type\":\"ImageObject\",\"inLanguage\":\"es\",\"@id\":\"https:\/\/laprensacristiana.com\/#\/schema\/person\/image\/\",\"url\":\"https:\/\/secure.gravatar.com\/avatar\/72069dfb6c13772d9e8381e3638666d2?s=96&d=mm&r=g\",\"contentUrl\":\"https:\/\/secure.gravatar.com\/avatar\/72069dfb6c13772d9e8381e3638666d2?s=96&d=mm&r=g\",\"caption\":\"EDITOR\"},\"url\":\"https:\/\/laprensacristiana.com\/?author=3\"}]}<\/script>\n<!-- \/ Yoast SEO plugin. -->","yoast_head_json":{"title":"Dejan sus armas a un lado para rendirse en oraci\u00f3n - La Prensa Cristiana","robots":{"index":"index","follow":"follow","max-snippet":"max-snippet:-1","max-image-preview":"max-image-preview:large","max-video-preview":"max-video-preview:-1"},"canonical":"https:\/\/laprensacristiana.com\/?p=2279","og_locale":"es_ES","og_type":"article","og_title":"Dejan sus armas a un lado para rendirse en oraci\u00f3n - La Prensa Cristiana","og_description":"Polic\u00edas y Militares de Brasil, tienen una asociaci\u00f3n llamada \u201cPMs de Cristo\u201d con la colaboraci\u00f3n de otra asociaci\u00f3n y algunas iglesias de la ciudad, llevaron a cabo un tiempo de oraci\u00f3n desde las 9:00 p.m. del martes hasta finalizar a las 9:00 p.m. de ayer, en el piso n\u00famero 9 de la primera iglesia Bautista [&hellip;]","og_url":"https:\/\/laprensacristiana.com\/?p=2279","og_site_name":"La Prensa Cristiana","article_published_time":"2017-01-26T22:54:51+00:00","article_modified_time":"2020-07-02T01:16:03+00:00","og_image":[{"width":800,"height":500,"url":"https:\/\/laprensacristiana.com\/wp-content\/uploads\/2017\/01\/Brasil.jpg","type":"image\/jpeg"}],"author":"EDITOR","twitter_card":"summary_large_image","twitter_misc":{"Escrito por":"EDITOR","Tiempo de lectura":"1 minuto"},"schema":{"@context":"https:\/\/schema.org","@graph":[{"@type":"WebPage","@id":"https:\/\/laprensacristiana.com\/?p=2279","url":"https:\/\/laprensacristiana.com\/?p=2279","name":"Dejan sus armas a un lado para rendirse en oraci\u00f3n - La Prensa Cristiana","isPartOf":{"@id":"https:\/\/laprensacristiana.com\/#website"},"datePublished":"2017-01-26T22:54:51+00:00","dateModified":"2020-07-02T01:16:03+00:00","author":{"@id":"https:\/\/laprensacristiana.com\/#\/schema\/person\/3e7d82c6bfd6b1fa67010f8f7cd5256e"},"breadcrumb":{"@id":"https:\/\/laprensacristiana.com\/?p=2279#breadcrumb"},"inLanguage":"es","potentialAction":[{"@type":"ReadAction","target":["https:\/\/laprensacristiana.com\/?p=2279"]}]},{"@type":"BreadcrumbList","@id":"https:\/\/laprensacristiana.com\/?p=2279#breadcrumb","itemListElement":[{"@type":"ListItem","position":1,"name":"Portada","item":"https:\/\/laprensacristiana.com\/"},{"@type":"ListItem","position":2,"name":"Dejan sus armas a un lado para rendirse en oraci\u00f3n"}]},{"@type":"WebSite","@id":"https:\/\/laprensacristiana.com\/#website","url":"https:\/\/laprensacristiana.com\/","name":"La Prensa Cristiana","description":"Anunciando Las Buenas Nuevas","potentialAction":[{"@type":"SearchAction","target":{"@type":"EntryPoint","urlTemplate":"https:\/\/laprensacristiana.com\/?s={search_term_string}"},"query-input":"required name=search_term_string"}],"inLanguage":"es"},{"@type":"Person","@id":"https:\/\/laprensacristiana.com\/#\/schema\/person\/3e7d82c6bfd6b1fa67010f8f7cd5256e","name":"EDITOR","image":{"@type":"ImageObject","inLanguage":"es","@id":"https:\/\/laprensacristiana.com\/#\/schema\/person\/image\/","url":"https:\/\/secure.gravatar.com\/avatar\/72069dfb6c13772d9e8381e3638666d2?s=96&d=mm&r=g","contentUrl":"https:\/\/secure.gravatar.com\/avatar\/72069dfb6c13772d9e8381e3638666d2?s=96&d=mm&r=g","caption":"EDITOR"},"url":"https:\/\/laprensacristiana.com\/?author=3"}]}},"_links":{"self":[{"href":"https:\/\/laprensacristiana.com\/index.php?rest_route=\/wp\/v2\/posts\/2279"}],"collection":[{"href":"https:\/\/laprensacristiana.com\/index.php?rest_route=\/wp\/v2\/posts"}],"about":[{"href":"https:\/\/laprensacristiana.com\/index.php?rest_route=\/wp\/v2\/types\/post"}],"author":[{"embeddable":true,"href":"https:\/\/laprensacristiana.com\/index.php?rest_route=\/wp\/v2\/users\/3"}],"replies":[{"embeddable":true,"href":"https:\/\/laprensacristiana.com\/index.php?rest_route=%2Fwp%2Fv2%2Fcomments&post=2279"}],"version-history":[{"count":1,"href":"https:\/\/laprensacristiana.com\/index.php?rest_route=\/wp\/v2\/posts\/2279\/revisions"}],"predecessor-version":[{"id":2280,"href":"https:\/\/laprensacristiana.com\/index.php?rest_route=\/wp\/v2\/posts\/2279\/revisions\/2280"}],"wp:featuredmedia":[{"embeddable":true,"href":"https:\/\/laprensacristiana.com\/index.php?rest_route=\/wp\/v2\/media\/2273"}],"wp:attachment":[{"href":"https:\/\/laprensacristiana.com\/index.php?rest_route=%2Fwp%2Fv2%2Fmedia&parent=2279"}],"wp:term":[{"taxonomy":"category","embeddable":true,"href":"https:\/\/laprensacristiana.com\/index.php?rest_route=%2Fwp%2Fv2%2Fcategories&post=2279"},{"taxonomy":"post_tag","embeddable":true,"href":"https:\/\/laprensacristiana.com\/index.php?rest_route=%2Fwp%2Fv2%2Ftags&post=2279"}],"curies":[{"name":"wp","href":"https:\/\/api.w.org\/{rel}","templated":true}]}}