{"id":2288,"date":"2017-01-30T02:58:34","date_gmt":"2017-01-30T02:58:34","guid":{"rendered":"https:\/\/laprensacristiana.com\/?p=2288"},"modified":"2020-07-02T01:15:25","modified_gmt":"2020-07-02T01:15:25","slug":"accidente-de-transito-despues-de-la-vigilia","status":"publish","type":"post","link":"https:\/\/laprensacristiana.com\/?p=2288","title":{"rendered":"Accidente de tr\u00e1nsito, despu\u00e9s de la vigilia"},"content":{"rendered":"<h2>Dios los salvaguard\u00f3<\/h2>\n<p>En horas de la ma\u00f1ana se report\u00f3 un accidente automovil\u00edstico, cuando miembros de una iglesia regresaban de una vigilia, en el cant\u00f3n Palo Verde, pasada la actividad se dirig\u00edan rumbo a la Laguna Verde, en Apaneca, departamento de Ahuachap\u00e1n. Fue ah\u00ed en donde el veh\u00edculo en el que se trasladaban le fallaron los frenos y volc\u00f3.<\/p>\n<p>Se registr\u00f3 un total de nueve personas, incluyendo tres menores de edad, que salieron con lesiones al momento del percance. Y otras seis quedaron intactas.<\/p>\n<p>Las autoridades presentes en el hecho, mencionaron que \u00a0los hermanos a bordo, viv\u00edan en el municipio de Soyapango.<\/p>\n","protected":false},"excerpt":{"rendered":"<p>Dios los salvaguard\u00f3 En horas de la ma\u00f1ana se report\u00f3 un accidente automovil\u00edstico, cuando miembros de una iglesia regresaban de una vigilia, en el cant\u00f3n Palo Verde, pasada la actividad se dirig\u00edan rumbo a la Laguna Verde, en Apaneca, departamento de Ahuachap\u00e1n. Fue ah\u00ed en donde el veh\u00edculo en el que se trasladaban le fallaron [&hellip;]<\/p>\n","protected":false},"author":3,"featured_media":2289,"comment_status":"open","ping_status":"open","sticky":false,"template":"","format":"standard","meta":[],"categories":[56],"tags":[],"yoast_head":"<!-- This site is optimized with the Yoast SEO plugin v20.8 - https:\/\/yoast.com\/wordpress\/plugins\/seo\/ -->\n<title>Accidente de tr\u00e1nsito, despu\u00e9s de la vigilia - La Prensa Cristiana<\/title>\n<meta name=\"robots\" content=\"index, follow, max-snippet:-1, max-image-preview:large, max-video-preview:-1\" \/>\n<link rel=\"canonical\" href=\"https:\/\/laprensacristiana.com\/?p=2288\" \/>\n<meta property=\"og:locale\" content=\"es_ES\" \/>\n<meta property=\"og:type\" content=\"article\" \/>\n<meta property=\"og:title\" content=\"Accidente de tr\u00e1nsito, despu\u00e9s de la vigilia - La Prensa Cristiana\" \/>\n<meta property=\"og:description\" content=\"Dios los salvaguard\u00f3 En horas de la ma\u00f1ana se report\u00f3 un accidente automovil\u00edstico, cuando miembros de una iglesia regresaban de una vigilia, en el cant\u00f3n Palo Verde, pasada la actividad se dirig\u00edan rumbo a la Laguna Verde, en Apaneca, departamento de Ahuachap\u00e1n. Fue ah\u00ed en donde el veh\u00edculo en el que se trasladaban le fallaron [&hellip;]\" \/>\n<meta property=\"og:url\" content=\"https:\/\/laprensacristiana.com\/?p=2288\" \/>\n<meta property=\"og:site_name\" content=\"La Prensa Cristiana\" \/>\n<meta property=\"article:published_time\" content=\"2017-01-30T02:58:34+00:00\" \/>\n<meta property=\"article:modified_time\" content=\"2020-07-02T01:15:25+00:00\" \/>\n<meta property=\"og:image\" content=\"https:\/\/laprensacristiana.com\/wp-content\/uploads\/2017\/01\/cruz.jpg\" \/>\n\t<meta property=\"og:image:width\" content=\"1024\" \/>\n\t<meta property=\"og:image:height\" content=\"576\" \/>\n\t<meta property=\"og:image:type\" content=\"image\/jpeg\" \/>\n<meta name=\"author\" content=\"EDITOR\" \/>\n<meta name=\"twitter:card\" content=\"summary_large_image\" \/>\n<meta name=\"twitter:label1\" content=\"Escrito por\" \/>\n\t<meta name=\"twitter:data1\" content=\"EDITOR\" \/>\n\t<meta name=\"twitter:label2\" content=\"Tiempo de lectura\" \/>\n\t<meta name=\"twitter:data2\" content=\"1 minuto\" \/>\n<script type=\"application\/ld+json\" class=\"yoast-schema-graph\">{\"@context\":\"https:\/\/schema.org\",\"@graph\":[{\"@type\":\"WebPage\",\"@id\":\"https:\/\/laprensacristiana.com\/?p=2288\",\"url\":\"https:\/\/laprensacristiana.com\/?p=2288\",\"name\":\"Accidente de tr\u00e1nsito, despu\u00e9s de la vigilia - La Prensa Cristiana\",\"isPartOf\":{\"@id\":\"https:\/\/laprensacristiana.com\/#website\"},\"datePublished\":\"2017-01-30T02:58:34+00:00\",\"dateModified\":\"2020-07-02T01:15:25+00:00\",\"author\":{\"@id\":\"https:\/\/laprensacristiana.com\/#\/schema\/person\/3e7d82c6bfd6b1fa67010f8f7cd5256e\"},\"breadcrumb\":{\"@id\":\"https:\/\/laprensacristiana.com\/?p=2288#breadcrumb\"},\"inLanguage\":\"es\",\"potentialAction\":[{\"@type\":\"ReadAction\",\"target\":[\"https:\/\/laprensacristiana.com\/?p=2288\"]}]},{\"@type\":\"BreadcrumbList\",\"@id\":\"https:\/\/laprensacristiana.com\/?p=2288#breadcrumb\",\"itemListElement\":[{\"@type\":\"ListItem\",\"position\":1,\"name\":\"Portada\",\"item\":\"https:\/\/laprensacristiana.com\/\"},{\"@type\":\"ListItem\",\"position\":2,\"name\":\"Accidente de tr\u00e1nsito, despu\u00e9s de la vigilia\"}]},{\"@type\":\"WebSite\",\"@id\":\"https:\/\/laprensacristiana.com\/#website\",\"url\":\"https:\/\/laprensacristiana.com\/\",\"name\":\"La Prensa Cristiana\",\"description\":\"Anunciando Las Buenas Nuevas\",\"potentialAction\":[{\"@type\":\"SearchAction\",\"target\":{\"@type\":\"EntryPoint\",\"urlTemplate\":\"https:\/\/laprensacristiana.com\/?s={search_term_string}\"},\"query-input\":\"required name=search_term_string\"}],\"inLanguage\":\"es\"},{\"@type\":\"Person\",\"@id\":\"https:\/\/laprensacristiana.com\/#\/schema\/person\/3e7d82c6bfd6b1fa67010f8f7cd5256e\",\"name\":\"EDITOR\",\"image\":{\"@type\":\"ImageObject\",\"inLanguage\":\"es\",\"@id\":\"https:\/\/laprensacristiana.com\/#\/schema\/person\/image\/\",\"url\":\"https:\/\/secure.gravatar.com\/avatar\/72069dfb6c13772d9e8381e3638666d2?s=96&d=mm&r=g\",\"contentUrl\":\"https:\/\/secure.gravatar.com\/avatar\/72069dfb6c13772d9e8381e3638666d2?s=96&d=mm&r=g\",\"caption\":\"EDITOR\"},\"url\":\"https:\/\/laprensacristiana.com\/?author=3\"}]}<\/script>\n<!-- \/ Yoast SEO plugin. -->","yoast_head_json":{"title":"Accidente de tr\u00e1nsito, despu\u00e9s de la vigilia - La Prensa Cristiana","robots":{"index":"index","follow":"follow","max-snippet":"max-snippet:-1","max-image-preview":"max-image-preview:large","max-video-preview":"max-video-preview:-1"},"canonical":"https:\/\/laprensacristiana.com\/?p=2288","og_locale":"es_ES","og_type":"article","og_title":"Accidente de tr\u00e1nsito, despu\u00e9s de la vigilia - La Prensa Cristiana","og_description":"Dios los salvaguard\u00f3 En horas de la ma\u00f1ana se report\u00f3 un accidente automovil\u00edstico, cuando miembros de una iglesia regresaban de una vigilia, en el cant\u00f3n Palo Verde, pasada la actividad se dirig\u00edan rumbo a la Laguna Verde, en Apaneca, departamento de Ahuachap\u00e1n. Fue ah\u00ed en donde el veh\u00edculo en el que se trasladaban le fallaron [&hellip;]","og_url":"https:\/\/laprensacristiana.com\/?p=2288","og_site_name":"La Prensa Cristiana","article_published_time":"2017-01-30T02:58:34+00:00","article_modified_time":"2020-07-02T01:15:25+00:00","og_image":[{"width":1024,"height":576,"url":"https:\/\/laprensacristiana.com\/wp-content\/uploads\/2017\/01\/cruz.jpg","type":"image\/jpeg"}],"author":"EDITOR","twitter_card":"summary_large_image","twitter_misc":{"Escrito por":"EDITOR","Tiempo de lectura":"1 minuto"},"schema":{"@context":"https:\/\/schema.org","@graph":[{"@type":"WebPage","@id":"https:\/\/laprensacristiana.com\/?p=2288","url":"https:\/\/laprensacristiana.com\/?p=2288","name":"Accidente de tr\u00e1nsito, despu\u00e9s de la vigilia - La Prensa Cristiana","isPartOf":{"@id":"https:\/\/laprensacristiana.com\/#website"},"datePublished":"2017-01-30T02:58:34+00:00","dateModified":"2020-07-02T01:15:25+00:00","author":{"@id":"https:\/\/laprensacristiana.com\/#\/schema\/person\/3e7d82c6bfd6b1fa67010f8f7cd5256e"},"breadcrumb":{"@id":"https:\/\/laprensacristiana.com\/?p=2288#breadcrumb"},"inLanguage":"es","potentialAction":[{"@type":"ReadAction","target":["https:\/\/laprensacristiana.com\/?p=2288"]}]},{"@type":"BreadcrumbList","@id":"https:\/\/laprensacristiana.com\/?p=2288#breadcrumb","itemListElement":[{"@type":"ListItem","position":1,"name":"Portada","item":"https:\/\/laprensacristiana.com\/"},{"@type":"ListItem","position":2,"name":"Accidente de tr\u00e1nsito, despu\u00e9s de la vigilia"}]},{"@type":"WebSite","@id":"https:\/\/laprensacristiana.com\/#website","url":"https:\/\/laprensacristiana.com\/","name":"La Prensa Cristiana","description":"Anunciando Las Buenas Nuevas","potentialAction":[{"@type":"SearchAction","target":{"@type":"EntryPoint","urlTemplate":"https:\/\/laprensacristiana.com\/?s={search_term_string}"},"query-input":"required name=search_term_string"}],"inLanguage":"es"},{"@type":"Person","@id":"https:\/\/laprensacristiana.com\/#\/schema\/person\/3e7d82c6bfd6b1fa67010f8f7cd5256e","name":"EDITOR","image":{"@type":"ImageObject","inLanguage":"es","@id":"https:\/\/laprensacristiana.com\/#\/schema\/person\/image\/","url":"https:\/\/secure.gravatar.com\/avatar\/72069dfb6c13772d9e8381e3638666d2?s=96&d=mm&r=g","contentUrl":"https:\/\/secure.gravatar.com\/avatar\/72069dfb6c13772d9e8381e3638666d2?s=96&d=mm&r=g","caption":"EDITOR"},"url":"https:\/\/laprensacristiana.com\/?author=3"}]}},"_links":{"self":[{"href":"https:\/\/laprensacristiana.com\/index.php?rest_route=\/wp\/v2\/posts\/2288"}],"collection":[{"href":"https:\/\/laprensacristiana.com\/index.php?rest_route=\/wp\/v2\/posts"}],"about":[{"href":"https:\/\/laprensacristiana.com\/index.php?rest_route=\/wp\/v2\/types\/post"}],"author":[{"embeddable":true,"href":"https:\/\/laprensacristiana.com\/index.php?rest_route=\/wp\/v2\/users\/3"}],"replies":[{"embeddable":true,"href":"https:\/\/laprensacristiana.com\/index.php?rest_route=%2Fwp%2Fv2%2Fcomments&post=2288"}],"version-history":[{"count":1,"href":"https:\/\/laprensacristiana.com\/index.php?rest_route=\/wp\/v2\/posts\/2288\/revisions"}],"predecessor-version":[{"id":2290,"href":"https:\/\/laprensacristiana.com\/index.php?rest_route=\/wp\/v2\/posts\/2288\/revisions\/2290"}],"wp:featuredmedia":[{"embeddable":true,"href":"https:\/\/laprensacristiana.com\/index.php?rest_route=\/wp\/v2\/media\/2289"}],"wp:attachment":[{"href":"https:\/\/laprensacristiana.com\/index.php?rest_route=%2Fwp%2Fv2%2Fmedia&parent=2288"}],"wp:term":[{"taxonomy":"category","embeddable":true,"href":"https:\/\/laprensacristiana.com\/index.php?rest_route=%2Fwp%2Fv2%2Fcategories&post=2288"},{"taxonomy":"post_tag","embeddable":true,"href":"https:\/\/laprensacristiana.com\/index.php?rest_route=%2Fwp%2Fv2%2Ftags&post=2288"}],"curies":[{"name":"wp","href":"https:\/\/api.w.org\/{rel}","templated":true}]}}