{"id":2302,"date":"2017-01-30T21:54:53","date_gmt":"2017-01-30T21:54:53","guid":{"rendered":"https:\/\/laprensacristiana.com\/?p=2302"},"modified":"2017-01-30T21:54:53","modified_gmt":"2017-01-30T21:54:53","slug":"las-medidas-extraordinarias-para-la-seguridad-renovacion-automatica","status":"publish","type":"post","link":"https:\/\/laprensacristiana.com\/?p=2302","title":{"rendered":"Las medidas extraordinarias para la seguridad, \u00bfrenovaci\u00f3n autom\u00e1tica?"},"content":{"rendered":"<div class=\"parrafos\">\n<p class=\"sumario\">El 31 de marzo de 2016 de manera un\u00e1nime con 84 votos de la Asamblea Legislativa en pleno se aprob\u00f3 el decreto transitorio n.\u00ba 321 DISPOSICIONES ESPECIALES TRANSITORIAS Y EXTRAORDINARIAS EN LOS CENTROS PENITENCIARIOS, GRANJAS PENITENCIARIAS, CENTROS INTERMEDIOS Y CENTROS TEMPORALES DE RECLUSI\u00d3N, con catorce acciones espec\u00edficas, est\u00e1n por cumplirse diez meses de su implementaci\u00f3n de dichas medidas que inclu\u00edan entre otras: traslados de reos, r\u00e9gimen especial de internamiento, suspensi\u00f3n de visitas en los siete centros penitenciarios solicitados, suspensi\u00f3n de traslados de privados de libertad a las audiencias judiciales, restringir movilidad de los reos en los centros penales bajo las disposiciones, suspensi\u00f3n de plazos y t\u00e9rminos procesales para evitar que proscriban los delitos, mayores facultades y acciones para evitar el flujo y tr\u00e1fico de telecomunicaciones en los penales.s<\/p>\n<div class=\"nota\">De todas estas acciones es de reconocer que la restricci\u00f3n de comunicaciones no solo v\u00eda telefon\u00eda m\u00f3vil, sino de otras tecnolog\u00edas que operaban con libertad, se convierte en una decisi\u00f3n valiente impulsada por el gobierno al enfrentar a las operadoras de telefon\u00eda cortando el flujo libre de comunicaci\u00f3n que por a\u00f1os imperaba en todo el sistema penitenciario y que permit\u00eda el mando control de las estructuras de pandillas desde el interior de los centros penitenciarios exclusivos para cada pandilla.<\/p>\n<p>La disminuci\u00f3n de los homicidios permiti\u00f3 al pa\u00eds reducir mas de veintitr\u00e9s puntos en su tasa anual de homicidios (81.20) saliendo del nada honroso primer lugar en cr\u00edmenes a nivel mundial para el a\u00f1o reci\u00e9n pasado, registrar la mayor reducci\u00f3n de tasa y n\u00famero de homicidios en el tri\u00e1ngulo norte, y bajar doce posiciones en el \u00cdndice de Paz Global 2016. Es innegable que hubo un cambio en las disposiciones para combate y represi\u00f3n del delito de manera frontal, decidida y contundente. Es mi opini\u00f3n que las medidas extraordinarias deben de renovarse como m\u00ednimo al treinta y uno de diciembre del presente a\u00f1o para permitir evaluar un a\u00f1o calendario completo, y para eso mi proyecci\u00f3n es que deber\u00eda registrarse una disminuci\u00f3n de tasa de homicidios anuales 2017 que oscile entre 50-55 por cada cien mil habitantes, lo que es equivalente a una reducci\u00f3n anual de un mil quinientos a dos mil muertes violentas, para una disminuci\u00f3n de cinco puntos en homicidios diarios anuales.<\/p>\n<p>Lo que considero vital es efectuar una revisi\u00f3n previo a la renovaci\u00f3n sobre las condiciones de salud y hacinamiento de los seis centros penitenciarios bajo dichas disposiciones garantizando de inmediato la atenci\u00f3n m\u00e9dica, sus derechos humanos y constitucionales, no existe ser humano que se resista a un trato digno y de respeto; que el manejo de los recursos especiales y contribuciones sea asignado al ministro de Justicia y Seguridad para mejorar el traslado, operaciones y manejo; reforzar a la FGR y PNC con porcentajes determinados en el decreto; establecer un reporte mensual detallado del ingreso y gasto de la contribuci\u00f3n especial; definir el monto mensual a entregar a la miembros de la PNC y fechas de pago para no incumplir y reforzar las inspector\u00edas de la FGR, PNC, FAES y Procuradur\u00eda de los Derechos Humanos para garantizar que se respeten los derechos humanos.<\/p><\/div>\n<\/div>\n<p>&nbsp;<\/p>\n","protected":false},"excerpt":{"rendered":"<p>El 31 de marzo de 2016 de manera un\u00e1nime con 84 votos de la Asamblea Legislativa en pleno se aprob\u00f3 el decreto transitorio n.\u00ba 321 DISPOSICIONES ESPECIALES TRANSITORIAS Y EXTRAORDINARIAS EN LOS CENTROS PENITENCIARIOS, GRANJAS PENITENCIARIAS, CENTROS INTERMEDIOS Y CENTROS TEMPORALES DE RECLUSI\u00d3N, con catorce acciones espec\u00edficas, est\u00e1n por cumplirse diez meses de su implementaci\u00f3n [&hellip;]<\/p>\n","protected":false},"author":3,"featured_media":1748,"comment_status":"open","ping_status":"open","sticky":false,"template":"","format":"standard","meta":[],"categories":[23],"tags":[],"yoast_head":"<!-- This site is optimized with the Yoast SEO plugin v20.8 - https:\/\/yoast.com\/wordpress\/plugins\/seo\/ -->\n<title>Las medidas extraordinarias para la seguridad, \u00bfrenovaci\u00f3n autom\u00e1tica? - La Prensa Cristiana<\/title>\n<meta name=\"robots\" content=\"index, follow, max-snippet:-1, max-image-preview:large, max-video-preview:-1\" \/>\n<link rel=\"canonical\" href=\"https:\/\/laprensacristiana.com\/?p=2302\" \/>\n<meta property=\"og:locale\" content=\"es_ES\" \/>\n<meta property=\"og:type\" content=\"article\" \/>\n<meta property=\"og:title\" content=\"Las medidas extraordinarias para la seguridad, \u00bfrenovaci\u00f3n autom\u00e1tica? - La Prensa Cristiana\" \/>\n<meta property=\"og:description\" content=\"El 31 de marzo de 2016 de manera un\u00e1nime con 84 votos de la Asamblea Legislativa en pleno se aprob\u00f3 el decreto transitorio n.\u00ba 321 DISPOSICIONES ESPECIALES TRANSITORIAS Y EXTRAORDINARIAS EN LOS CENTROS PENITENCIARIOS, GRANJAS PENITENCIARIAS, CENTROS INTERMEDIOS Y CENTROS TEMPORALES DE RECLUSI\u00d3N, con catorce acciones espec\u00edficas, est\u00e1n por cumplirse diez meses de su implementaci\u00f3n [&hellip;]\" \/>\n<meta property=\"og:url\" content=\"https:\/\/laprensacristiana.com\/?p=2302\" \/>\n<meta property=\"og:site_name\" content=\"La Prensa Cristiana\" \/>\n<meta property=\"article:published_time\" content=\"2017-01-30T21:54:53+00:00\" \/>\n<meta property=\"og:image\" content=\"https:\/\/laprensacristiana.com\/wp-content\/uploads\/2016\/10\/OPINION-RICARDO-SOSA-01-scaled.jpg\" \/>\n\t<meta property=\"og:image:width\" content=\"2560\" \/>\n\t<meta property=\"og:image:height\" content=\"1429\" \/>\n\t<meta property=\"og:image:type\" content=\"image\/jpeg\" \/>\n<meta name=\"author\" content=\"EDITOR\" \/>\n<meta name=\"twitter:card\" content=\"summary_large_image\" \/>\n<meta name=\"twitter:label1\" content=\"Escrito por\" \/>\n\t<meta name=\"twitter:data1\" content=\"EDITOR\" \/>\n\t<meta name=\"twitter:label2\" content=\"Tiempo de lectura\" \/>\n\t<meta name=\"twitter:data2\" content=\"3 minutos\" \/>\n<script type=\"application\/ld+json\" class=\"yoast-schema-graph\">{\"@context\":\"https:\/\/schema.org\",\"@graph\":[{\"@type\":\"WebPage\",\"@id\":\"https:\/\/laprensacristiana.com\/?p=2302\",\"url\":\"https:\/\/laprensacristiana.com\/?p=2302\",\"name\":\"Las medidas extraordinarias para la seguridad, \u00bfrenovaci\u00f3n autom\u00e1tica? - La Prensa Cristiana\",\"isPartOf\":{\"@id\":\"https:\/\/laprensacristiana.com\/#website\"},\"datePublished\":\"2017-01-30T21:54:53+00:00\",\"dateModified\":\"2017-01-30T21:54:53+00:00\",\"author\":{\"@id\":\"https:\/\/laprensacristiana.com\/#\/schema\/person\/3e7d82c6bfd6b1fa67010f8f7cd5256e\"},\"breadcrumb\":{\"@id\":\"https:\/\/laprensacristiana.com\/?p=2302#breadcrumb\"},\"inLanguage\":\"es\",\"potentialAction\":[{\"@type\":\"ReadAction\",\"target\":[\"https:\/\/laprensacristiana.com\/?p=2302\"]}]},{\"@type\":\"BreadcrumbList\",\"@id\":\"https:\/\/laprensacristiana.com\/?p=2302#breadcrumb\",\"itemListElement\":[{\"@type\":\"ListItem\",\"position\":1,\"name\":\"Portada\",\"item\":\"https:\/\/laprensacristiana.com\/\"},{\"@type\":\"ListItem\",\"position\":2,\"name\":\"Las medidas extraordinarias para la seguridad, \u00bfrenovaci\u00f3n autom\u00e1tica?\"}]},{\"@type\":\"WebSite\",\"@id\":\"https:\/\/laprensacristiana.com\/#website\",\"url\":\"https:\/\/laprensacristiana.com\/\",\"name\":\"La Prensa Cristiana\",\"description\":\"Anunciando Las Buenas Nuevas\",\"potentialAction\":[{\"@type\":\"SearchAction\",\"target\":{\"@type\":\"EntryPoint\",\"urlTemplate\":\"https:\/\/laprensacristiana.com\/?s={search_term_string}\"},\"query-input\":\"required name=search_term_string\"}],\"inLanguage\":\"es\"},{\"@type\":\"Person\",\"@id\":\"https:\/\/laprensacristiana.com\/#\/schema\/person\/3e7d82c6bfd6b1fa67010f8f7cd5256e\",\"name\":\"EDITOR\",\"image\":{\"@type\":\"ImageObject\",\"inLanguage\":\"es\",\"@id\":\"https:\/\/laprensacristiana.com\/#\/schema\/person\/image\/\",\"url\":\"https:\/\/secure.gravatar.com\/avatar\/72069dfb6c13772d9e8381e3638666d2?s=96&d=mm&r=g\",\"contentUrl\":\"https:\/\/secure.gravatar.com\/avatar\/72069dfb6c13772d9e8381e3638666d2?s=96&d=mm&r=g\",\"caption\":\"EDITOR\"},\"url\":\"https:\/\/laprensacristiana.com\/?author=3\"}]}<\/script>\n<!-- \/ Yoast SEO plugin. -->","yoast_head_json":{"title":"Las medidas extraordinarias para la seguridad, \u00bfrenovaci\u00f3n autom\u00e1tica? - La Prensa Cristiana","robots":{"index":"index","follow":"follow","max-snippet":"max-snippet:-1","max-image-preview":"max-image-preview:large","max-video-preview":"max-video-preview:-1"},"canonical":"https:\/\/laprensacristiana.com\/?p=2302","og_locale":"es_ES","og_type":"article","og_title":"Las medidas extraordinarias para la seguridad, \u00bfrenovaci\u00f3n autom\u00e1tica? - La Prensa Cristiana","og_description":"El 31 de marzo de 2016 de manera un\u00e1nime con 84 votos de la Asamblea Legislativa en pleno se aprob\u00f3 el decreto transitorio n.\u00ba 321 DISPOSICIONES ESPECIALES TRANSITORIAS Y EXTRAORDINARIAS EN LOS CENTROS PENITENCIARIOS, GRANJAS PENITENCIARIAS, CENTROS INTERMEDIOS Y CENTROS TEMPORALES DE RECLUSI\u00d3N, con catorce acciones espec\u00edficas, est\u00e1n por cumplirse diez meses de su implementaci\u00f3n [&hellip;]","og_url":"https:\/\/laprensacristiana.com\/?p=2302","og_site_name":"La Prensa Cristiana","article_published_time":"2017-01-30T21:54:53+00:00","og_image":[{"width":2560,"height":1429,"url":"https:\/\/laprensacristiana.com\/wp-content\/uploads\/2016\/10\/OPINION-RICARDO-SOSA-01-scaled.jpg","type":"image\/jpeg"}],"author":"EDITOR","twitter_card":"summary_large_image","twitter_misc":{"Escrito por":"EDITOR","Tiempo de lectura":"3 minutos"},"schema":{"@context":"https:\/\/schema.org","@graph":[{"@type":"WebPage","@id":"https:\/\/laprensacristiana.com\/?p=2302","url":"https:\/\/laprensacristiana.com\/?p=2302","name":"Las medidas extraordinarias para la seguridad, \u00bfrenovaci\u00f3n autom\u00e1tica? - La Prensa Cristiana","isPartOf":{"@id":"https:\/\/laprensacristiana.com\/#website"},"datePublished":"2017-01-30T21:54:53+00:00","dateModified":"2017-01-30T21:54:53+00:00","author":{"@id":"https:\/\/laprensacristiana.com\/#\/schema\/person\/3e7d82c6bfd6b1fa67010f8f7cd5256e"},"breadcrumb":{"@id":"https:\/\/laprensacristiana.com\/?p=2302#breadcrumb"},"inLanguage":"es","potentialAction":[{"@type":"ReadAction","target":["https:\/\/laprensacristiana.com\/?p=2302"]}]},{"@type":"BreadcrumbList","@id":"https:\/\/laprensacristiana.com\/?p=2302#breadcrumb","itemListElement":[{"@type":"ListItem","position":1,"name":"Portada","item":"https:\/\/laprensacristiana.com\/"},{"@type":"ListItem","position":2,"name":"Las medidas extraordinarias para la seguridad, \u00bfrenovaci\u00f3n autom\u00e1tica?"}]},{"@type":"WebSite","@id":"https:\/\/laprensacristiana.com\/#website","url":"https:\/\/laprensacristiana.com\/","name":"La Prensa Cristiana","description":"Anunciando Las Buenas Nuevas","potentialAction":[{"@type":"SearchAction","target":{"@type":"EntryPoint","urlTemplate":"https:\/\/laprensacristiana.com\/?s={search_term_string}"},"query-input":"required name=search_term_string"}],"inLanguage":"es"},{"@type":"Person","@id":"https:\/\/laprensacristiana.com\/#\/schema\/person\/3e7d82c6bfd6b1fa67010f8f7cd5256e","name":"EDITOR","image":{"@type":"ImageObject","inLanguage":"es","@id":"https:\/\/laprensacristiana.com\/#\/schema\/person\/image\/","url":"https:\/\/secure.gravatar.com\/avatar\/72069dfb6c13772d9e8381e3638666d2?s=96&d=mm&r=g","contentUrl":"https:\/\/secure.gravatar.com\/avatar\/72069dfb6c13772d9e8381e3638666d2?s=96&d=mm&r=g","caption":"EDITOR"},"url":"https:\/\/laprensacristiana.com\/?author=3"}]}},"_links":{"self":[{"href":"https:\/\/laprensacristiana.com\/index.php?rest_route=\/wp\/v2\/posts\/2302"}],"collection":[{"href":"https:\/\/laprensacristiana.com\/index.php?rest_route=\/wp\/v2\/posts"}],"about":[{"href":"https:\/\/laprensacristiana.com\/index.php?rest_route=\/wp\/v2\/types\/post"}],"author":[{"embeddable":true,"href":"https:\/\/laprensacristiana.com\/index.php?rest_route=\/wp\/v2\/users\/3"}],"replies":[{"embeddable":true,"href":"https:\/\/laprensacristiana.com\/index.php?rest_route=%2Fwp%2Fv2%2Fcomments&post=2302"}],"version-history":[{"count":1,"href":"https:\/\/laprensacristiana.com\/index.php?rest_route=\/wp\/v2\/posts\/2302\/revisions"}],"predecessor-version":[{"id":2303,"href":"https:\/\/laprensacristiana.com\/index.php?rest_route=\/wp\/v2\/posts\/2302\/revisions\/2303"}],"wp:featuredmedia":[{"embeddable":true,"href":"https:\/\/laprensacristiana.com\/index.php?rest_route=\/wp\/v2\/media\/1748"}],"wp:attachment":[{"href":"https:\/\/laprensacristiana.com\/index.php?rest_route=%2Fwp%2Fv2%2Fmedia&parent=2302"}],"wp:term":[{"taxonomy":"category","embeddable":true,"href":"https:\/\/laprensacristiana.com\/index.php?rest_route=%2Fwp%2Fv2%2Fcategories&post=2302"},{"taxonomy":"post_tag","embeddable":true,"href":"https:\/\/laprensacristiana.com\/index.php?rest_route=%2Fwp%2Fv2%2Ftags&post=2302"}],"curies":[{"name":"wp","href":"https:\/\/api.w.org\/{rel}","templated":true}]}}