{"id":2315,"date":"2017-02-03T21:17:18","date_gmt":"2017-02-03T21:17:18","guid":{"rendered":"https:\/\/laprensacristiana.com\/?p=2315"},"modified":"2020-07-02T01:13:54","modified_gmt":"2020-07-02T01:13:54","slug":"formando-adoradores-con-el-caracter-de-cristo","status":"publish","type":"post","link":"https:\/\/laprensacristiana.com\/?p=2315","title":{"rendered":"\u00abFormando Adoradores con el Car\u00e1cter de Cristo\u00bb"},"content":{"rendered":"<h4>Buscan la forma de capacitar, a quienes se encargan de adorar dentro de las iglesias.<\/h4>\n<p>La organizaci\u00f3n Integral Ministros al M\u00e1ximo y Aliento Music School realizar\u00e1 el pr\u00f3ximo s\u00e1bado 25 de febrero un seminario denominado <strong><em>\u201cFormando Adoradores con el Car\u00e1cter de Cristo\u201d. <\/em><\/strong>En\u00a0la Iglesia del Camino. De 8:00 de la ma\u00f1ana a 3:30 de la tarde.<\/p>\n<p>Actividad que estar\u00e1 dirigida para pastores, l\u00edderes, m\u00fasicos y el p\u00fablico en general. \u00a0La idea es capacitar y dar herramientas a los ministros de adoraci\u00f3n del pa\u00eds. El seminario, se ha dividido en dos partes: uno con el tema <strong><em>\u201cDirecci\u00f3n de alabanza, ensamble y tecnolog\u00eda\u201d<\/em><\/strong> impartido por Miguel Gallegos (director musical de Marco Barrientos y director de Aliento Music School) y el otro: <strong><em>\u201cFormando el car\u00e1cter de un adorador\u201d<\/em><\/strong>\u00a0 impartido por Marcos Barrientos y Alex Navas.<\/p>\n<p><strong><em>\u201cHay dos columnas principales, una es la predica, la palabra de Dios y la otra es la alabanza y la adoraci\u00f3n, si hacemos un balance, los tiempos compartidos son muy parecidos; hemos sido muy cr\u00edticos con la preparaci\u00f3n del pastor pero no con la preparaci\u00f3n del ministerio de alabanza; que estas personas que llevan la adoraci\u00f3n est\u00e9n capacitados, con un fundamento b\u00edblico\u201d.<\/em><\/strong> Expres\u00f3 Alex Navas, organizador del evento.<\/p>\n<p>Adem\u00e1s mencion\u00f3 que, durante el a\u00f1o se realizar\u00e1n talleres b\u00e1sicos, por lo menos cada dos meses y para sorpresa de muchos, en septiembre se tiene agendado un evento grande.<\/p>\n<p>Boletos a la venta en Librerias Josue, Libreria Bautista e Iglesia del Camino. Cupo limitado<\/p>\n","protected":false},"excerpt":{"rendered":"<p>Buscan la forma de capacitar, a quienes se encargan de adorar dentro de las iglesias. La organizaci\u00f3n Integral Ministros al M\u00e1ximo y Aliento Music School realizar\u00e1 el pr\u00f3ximo s\u00e1bado 25 de febrero un seminario denominado \u201cFormando Adoradores con el Car\u00e1cter de Cristo\u201d. En\u00a0la Iglesia del Camino. De 8:00 de la ma\u00f1ana a 3:30 de la [&hellip;]<\/p>\n","protected":false},"author":3,"featured_media":2316,"comment_status":"open","ping_status":"open","sticky":false,"template":"","format":"standard","meta":[],"categories":[101],"tags":[],"yoast_head":"<!-- This site is optimized with the Yoast SEO plugin v20.8 - https:\/\/yoast.com\/wordpress\/plugins\/seo\/ -->\n<title>&quot;Formando Adoradores con el Car\u00e1cter de Cristo&quot; - La Prensa Cristiana<\/title>\n<meta name=\"robots\" content=\"index, follow, max-snippet:-1, max-image-preview:large, max-video-preview:-1\" \/>\n<link rel=\"canonical\" href=\"https:\/\/laprensacristiana.com\/?p=2315\" \/>\n<meta property=\"og:locale\" content=\"es_ES\" \/>\n<meta property=\"og:type\" content=\"article\" \/>\n<meta property=\"og:title\" content=\"&quot;Formando Adoradores con el Car\u00e1cter de Cristo&quot; - La Prensa Cristiana\" \/>\n<meta property=\"og:description\" content=\"Buscan la forma de capacitar, a quienes se encargan de adorar dentro de las iglesias. La organizaci\u00f3n Integral Ministros al M\u00e1ximo y Aliento Music School realizar\u00e1 el pr\u00f3ximo s\u00e1bado 25 de febrero un seminario denominado \u201cFormando Adoradores con el Car\u00e1cter de Cristo\u201d. En\u00a0la Iglesia del Camino. De 8:00 de la ma\u00f1ana a 3:30 de la [&hellip;]\" \/>\n<meta property=\"og:url\" content=\"https:\/\/laprensacristiana.com\/?p=2315\" \/>\n<meta property=\"og:site_name\" content=\"La Prensa Cristiana\" \/>\n<meta property=\"article:published_time\" content=\"2017-02-03T21:17:18+00:00\" \/>\n<meta property=\"article:modified_time\" content=\"2020-07-02T01:13:54+00:00\" \/>\n<meta property=\"og:image\" content=\"https:\/\/laprensacristiana.com\/wp-content\/uploads\/2017\/02\/13.jpg\" \/>\n\t<meta property=\"og:image:width\" content=\"720\" \/>\n\t<meta property=\"og:image:height\" content=\"932\" \/>\n\t<meta property=\"og:image:type\" content=\"image\/jpeg\" \/>\n<meta name=\"author\" content=\"EDITOR\" \/>\n<meta name=\"twitter:card\" content=\"summary_large_image\" \/>\n<meta name=\"twitter:label1\" content=\"Escrito por\" \/>\n\t<meta name=\"twitter:data1\" content=\"EDITOR\" \/>\n\t<meta name=\"twitter:label2\" content=\"Tiempo de lectura\" \/>\n\t<meta name=\"twitter:data2\" content=\"1 minuto\" \/>\n<script type=\"application\/ld+json\" class=\"yoast-schema-graph\">{\"@context\":\"https:\/\/schema.org\",\"@graph\":[{\"@type\":\"WebPage\",\"@id\":\"https:\/\/laprensacristiana.com\/?p=2315\",\"url\":\"https:\/\/laprensacristiana.com\/?p=2315\",\"name\":\"\\\"Formando Adoradores con el Car\u00e1cter de Cristo\\\" - La Prensa Cristiana\",\"isPartOf\":{\"@id\":\"https:\/\/laprensacristiana.com\/#website\"},\"datePublished\":\"2017-02-03T21:17:18+00:00\",\"dateModified\":\"2020-07-02T01:13:54+00:00\",\"author\":{\"@id\":\"https:\/\/laprensacristiana.com\/#\/schema\/person\/3e7d82c6bfd6b1fa67010f8f7cd5256e\"},\"breadcrumb\":{\"@id\":\"https:\/\/laprensacristiana.com\/?p=2315#breadcrumb\"},\"inLanguage\":\"es\",\"potentialAction\":[{\"@type\":\"ReadAction\",\"target\":[\"https:\/\/laprensacristiana.com\/?p=2315\"]}]},{\"@type\":\"BreadcrumbList\",\"@id\":\"https:\/\/laprensacristiana.com\/?p=2315#breadcrumb\",\"itemListElement\":[{\"@type\":\"ListItem\",\"position\":1,\"name\":\"Portada\",\"item\":\"https:\/\/laprensacristiana.com\/\"},{\"@type\":\"ListItem\",\"position\":2,\"name\":\"\u00abFormando Adoradores con el Car\u00e1cter de Cristo\u00bb\"}]},{\"@type\":\"WebSite\",\"@id\":\"https:\/\/laprensacristiana.com\/#website\",\"url\":\"https:\/\/laprensacristiana.com\/\",\"name\":\"La Prensa Cristiana\",\"description\":\"Anunciando Las Buenas Nuevas\",\"potentialAction\":[{\"@type\":\"SearchAction\",\"target\":{\"@type\":\"EntryPoint\",\"urlTemplate\":\"https:\/\/laprensacristiana.com\/?s={search_term_string}\"},\"query-input\":\"required name=search_term_string\"}],\"inLanguage\":\"es\"},{\"@type\":\"Person\",\"@id\":\"https:\/\/laprensacristiana.com\/#\/schema\/person\/3e7d82c6bfd6b1fa67010f8f7cd5256e\",\"name\":\"EDITOR\",\"image\":{\"@type\":\"ImageObject\",\"inLanguage\":\"es\",\"@id\":\"https:\/\/laprensacristiana.com\/#\/schema\/person\/image\/\",\"url\":\"https:\/\/secure.gravatar.com\/avatar\/72069dfb6c13772d9e8381e3638666d2?s=96&d=mm&r=g\",\"contentUrl\":\"https:\/\/secure.gravatar.com\/avatar\/72069dfb6c13772d9e8381e3638666d2?s=96&d=mm&r=g\",\"caption\":\"EDITOR\"},\"url\":\"https:\/\/laprensacristiana.com\/?author=3\"}]}<\/script>\n<!-- \/ Yoast SEO plugin. -->","yoast_head_json":{"title":"\"Formando Adoradores con el Car\u00e1cter de Cristo\" - La Prensa Cristiana","robots":{"index":"index","follow":"follow","max-snippet":"max-snippet:-1","max-image-preview":"max-image-preview:large","max-video-preview":"max-video-preview:-1"},"canonical":"https:\/\/laprensacristiana.com\/?p=2315","og_locale":"es_ES","og_type":"article","og_title":"\"Formando Adoradores con el Car\u00e1cter de Cristo\" - La Prensa Cristiana","og_description":"Buscan la forma de capacitar, a quienes se encargan de adorar dentro de las iglesias. La organizaci\u00f3n Integral Ministros al M\u00e1ximo y Aliento Music School realizar\u00e1 el pr\u00f3ximo s\u00e1bado 25 de febrero un seminario denominado \u201cFormando Adoradores con el Car\u00e1cter de Cristo\u201d. En\u00a0la Iglesia del Camino. De 8:00 de la ma\u00f1ana a 3:30 de la [&hellip;]","og_url":"https:\/\/laprensacristiana.com\/?p=2315","og_site_name":"La Prensa Cristiana","article_published_time":"2017-02-03T21:17:18+00:00","article_modified_time":"2020-07-02T01:13:54+00:00","og_image":[{"width":720,"height":932,"url":"https:\/\/laprensacristiana.com\/wp-content\/uploads\/2017\/02\/13.jpg","type":"image\/jpeg"}],"author":"EDITOR","twitter_card":"summary_large_image","twitter_misc":{"Escrito por":"EDITOR","Tiempo de lectura":"1 minuto"},"schema":{"@context":"https:\/\/schema.org","@graph":[{"@type":"WebPage","@id":"https:\/\/laprensacristiana.com\/?p=2315","url":"https:\/\/laprensacristiana.com\/?p=2315","name":"\"Formando Adoradores con el Car\u00e1cter de Cristo\" - La Prensa Cristiana","isPartOf":{"@id":"https:\/\/laprensacristiana.com\/#website"},"datePublished":"2017-02-03T21:17:18+00:00","dateModified":"2020-07-02T01:13:54+00:00","author":{"@id":"https:\/\/laprensacristiana.com\/#\/schema\/person\/3e7d82c6bfd6b1fa67010f8f7cd5256e"},"breadcrumb":{"@id":"https:\/\/laprensacristiana.com\/?p=2315#breadcrumb"},"inLanguage":"es","potentialAction":[{"@type":"ReadAction","target":["https:\/\/laprensacristiana.com\/?p=2315"]}]},{"@type":"BreadcrumbList","@id":"https:\/\/laprensacristiana.com\/?p=2315#breadcrumb","itemListElement":[{"@type":"ListItem","position":1,"name":"Portada","item":"https:\/\/laprensacristiana.com\/"},{"@type":"ListItem","position":2,"name":"\u00abFormando Adoradores con el Car\u00e1cter de Cristo\u00bb"}]},{"@type":"WebSite","@id":"https:\/\/laprensacristiana.com\/#website","url":"https:\/\/laprensacristiana.com\/","name":"La Prensa Cristiana","description":"Anunciando Las Buenas Nuevas","potentialAction":[{"@type":"SearchAction","target":{"@type":"EntryPoint","urlTemplate":"https:\/\/laprensacristiana.com\/?s={search_term_string}"},"query-input":"required name=search_term_string"}],"inLanguage":"es"},{"@type":"Person","@id":"https:\/\/laprensacristiana.com\/#\/schema\/person\/3e7d82c6bfd6b1fa67010f8f7cd5256e","name":"EDITOR","image":{"@type":"ImageObject","inLanguage":"es","@id":"https:\/\/laprensacristiana.com\/#\/schema\/person\/image\/","url":"https:\/\/secure.gravatar.com\/avatar\/72069dfb6c13772d9e8381e3638666d2?s=96&d=mm&r=g","contentUrl":"https:\/\/secure.gravatar.com\/avatar\/72069dfb6c13772d9e8381e3638666d2?s=96&d=mm&r=g","caption":"EDITOR"},"url":"https:\/\/laprensacristiana.com\/?author=3"}]}},"_links":{"self":[{"href":"https:\/\/laprensacristiana.com\/index.php?rest_route=\/wp\/v2\/posts\/2315"}],"collection":[{"href":"https:\/\/laprensacristiana.com\/index.php?rest_route=\/wp\/v2\/posts"}],"about":[{"href":"https:\/\/laprensacristiana.com\/index.php?rest_route=\/wp\/v2\/types\/post"}],"author":[{"embeddable":true,"href":"https:\/\/laprensacristiana.com\/index.php?rest_route=\/wp\/v2\/users\/3"}],"replies":[{"embeddable":true,"href":"https:\/\/laprensacristiana.com\/index.php?rest_route=%2Fwp%2Fv2%2Fcomments&post=2315"}],"version-history":[{"count":3,"href":"https:\/\/laprensacristiana.com\/index.php?rest_route=\/wp\/v2\/posts\/2315\/revisions"}],"predecessor-version":[{"id":2319,"href":"https:\/\/laprensacristiana.com\/index.php?rest_route=\/wp\/v2\/posts\/2315\/revisions\/2319"}],"wp:featuredmedia":[{"embeddable":true,"href":"https:\/\/laprensacristiana.com\/index.php?rest_route=\/wp\/v2\/media\/2316"}],"wp:attachment":[{"href":"https:\/\/laprensacristiana.com\/index.php?rest_route=%2Fwp%2Fv2%2Fmedia&parent=2315"}],"wp:term":[{"taxonomy":"category","embeddable":true,"href":"https:\/\/laprensacristiana.com\/index.php?rest_route=%2Fwp%2Fv2%2Fcategories&post=2315"},{"taxonomy":"post_tag","embeddable":true,"href":"https:\/\/laprensacristiana.com\/index.php?rest_route=%2Fwp%2Fv2%2Ftags&post=2315"}],"curies":[{"name":"wp","href":"https:\/\/api.w.org\/{rel}","templated":true}]}}