{"id":2325,"date":"2017-02-07T22:19:06","date_gmt":"2017-02-07T22:19:06","guid":{"rendered":"https:\/\/laprensacristiana.com\/?p=2325"},"modified":"2020-07-02T01:13:28","modified_gmt":"2020-07-02T01:13:28","slug":"armando-sanchez-presenta-su-video-me-amas","status":"publish","type":"post","link":"https:\/\/laprensacristiana.com\/?p=2325","title":{"rendered":"Armando S\u00e1nchez, presenta su video \u00abMe amas\u00bb"},"content":{"rendered":"<p>Armando S\u00e1nchez, cantante puertorrique\u00f1o, lleg\u00f3 a los Estados Unidos para realizar su gira denominada \u00abMetanoia\u00bb (de su autor\u00eda) y hacer la presentaci\u00f3n oficial de el video de su m\u00e1s reciente canci\u00f3n llamada \u00abMe amas\u00bb.<\/p>\n<p>la gira iniciada en Miami, fue part\u00edcipe de Exploit 2016, una plataforma que le ayud\u00f3 a levantar su ministerio internacional y marc\u00f3 el inicio de una carrera bastante estable, sobre todo por sus canciones en las cuales lleva un mensaje que transforma la vida de quienes las escuchan.<\/p>\n<p>Armando inici\u00f3 desde muy peque\u00f1o en la m\u00fasica, cantando junto a su familia. Su vida musical formal naci\u00f3 a los 15 a\u00f1os como m\u00fasico tocando la guitarra y el bajo para diferentes cantantes y grupos cristianos<\/p>\n<p>Compartimos el video:<\/p>\n<p><iframe loading=\"lazy\" title=\"Armando S\u00e1nchez: Me amas (En Vivo)\" width=\"696\" height=\"392\" src=\"https:\/\/www.youtube.com\/embed\/jgVn4OZ2-2M?feature=oembed\" frameborder=\"0\" allow=\"accelerometer; autoplay; encrypted-media; gyroscope; picture-in-picture\" allowfullscreen><\/iframe><\/p>\n<p>&nbsp;<\/p>\n<p>&nbsp;<\/p>\n","protected":false},"excerpt":{"rendered":"<p>Armando S\u00e1nchez, cantante puertorrique\u00f1o, lleg\u00f3 a los Estados Unidos para realizar su gira denominada \u00abMetanoia\u00bb (de su autor\u00eda) y hacer la presentaci\u00f3n oficial de el video de su m\u00e1s reciente canci\u00f3n llamada \u00abMe amas\u00bb. la gira iniciada en Miami, fue part\u00edcipe de Exploit 2016, una plataforma que le ayud\u00f3 a levantar su ministerio internacional y [&hellip;]<\/p>\n","protected":false},"author":3,"featured_media":2326,"comment_status":"open","ping_status":"open","sticky":false,"template":"","format":"standard","meta":[],"categories":[101],"tags":[],"yoast_head":"<!-- This site is optimized with the Yoast SEO plugin v20.8 - https:\/\/yoast.com\/wordpress\/plugins\/seo\/ -->\n<title>Armando S\u00e1nchez, presenta su video &quot;Me amas&quot; - La Prensa Cristiana<\/title>\n<meta name=\"robots\" content=\"index, follow, max-snippet:-1, max-image-preview:large, max-video-preview:-1\" \/>\n<link rel=\"canonical\" href=\"https:\/\/laprensacristiana.com\/?p=2325\" \/>\n<meta property=\"og:locale\" content=\"es_ES\" \/>\n<meta property=\"og:type\" content=\"article\" \/>\n<meta property=\"og:title\" content=\"Armando S\u00e1nchez, presenta su video &quot;Me amas&quot; - La Prensa Cristiana\" \/>\n<meta property=\"og:description\" content=\"Armando S\u00e1nchez, cantante puertorrique\u00f1o, lleg\u00f3 a los Estados Unidos para realizar su gira denominada \u00abMetanoia\u00bb (de su autor\u00eda) y hacer la presentaci\u00f3n oficial de el video de su m\u00e1s reciente canci\u00f3n llamada \u00abMe amas\u00bb. la gira iniciada en Miami, fue part\u00edcipe de Exploit 2016, una plataforma que le ayud\u00f3 a levantar su ministerio internacional y [&hellip;]\" \/>\n<meta property=\"og:url\" content=\"https:\/\/laprensacristiana.com\/?p=2325\" \/>\n<meta property=\"og:site_name\" content=\"La Prensa Cristiana\" \/>\n<meta property=\"article:published_time\" content=\"2017-02-07T22:19:06+00:00\" \/>\n<meta property=\"article:modified_time\" content=\"2020-07-02T01:13:28+00:00\" \/>\n<meta property=\"og:image\" content=\"https:\/\/laprensacristiana.com\/wp-content\/uploads\/2017\/02\/armando.png\" \/>\n\t<meta property=\"og:image:width\" content=\"800\" \/>\n\t<meta property=\"og:image:height\" content=\"850\" \/>\n\t<meta property=\"og:image:type\" content=\"image\/png\" \/>\n<meta name=\"author\" content=\"EDITOR\" \/>\n<meta name=\"twitter:card\" content=\"summary_large_image\" \/>\n<meta name=\"twitter:label1\" content=\"Escrito por\" \/>\n\t<meta name=\"twitter:data1\" content=\"EDITOR\" \/>\n\t<meta name=\"twitter:label2\" content=\"Tiempo de lectura\" \/>\n\t<meta name=\"twitter:data2\" content=\"1 minuto\" \/>\n<script type=\"application\/ld+json\" class=\"yoast-schema-graph\">{\"@context\":\"https:\/\/schema.org\",\"@graph\":[{\"@type\":\"WebPage\",\"@id\":\"https:\/\/laprensacristiana.com\/?p=2325\",\"url\":\"https:\/\/laprensacristiana.com\/?p=2325\",\"name\":\"Armando S\u00e1nchez, presenta su video \\\"Me amas\\\" - La Prensa Cristiana\",\"isPartOf\":{\"@id\":\"https:\/\/laprensacristiana.com\/#website\"},\"datePublished\":\"2017-02-07T22:19:06+00:00\",\"dateModified\":\"2020-07-02T01:13:28+00:00\",\"author\":{\"@id\":\"https:\/\/laprensacristiana.com\/#\/schema\/person\/3e7d82c6bfd6b1fa67010f8f7cd5256e\"},\"breadcrumb\":{\"@id\":\"https:\/\/laprensacristiana.com\/?p=2325#breadcrumb\"},\"inLanguage\":\"es\",\"potentialAction\":[{\"@type\":\"ReadAction\",\"target\":[\"https:\/\/laprensacristiana.com\/?p=2325\"]}]},{\"@type\":\"BreadcrumbList\",\"@id\":\"https:\/\/laprensacristiana.com\/?p=2325#breadcrumb\",\"itemListElement\":[{\"@type\":\"ListItem\",\"position\":1,\"name\":\"Portada\",\"item\":\"https:\/\/laprensacristiana.com\/\"},{\"@type\":\"ListItem\",\"position\":2,\"name\":\"Armando S\u00e1nchez, presenta su video \u00abMe amas\u00bb\"}]},{\"@type\":\"WebSite\",\"@id\":\"https:\/\/laprensacristiana.com\/#website\",\"url\":\"https:\/\/laprensacristiana.com\/\",\"name\":\"La Prensa Cristiana\",\"description\":\"Anunciando Las Buenas Nuevas\",\"potentialAction\":[{\"@type\":\"SearchAction\",\"target\":{\"@type\":\"EntryPoint\",\"urlTemplate\":\"https:\/\/laprensacristiana.com\/?s={search_term_string}\"},\"query-input\":\"required name=search_term_string\"}],\"inLanguage\":\"es\"},{\"@type\":\"Person\",\"@id\":\"https:\/\/laprensacristiana.com\/#\/schema\/person\/3e7d82c6bfd6b1fa67010f8f7cd5256e\",\"name\":\"EDITOR\",\"image\":{\"@type\":\"ImageObject\",\"inLanguage\":\"es\",\"@id\":\"https:\/\/laprensacristiana.com\/#\/schema\/person\/image\/\",\"url\":\"https:\/\/secure.gravatar.com\/avatar\/72069dfb6c13772d9e8381e3638666d2?s=96&d=mm&r=g\",\"contentUrl\":\"https:\/\/secure.gravatar.com\/avatar\/72069dfb6c13772d9e8381e3638666d2?s=96&d=mm&r=g\",\"caption\":\"EDITOR\"},\"url\":\"https:\/\/laprensacristiana.com\/?author=3\"}]}<\/script>\n<!-- \/ Yoast SEO plugin. -->","yoast_head_json":{"title":"Armando S\u00e1nchez, presenta su video \"Me amas\" - La Prensa Cristiana","robots":{"index":"index","follow":"follow","max-snippet":"max-snippet:-1","max-image-preview":"max-image-preview:large","max-video-preview":"max-video-preview:-1"},"canonical":"https:\/\/laprensacristiana.com\/?p=2325","og_locale":"es_ES","og_type":"article","og_title":"Armando S\u00e1nchez, presenta su video \"Me amas\" - La Prensa Cristiana","og_description":"Armando S\u00e1nchez, cantante puertorrique\u00f1o, lleg\u00f3 a los Estados Unidos para realizar su gira denominada \u00abMetanoia\u00bb (de su autor\u00eda) y hacer la presentaci\u00f3n oficial de el video de su m\u00e1s reciente canci\u00f3n llamada \u00abMe amas\u00bb. la gira iniciada en Miami, fue part\u00edcipe de Exploit 2016, una plataforma que le ayud\u00f3 a levantar su ministerio internacional y [&hellip;]","og_url":"https:\/\/laprensacristiana.com\/?p=2325","og_site_name":"La Prensa Cristiana","article_published_time":"2017-02-07T22:19:06+00:00","article_modified_time":"2020-07-02T01:13:28+00:00","og_image":[{"width":800,"height":850,"url":"https:\/\/laprensacristiana.com\/wp-content\/uploads\/2017\/02\/armando.png","type":"image\/png"}],"author":"EDITOR","twitter_card":"summary_large_image","twitter_misc":{"Escrito por":"EDITOR","Tiempo de lectura":"1 minuto"},"schema":{"@context":"https:\/\/schema.org","@graph":[{"@type":"WebPage","@id":"https:\/\/laprensacristiana.com\/?p=2325","url":"https:\/\/laprensacristiana.com\/?p=2325","name":"Armando S\u00e1nchez, presenta su video \"Me amas\" - La Prensa Cristiana","isPartOf":{"@id":"https:\/\/laprensacristiana.com\/#website"},"datePublished":"2017-02-07T22:19:06+00:00","dateModified":"2020-07-02T01:13:28+00:00","author":{"@id":"https:\/\/laprensacristiana.com\/#\/schema\/person\/3e7d82c6bfd6b1fa67010f8f7cd5256e"},"breadcrumb":{"@id":"https:\/\/laprensacristiana.com\/?p=2325#breadcrumb"},"inLanguage":"es","potentialAction":[{"@type":"ReadAction","target":["https:\/\/laprensacristiana.com\/?p=2325"]}]},{"@type":"BreadcrumbList","@id":"https:\/\/laprensacristiana.com\/?p=2325#breadcrumb","itemListElement":[{"@type":"ListItem","position":1,"name":"Portada","item":"https:\/\/laprensacristiana.com\/"},{"@type":"ListItem","position":2,"name":"Armando S\u00e1nchez, presenta su video \u00abMe amas\u00bb"}]},{"@type":"WebSite","@id":"https:\/\/laprensacristiana.com\/#website","url":"https:\/\/laprensacristiana.com\/","name":"La Prensa Cristiana","description":"Anunciando Las Buenas Nuevas","potentialAction":[{"@type":"SearchAction","target":{"@type":"EntryPoint","urlTemplate":"https:\/\/laprensacristiana.com\/?s={search_term_string}"},"query-input":"required name=search_term_string"}],"inLanguage":"es"},{"@type":"Person","@id":"https:\/\/laprensacristiana.com\/#\/schema\/person\/3e7d82c6bfd6b1fa67010f8f7cd5256e","name":"EDITOR","image":{"@type":"ImageObject","inLanguage":"es","@id":"https:\/\/laprensacristiana.com\/#\/schema\/person\/image\/","url":"https:\/\/secure.gravatar.com\/avatar\/72069dfb6c13772d9e8381e3638666d2?s=96&d=mm&r=g","contentUrl":"https:\/\/secure.gravatar.com\/avatar\/72069dfb6c13772d9e8381e3638666d2?s=96&d=mm&r=g","caption":"EDITOR"},"url":"https:\/\/laprensacristiana.com\/?author=3"}]}},"_links":{"self":[{"href":"https:\/\/laprensacristiana.com\/index.php?rest_route=\/wp\/v2\/posts\/2325"}],"collection":[{"href":"https:\/\/laprensacristiana.com\/index.php?rest_route=\/wp\/v2\/posts"}],"about":[{"href":"https:\/\/laprensacristiana.com\/index.php?rest_route=\/wp\/v2\/types\/post"}],"author":[{"embeddable":true,"href":"https:\/\/laprensacristiana.com\/index.php?rest_route=\/wp\/v2\/users\/3"}],"replies":[{"embeddable":true,"href":"https:\/\/laprensacristiana.com\/index.php?rest_route=%2Fwp%2Fv2%2Fcomments&post=2325"}],"version-history":[{"count":1,"href":"https:\/\/laprensacristiana.com\/index.php?rest_route=\/wp\/v2\/posts\/2325\/revisions"}],"predecessor-version":[{"id":2327,"href":"https:\/\/laprensacristiana.com\/index.php?rest_route=\/wp\/v2\/posts\/2325\/revisions\/2327"}],"wp:featuredmedia":[{"embeddable":true,"href":"https:\/\/laprensacristiana.com\/index.php?rest_route=\/wp\/v2\/media\/2326"}],"wp:attachment":[{"href":"https:\/\/laprensacristiana.com\/index.php?rest_route=%2Fwp%2Fv2%2Fmedia&parent=2325"}],"wp:term":[{"taxonomy":"category","embeddable":true,"href":"https:\/\/laprensacristiana.com\/index.php?rest_route=%2Fwp%2Fv2%2Fcategories&post=2325"},{"taxonomy":"post_tag","embeddable":true,"href":"https:\/\/laprensacristiana.com\/index.php?rest_route=%2Fwp%2Fv2%2Ftags&post=2325"}],"curies":[{"name":"wp","href":"https:\/\/api.w.org\/{rel}","templated":true}]}}