{"id":2329,"date":"2017-02-08T18:44:38","date_gmt":"2017-02-08T18:44:38","guid":{"rendered":"https:\/\/laprensacristiana.com\/?p=2329"},"modified":"2020-07-02T01:13:13","modified_gmt":"2020-07-02T01:13:13","slug":"lo-que-necesito-una-version-nueva","status":"publish","type":"post","link":"https:\/\/laprensacristiana.com\/?p=2329","title":{"rendered":"\u00abLo que necesito\u00bb una versi\u00f3n nueva empieza a sonar"},"content":{"rendered":"<p>Para el a\u00f1o 2002 el cantante Ricardo Quinteros, lanzaba su sencillo llamado \u00abLo que necesito\u00bb, tema que ha sido galardonado en los primeros lugares de listas de popularidad en radios de Latinoam\u00e9rica.<\/p>\n<p>Quinteros junto a Alex P\u00e9rez y la banda Nueva Creaci\u00f3n, realizaron un cover sobre esta canci\u00f3n versi\u00f3n vallenato, un toque diferente al trabajo que se conoce de Ricardo. Canci\u00f3n que fue lanzada oficialmente ayer.<\/p>\n<p>Compartimos el video:<\/p>\n<p><iframe loading=\"lazy\" title=\"Nueva Creaci\u00f3n - Lo que necesito Ft. Ricardo Quinteros &amp; Alex P\u00e9rez\" width=\"696\" height=\"392\" src=\"https:\/\/www.youtube.com\/embed\/uLmRuaj_DRk?feature=oembed\" frameborder=\"0\" allow=\"accelerometer; autoplay; encrypted-media; gyroscope; picture-in-picture\" allowfullscreen><\/iframe><\/p>\n<p>&nbsp;<\/p>\n<p>&nbsp;<\/p>\n","protected":false},"excerpt":{"rendered":"<p>Para el a\u00f1o 2002 el cantante Ricardo Quinteros, lanzaba su sencillo llamado \u00abLo que necesito\u00bb, tema que ha sido galardonado en los primeros lugares de listas de popularidad en radios de Latinoam\u00e9rica. Quinteros junto a Alex P\u00e9rez y la banda Nueva Creaci\u00f3n, realizaron un cover sobre esta canci\u00f3n versi\u00f3n vallenato, un toque diferente al trabajo [&hellip;]<\/p>\n","protected":false},"author":3,"featured_media":2330,"comment_status":"open","ping_status":"open","sticky":false,"template":"","format":"standard","meta":[],"categories":[101],"tags":[],"yoast_head":"<!-- This site is optimized with the Yoast SEO plugin v20.8 - https:\/\/yoast.com\/wordpress\/plugins\/seo\/ -->\n<title>&quot;Lo que necesito&quot; una versi\u00f3n nueva empieza a sonar - La Prensa Cristiana<\/title>\n<meta name=\"robots\" content=\"index, follow, max-snippet:-1, max-image-preview:large, max-video-preview:-1\" \/>\n<link rel=\"canonical\" href=\"https:\/\/laprensacristiana.com\/?p=2329\" \/>\n<meta property=\"og:locale\" content=\"es_ES\" \/>\n<meta property=\"og:type\" content=\"article\" \/>\n<meta property=\"og:title\" content=\"&quot;Lo que necesito&quot; una versi\u00f3n nueva empieza a sonar - La Prensa Cristiana\" \/>\n<meta property=\"og:description\" content=\"Para el a\u00f1o 2002 el cantante Ricardo Quinteros, lanzaba su sencillo llamado \u00abLo que necesito\u00bb, tema que ha sido galardonado en los primeros lugares de listas de popularidad en radios de Latinoam\u00e9rica. Quinteros junto a Alex P\u00e9rez y la banda Nueva Creaci\u00f3n, realizaron un cover sobre esta canci\u00f3n versi\u00f3n vallenato, un toque diferente al trabajo [&hellip;]\" \/>\n<meta property=\"og:url\" content=\"https:\/\/laprensacristiana.com\/?p=2329\" \/>\n<meta property=\"og:site_name\" content=\"La Prensa Cristiana\" \/>\n<meta property=\"article:published_time\" content=\"2017-02-08T18:44:38+00:00\" \/>\n<meta property=\"article:modified_time\" content=\"2020-07-02T01:13:13+00:00\" \/>\n<meta property=\"og:image\" content=\"https:\/\/laprensacristiana.com\/wp-content\/uploads\/2017\/02\/RICARDO.jpg\" \/>\n\t<meta property=\"og:image:width\" content=\"840\" \/>\n\t<meta property=\"og:image:height\" content=\"825\" \/>\n\t<meta property=\"og:image:type\" content=\"image\/jpeg\" \/>\n<meta name=\"author\" content=\"EDITOR\" \/>\n<meta name=\"twitter:card\" content=\"summary_large_image\" \/>\n<meta name=\"twitter:label1\" content=\"Escrito por\" \/>\n\t<meta name=\"twitter:data1\" content=\"EDITOR\" \/>\n<script type=\"application\/ld+json\" class=\"yoast-schema-graph\">{\"@context\":\"https:\/\/schema.org\",\"@graph\":[{\"@type\":\"WebPage\",\"@id\":\"https:\/\/laprensacristiana.com\/?p=2329\",\"url\":\"https:\/\/laprensacristiana.com\/?p=2329\",\"name\":\"\\\"Lo que necesito\\\" una versi\u00f3n nueva empieza a sonar - La Prensa Cristiana\",\"isPartOf\":{\"@id\":\"https:\/\/laprensacristiana.com\/#website\"},\"datePublished\":\"2017-02-08T18:44:38+00:00\",\"dateModified\":\"2020-07-02T01:13:13+00:00\",\"author\":{\"@id\":\"https:\/\/laprensacristiana.com\/#\/schema\/person\/3e7d82c6bfd6b1fa67010f8f7cd5256e\"},\"breadcrumb\":{\"@id\":\"https:\/\/laprensacristiana.com\/?p=2329#breadcrumb\"},\"inLanguage\":\"es\",\"potentialAction\":[{\"@type\":\"ReadAction\",\"target\":[\"https:\/\/laprensacristiana.com\/?p=2329\"]}]},{\"@type\":\"BreadcrumbList\",\"@id\":\"https:\/\/laprensacristiana.com\/?p=2329#breadcrumb\",\"itemListElement\":[{\"@type\":\"ListItem\",\"position\":1,\"name\":\"Portada\",\"item\":\"https:\/\/laprensacristiana.com\/\"},{\"@type\":\"ListItem\",\"position\":2,\"name\":\"\u00abLo que necesito\u00bb una versi\u00f3n nueva empieza a sonar\"}]},{\"@type\":\"WebSite\",\"@id\":\"https:\/\/laprensacristiana.com\/#website\",\"url\":\"https:\/\/laprensacristiana.com\/\",\"name\":\"La Prensa Cristiana\",\"description\":\"Anunciando Las Buenas Nuevas\",\"potentialAction\":[{\"@type\":\"SearchAction\",\"target\":{\"@type\":\"EntryPoint\",\"urlTemplate\":\"https:\/\/laprensacristiana.com\/?s={search_term_string}\"},\"query-input\":\"required name=search_term_string\"}],\"inLanguage\":\"es\"},{\"@type\":\"Person\",\"@id\":\"https:\/\/laprensacristiana.com\/#\/schema\/person\/3e7d82c6bfd6b1fa67010f8f7cd5256e\",\"name\":\"EDITOR\",\"image\":{\"@type\":\"ImageObject\",\"inLanguage\":\"es\",\"@id\":\"https:\/\/laprensacristiana.com\/#\/schema\/person\/image\/\",\"url\":\"https:\/\/secure.gravatar.com\/avatar\/72069dfb6c13772d9e8381e3638666d2?s=96&d=mm&r=g\",\"contentUrl\":\"https:\/\/secure.gravatar.com\/avatar\/72069dfb6c13772d9e8381e3638666d2?s=96&d=mm&r=g\",\"caption\":\"EDITOR\"},\"url\":\"https:\/\/laprensacristiana.com\/?author=3\"}]}<\/script>\n<!-- \/ Yoast SEO plugin. -->","yoast_head_json":{"title":"\"Lo que necesito\" una versi\u00f3n nueva empieza a sonar - La Prensa Cristiana","robots":{"index":"index","follow":"follow","max-snippet":"max-snippet:-1","max-image-preview":"max-image-preview:large","max-video-preview":"max-video-preview:-1"},"canonical":"https:\/\/laprensacristiana.com\/?p=2329","og_locale":"es_ES","og_type":"article","og_title":"\"Lo que necesito\" una versi\u00f3n nueva empieza a sonar - La Prensa Cristiana","og_description":"Para el a\u00f1o 2002 el cantante Ricardo Quinteros, lanzaba su sencillo llamado \u00abLo que necesito\u00bb, tema que ha sido galardonado en los primeros lugares de listas de popularidad en radios de Latinoam\u00e9rica. Quinteros junto a Alex P\u00e9rez y la banda Nueva Creaci\u00f3n, realizaron un cover sobre esta canci\u00f3n versi\u00f3n vallenato, un toque diferente al trabajo [&hellip;]","og_url":"https:\/\/laprensacristiana.com\/?p=2329","og_site_name":"La Prensa Cristiana","article_published_time":"2017-02-08T18:44:38+00:00","article_modified_time":"2020-07-02T01:13:13+00:00","og_image":[{"width":840,"height":825,"url":"https:\/\/laprensacristiana.com\/wp-content\/uploads\/2017\/02\/RICARDO.jpg","type":"image\/jpeg"}],"author":"EDITOR","twitter_card":"summary_large_image","twitter_misc":{"Escrito por":"EDITOR"},"schema":{"@context":"https:\/\/schema.org","@graph":[{"@type":"WebPage","@id":"https:\/\/laprensacristiana.com\/?p=2329","url":"https:\/\/laprensacristiana.com\/?p=2329","name":"\"Lo que necesito\" una versi\u00f3n nueva empieza a sonar - La Prensa Cristiana","isPartOf":{"@id":"https:\/\/laprensacristiana.com\/#website"},"datePublished":"2017-02-08T18:44:38+00:00","dateModified":"2020-07-02T01:13:13+00:00","author":{"@id":"https:\/\/laprensacristiana.com\/#\/schema\/person\/3e7d82c6bfd6b1fa67010f8f7cd5256e"},"breadcrumb":{"@id":"https:\/\/laprensacristiana.com\/?p=2329#breadcrumb"},"inLanguage":"es","potentialAction":[{"@type":"ReadAction","target":["https:\/\/laprensacristiana.com\/?p=2329"]}]},{"@type":"BreadcrumbList","@id":"https:\/\/laprensacristiana.com\/?p=2329#breadcrumb","itemListElement":[{"@type":"ListItem","position":1,"name":"Portada","item":"https:\/\/laprensacristiana.com\/"},{"@type":"ListItem","position":2,"name":"\u00abLo que necesito\u00bb una versi\u00f3n nueva empieza a sonar"}]},{"@type":"WebSite","@id":"https:\/\/laprensacristiana.com\/#website","url":"https:\/\/laprensacristiana.com\/","name":"La Prensa Cristiana","description":"Anunciando Las Buenas Nuevas","potentialAction":[{"@type":"SearchAction","target":{"@type":"EntryPoint","urlTemplate":"https:\/\/laprensacristiana.com\/?s={search_term_string}"},"query-input":"required name=search_term_string"}],"inLanguage":"es"},{"@type":"Person","@id":"https:\/\/laprensacristiana.com\/#\/schema\/person\/3e7d82c6bfd6b1fa67010f8f7cd5256e","name":"EDITOR","image":{"@type":"ImageObject","inLanguage":"es","@id":"https:\/\/laprensacristiana.com\/#\/schema\/person\/image\/","url":"https:\/\/secure.gravatar.com\/avatar\/72069dfb6c13772d9e8381e3638666d2?s=96&d=mm&r=g","contentUrl":"https:\/\/secure.gravatar.com\/avatar\/72069dfb6c13772d9e8381e3638666d2?s=96&d=mm&r=g","caption":"EDITOR"},"url":"https:\/\/laprensacristiana.com\/?author=3"}]}},"_links":{"self":[{"href":"https:\/\/laprensacristiana.com\/index.php?rest_route=\/wp\/v2\/posts\/2329"}],"collection":[{"href":"https:\/\/laprensacristiana.com\/index.php?rest_route=\/wp\/v2\/posts"}],"about":[{"href":"https:\/\/laprensacristiana.com\/index.php?rest_route=\/wp\/v2\/types\/post"}],"author":[{"embeddable":true,"href":"https:\/\/laprensacristiana.com\/index.php?rest_route=\/wp\/v2\/users\/3"}],"replies":[{"embeddable":true,"href":"https:\/\/laprensacristiana.com\/index.php?rest_route=%2Fwp%2Fv2%2Fcomments&post=2329"}],"version-history":[{"count":3,"href":"https:\/\/laprensacristiana.com\/index.php?rest_route=\/wp\/v2\/posts\/2329\/revisions"}],"predecessor-version":[{"id":2333,"href":"https:\/\/laprensacristiana.com\/index.php?rest_route=\/wp\/v2\/posts\/2329\/revisions\/2333"}],"wp:featuredmedia":[{"embeddable":true,"href":"https:\/\/laprensacristiana.com\/index.php?rest_route=\/wp\/v2\/media\/2330"}],"wp:attachment":[{"href":"https:\/\/laprensacristiana.com\/index.php?rest_route=%2Fwp%2Fv2%2Fmedia&parent=2329"}],"wp:term":[{"taxonomy":"category","embeddable":true,"href":"https:\/\/laprensacristiana.com\/index.php?rest_route=%2Fwp%2Fv2%2Fcategories&post=2329"},{"taxonomy":"post_tag","embeddable":true,"href":"https:\/\/laprensacristiana.com\/index.php?rest_route=%2Fwp%2Fv2%2Ftags&post=2329"}],"curies":[{"name":"wp","href":"https:\/\/api.w.org\/{rel}","templated":true}]}}