{"id":2342,"date":"2017-02-10T21:33:36","date_gmt":"2017-02-10T21:33:36","guid":{"rendered":"https:\/\/laprensacristiana.com\/?p=2342"},"modified":"2020-07-02T01:12:29","modified_gmt":"2020-07-02T01:12:29","slug":"especialidades-625-se-instala-en-el-salvador","status":"publish","type":"post","link":"https:\/\/laprensacristiana.com\/?p=2342","title":{"rendered":"Especialidades 625 se instala en El Salvador"},"content":{"rendered":"<h4>Con el deseo de expandir herramientas de apoyo a los l\u00edderes juveniles del pa\u00eds, e625 instala oficinas en el territorio salvadore\u00f1o.<\/h4>\n<p><strong><em>Especialidades 625<\/em><\/strong> es la organizaci\u00f3n que capacita y ofrece materiales especializados, para l\u00edderes juveniles cristianos. Su principal labor es brindar la mejor ayuda para quienes trabajan con el discipulado de la nueva generaci\u00f3n.<\/p>\n<p>Su presidente y creador Dr. Lucas Leys, ratific\u00f3 la instalaci\u00f3n de un equipo nacional que incluye a l\u00edderes y pastores salvadore\u00f1os.<\/p>\n<figure id=\"attachment_2344\" aria-describedby=\"caption-attachment-2344\" style=\"width: 283px\" class=\"wp-caption alignright\"><img decoding=\"async\" loading=\"lazy\" class=\"wp-image-2344 size-full\" src=\"https:\/\/laprensacristiana.com\/wp-content\/uploads\/2017\/02\/DIRECTORES.jpg\" alt=\"DIRECTORES\" width=\"283\" height=\"135\" \/><figcaption id=\"caption-attachment-2344\" class=\"wp-caption-text\">De izquierda a derecha: Jon\u00e1s Herrera, Lucas Leys e Iliana Herrera.<\/figcaption><\/figure>\n<p>e625 serv\u00eda a El Salvador, desde hace varios a\u00f1os con materiales de apoyo, web site, libros y capacitaciones. Ahora el pa\u00eds ya cuenta con su equipo, que est\u00e1 orientado al \u00e1rea pastoral de personas que rondan entre las edades de 6 a 25 a\u00f1os. Lucas Leys expres\u00f3: \u201c<strong><em>e625 tiene un gran sue\u00f1o: es que ning\u00fan ni\u00f1o, adolescente o joven se pierda de disfrutar una relaci\u00f3n din\u00e1mica con Jes\u00fas. Abrace a la Biblia como \u00fanico fundamento para su fe y alcance su potencial para servir a su generaci\u00f3n. Nuestros esfuerzos se concentran en ayudar a la iglesia, a las familias y a las naciones en el discipulado y mentoreo de la nueva generaci\u00f3n. Estoy muy entusiasmado de contar con un equipo fijo en El Salvador, un pa\u00eds que amo y al cual hemos servido por muchos a\u00f1os<\/em><\/strong>.\u201d<\/p>\n<p>Jon\u00e1s e Iliana Herrera han sido nombrados como directores, por su alta experiencia en la organizaci\u00f3n de eventos de gran magnitud. e625 tiene como actividad primera en el pa\u00eds, El Foro de Liderazgo Generacional el pr\u00f3ximo mes de mayo. Dicho evento, pretende reunir a l\u00edderes y pastores que m\u00e1s influyen en la sociedad salvadore\u00f1a y mediante un di\u00e1logo establecer la influencia que el cristianismo tiene en El Salvador y c\u00f3mo ser\u00eda en un futuro. Adem\u00e1s del discipulado que efect\u00faan las nuevas generaciones.<\/p>\n<p style=\"text-align: justify; line-height: 150%; background: white; margin: 0cm 0cm 19.5pt 0cm;\">\n","protected":false},"excerpt":{"rendered":"<p>Con el deseo de expandir herramientas de apoyo a los l\u00edderes juveniles del pa\u00eds, e625 instala oficinas en el territorio salvadore\u00f1o. Especialidades 625 es la organizaci\u00f3n que capacita y ofrece materiales especializados, para l\u00edderes juveniles cristianos. Su principal labor es brindar la mejor ayuda para quienes trabajan con el discipulado de la nueva generaci\u00f3n. Su [&hellip;]<\/p>\n","protected":false},"author":3,"featured_media":2343,"comment_status":"open","ping_status":"open","sticky":false,"template":"","format":"standard","meta":[],"categories":[56],"tags":[],"yoast_head":"<!-- This site is optimized with the Yoast SEO plugin v20.8 - https:\/\/yoast.com\/wordpress\/plugins\/seo\/ -->\n<title>Especialidades 625 se instala en El Salvador - La Prensa Cristiana<\/title>\n<meta name=\"robots\" content=\"index, follow, max-snippet:-1, max-image-preview:large, max-video-preview:-1\" \/>\n<link rel=\"canonical\" href=\"https:\/\/laprensacristiana.com\/?p=2342\" \/>\n<meta property=\"og:locale\" content=\"es_ES\" \/>\n<meta property=\"og:type\" content=\"article\" \/>\n<meta property=\"og:title\" content=\"Especialidades 625 se instala en El Salvador - La Prensa Cristiana\" \/>\n<meta property=\"og:description\" content=\"Con el deseo de expandir herramientas de apoyo a los l\u00edderes juveniles del pa\u00eds, e625 instala oficinas en el territorio salvadore\u00f1o. Especialidades 625 es la organizaci\u00f3n que capacita y ofrece materiales especializados, para l\u00edderes juveniles cristianos. Su principal labor es brindar la mejor ayuda para quienes trabajan con el discipulado de la nueva generaci\u00f3n. Su [&hellip;]\" \/>\n<meta property=\"og:url\" content=\"https:\/\/laprensacristiana.com\/?p=2342\" \/>\n<meta property=\"og:site_name\" content=\"La Prensa Cristiana\" \/>\n<meta property=\"article:published_time\" content=\"2017-02-10T21:33:36+00:00\" \/>\n<meta property=\"article:modified_time\" content=\"2020-07-02T01:12:29+00:00\" \/>\n<meta property=\"og:image\" content=\"https:\/\/laprensacristiana.com\/wp-content\/uploads\/2017\/02\/lo.jpg\" \/>\n\t<meta property=\"og:image:width\" content=\"850\" \/>\n\t<meta property=\"og:image:height\" content=\"800\" \/>\n\t<meta property=\"og:image:type\" content=\"image\/jpeg\" \/>\n<meta name=\"author\" content=\"EDITOR\" \/>\n<meta name=\"twitter:card\" content=\"summary_large_image\" \/>\n<meta name=\"twitter:label1\" content=\"Escrito por\" \/>\n\t<meta name=\"twitter:data1\" content=\"EDITOR\" \/>\n\t<meta name=\"twitter:label2\" content=\"Tiempo de lectura\" \/>\n\t<meta name=\"twitter:data2\" content=\"2 minutos\" \/>\n<script type=\"application\/ld+json\" class=\"yoast-schema-graph\">{\"@context\":\"https:\/\/schema.org\",\"@graph\":[{\"@type\":\"WebPage\",\"@id\":\"https:\/\/laprensacristiana.com\/?p=2342\",\"url\":\"https:\/\/laprensacristiana.com\/?p=2342\",\"name\":\"Especialidades 625 se instala en El Salvador - La Prensa Cristiana\",\"isPartOf\":{\"@id\":\"https:\/\/laprensacristiana.com\/#website\"},\"datePublished\":\"2017-02-10T21:33:36+00:00\",\"dateModified\":\"2020-07-02T01:12:29+00:00\",\"author\":{\"@id\":\"https:\/\/laprensacristiana.com\/#\/schema\/person\/3e7d82c6bfd6b1fa67010f8f7cd5256e\"},\"breadcrumb\":{\"@id\":\"https:\/\/laprensacristiana.com\/?p=2342#breadcrumb\"},\"inLanguage\":\"es\",\"potentialAction\":[{\"@type\":\"ReadAction\",\"target\":[\"https:\/\/laprensacristiana.com\/?p=2342\"]}]},{\"@type\":\"BreadcrumbList\",\"@id\":\"https:\/\/laprensacristiana.com\/?p=2342#breadcrumb\",\"itemListElement\":[{\"@type\":\"ListItem\",\"position\":1,\"name\":\"Portada\",\"item\":\"https:\/\/laprensacristiana.com\/\"},{\"@type\":\"ListItem\",\"position\":2,\"name\":\"Especialidades 625 se instala en El Salvador\"}]},{\"@type\":\"WebSite\",\"@id\":\"https:\/\/laprensacristiana.com\/#website\",\"url\":\"https:\/\/laprensacristiana.com\/\",\"name\":\"La Prensa Cristiana\",\"description\":\"Anunciando Las Buenas Nuevas\",\"potentialAction\":[{\"@type\":\"SearchAction\",\"target\":{\"@type\":\"EntryPoint\",\"urlTemplate\":\"https:\/\/laprensacristiana.com\/?s={search_term_string}\"},\"query-input\":\"required name=search_term_string\"}],\"inLanguage\":\"es\"},{\"@type\":\"Person\",\"@id\":\"https:\/\/laprensacristiana.com\/#\/schema\/person\/3e7d82c6bfd6b1fa67010f8f7cd5256e\",\"name\":\"EDITOR\",\"image\":{\"@type\":\"ImageObject\",\"inLanguage\":\"es\",\"@id\":\"https:\/\/laprensacristiana.com\/#\/schema\/person\/image\/\",\"url\":\"https:\/\/secure.gravatar.com\/avatar\/72069dfb6c13772d9e8381e3638666d2?s=96&d=mm&r=g\",\"contentUrl\":\"https:\/\/secure.gravatar.com\/avatar\/72069dfb6c13772d9e8381e3638666d2?s=96&d=mm&r=g\",\"caption\":\"EDITOR\"},\"url\":\"https:\/\/laprensacristiana.com\/?author=3\"}]}<\/script>\n<!-- \/ Yoast SEO plugin. -->","yoast_head_json":{"title":"Especialidades 625 se instala en El Salvador - La Prensa Cristiana","robots":{"index":"index","follow":"follow","max-snippet":"max-snippet:-1","max-image-preview":"max-image-preview:large","max-video-preview":"max-video-preview:-1"},"canonical":"https:\/\/laprensacristiana.com\/?p=2342","og_locale":"es_ES","og_type":"article","og_title":"Especialidades 625 se instala en El Salvador - La Prensa Cristiana","og_description":"Con el deseo de expandir herramientas de apoyo a los l\u00edderes juveniles del pa\u00eds, e625 instala oficinas en el territorio salvadore\u00f1o. Especialidades 625 es la organizaci\u00f3n que capacita y ofrece materiales especializados, para l\u00edderes juveniles cristianos. Su principal labor es brindar la mejor ayuda para quienes trabajan con el discipulado de la nueva generaci\u00f3n. Su [&hellip;]","og_url":"https:\/\/laprensacristiana.com\/?p=2342","og_site_name":"La Prensa Cristiana","article_published_time":"2017-02-10T21:33:36+00:00","article_modified_time":"2020-07-02T01:12:29+00:00","og_image":[{"width":850,"height":800,"url":"https:\/\/laprensacristiana.com\/wp-content\/uploads\/2017\/02\/lo.jpg","type":"image\/jpeg"}],"author":"EDITOR","twitter_card":"summary_large_image","twitter_misc":{"Escrito por":"EDITOR","Tiempo de lectura":"2 minutos"},"schema":{"@context":"https:\/\/schema.org","@graph":[{"@type":"WebPage","@id":"https:\/\/laprensacristiana.com\/?p=2342","url":"https:\/\/laprensacristiana.com\/?p=2342","name":"Especialidades 625 se instala en El Salvador - La Prensa Cristiana","isPartOf":{"@id":"https:\/\/laprensacristiana.com\/#website"},"datePublished":"2017-02-10T21:33:36+00:00","dateModified":"2020-07-02T01:12:29+00:00","author":{"@id":"https:\/\/laprensacristiana.com\/#\/schema\/person\/3e7d82c6bfd6b1fa67010f8f7cd5256e"},"breadcrumb":{"@id":"https:\/\/laprensacristiana.com\/?p=2342#breadcrumb"},"inLanguage":"es","potentialAction":[{"@type":"ReadAction","target":["https:\/\/laprensacristiana.com\/?p=2342"]}]},{"@type":"BreadcrumbList","@id":"https:\/\/laprensacristiana.com\/?p=2342#breadcrumb","itemListElement":[{"@type":"ListItem","position":1,"name":"Portada","item":"https:\/\/laprensacristiana.com\/"},{"@type":"ListItem","position":2,"name":"Especialidades 625 se instala en El Salvador"}]},{"@type":"WebSite","@id":"https:\/\/laprensacristiana.com\/#website","url":"https:\/\/laprensacristiana.com\/","name":"La Prensa Cristiana","description":"Anunciando Las Buenas Nuevas","potentialAction":[{"@type":"SearchAction","target":{"@type":"EntryPoint","urlTemplate":"https:\/\/laprensacristiana.com\/?s={search_term_string}"},"query-input":"required name=search_term_string"}],"inLanguage":"es"},{"@type":"Person","@id":"https:\/\/laprensacristiana.com\/#\/schema\/person\/3e7d82c6bfd6b1fa67010f8f7cd5256e","name":"EDITOR","image":{"@type":"ImageObject","inLanguage":"es","@id":"https:\/\/laprensacristiana.com\/#\/schema\/person\/image\/","url":"https:\/\/secure.gravatar.com\/avatar\/72069dfb6c13772d9e8381e3638666d2?s=96&d=mm&r=g","contentUrl":"https:\/\/secure.gravatar.com\/avatar\/72069dfb6c13772d9e8381e3638666d2?s=96&d=mm&r=g","caption":"EDITOR"},"url":"https:\/\/laprensacristiana.com\/?author=3"}]}},"_links":{"self":[{"href":"https:\/\/laprensacristiana.com\/index.php?rest_route=\/wp\/v2\/posts\/2342"}],"collection":[{"href":"https:\/\/laprensacristiana.com\/index.php?rest_route=\/wp\/v2\/posts"}],"about":[{"href":"https:\/\/laprensacristiana.com\/index.php?rest_route=\/wp\/v2\/types\/post"}],"author":[{"embeddable":true,"href":"https:\/\/laprensacristiana.com\/index.php?rest_route=\/wp\/v2\/users\/3"}],"replies":[{"embeddable":true,"href":"https:\/\/laprensacristiana.com\/index.php?rest_route=%2Fwp%2Fv2%2Fcomments&post=2342"}],"version-history":[{"count":3,"href":"https:\/\/laprensacristiana.com\/index.php?rest_route=\/wp\/v2\/posts\/2342\/revisions"}],"predecessor-version":[{"id":2347,"href":"https:\/\/laprensacristiana.com\/index.php?rest_route=\/wp\/v2\/posts\/2342\/revisions\/2347"}],"wp:featuredmedia":[{"embeddable":true,"href":"https:\/\/laprensacristiana.com\/index.php?rest_route=\/wp\/v2\/media\/2343"}],"wp:attachment":[{"href":"https:\/\/laprensacristiana.com\/index.php?rest_route=%2Fwp%2Fv2%2Fmedia&parent=2342"}],"wp:term":[{"taxonomy":"category","embeddable":true,"href":"https:\/\/laprensacristiana.com\/index.php?rest_route=%2Fwp%2Fv2%2Fcategories&post=2342"},{"taxonomy":"post_tag","embeddable":true,"href":"https:\/\/laprensacristiana.com\/index.php?rest_route=%2Fwp%2Fv2%2Ftags&post=2342"}],"curies":[{"name":"wp","href":"https:\/\/api.w.org\/{rel}","templated":true}]}}