{"id":2381,"date":"2017-02-16T21:18:37","date_gmt":"2017-02-16T21:18:37","guid":{"rendered":"https:\/\/laprensacristiana.com\/?p=2381"},"modified":"2020-07-02T01:10:14","modified_gmt":"2020-07-02T01:10:14","slug":"los-grammy-tambien-reconoce-a-los-artistas-cristianos","status":"publish","type":"post","link":"https:\/\/laprensacristiana.com\/?p=2381","title":{"rendered":"Los Grammy tambi\u00e9n reconoce a los artistas cristianos"},"content":{"rendered":"<p>El trabajo que realiza un cantante cristiano, tiene un gran peso, debido a su gran preparaci\u00f3n para dar lo mejor de s\u00ed. Pues tambi\u00e9n es importante que se les valore el esfuerzo y talento con un Grammy.<\/p>\n<p>En la pasada entrega que fue realizada el domingo en la ciudad de Los \u00c1ngeles, EE.UU. artistas de la m\u00fasica cristiana fueron condecorados.<\/p>\n<p>Tal es el caso de Tamela Mann y Kirk Franklin, que fueron reconocidos en la categor\u00eda de \u201cMejor actuaci\u00f3n\/canci\u00f3n gospel\u201d por su trabajo en la canci\u00f3n \u201cGod Provides\u201d.<\/p>\n<p><iframe loading=\"lazy\" title=\"God Provides | Tamela Mann |  Lyric Video\" width=\"696\" height=\"392\" src=\"https:\/\/www.youtube.com\/embed\/d8BwydIR-r0?feature=oembed\" frameborder=\"0\" allow=\"accelerometer; autoplay; encrypted-media; gyroscope; picture-in-picture\" allowfullscreen><\/iframe><\/p>\n<p>De igual manera, Kirk Franklin, recibi\u00f3 doble premio ganando en la categor\u00eda \u201cMejor disco gospel\u201d gracias a \u201cLosing my Religion\u201d.<\/p>\n<p><iframe loading=\"lazy\" title=\"Kirk Franklin - 123 Victory (Audio)\" width=\"696\" height=\"392\" src=\"https:\/\/www.youtube.com\/embed\/hnVB6t1Qek4?feature=oembed\" frameborder=\"0\" allow=\"accelerometer; autoplay; encrypted-media; gyroscope; picture-in-picture\" allowfullscreen><\/iframe><\/p>\n<p>Y para finalizar La banda Hillary Scott &amp; The Scott Family paso a recoger doble premio porque ganaron en las categor\u00edas de \u201cMejor actuaci\u00f3n \/ canci\u00f3n en m\u00fasica cristiana contempor\u00e1nea\u201d y \u201cMejor disco de m\u00fasica cristiana contempor\u00e1nea\u201d.<\/p>\n<p><iframe loading=\"lazy\" title=\"Hillary Scott &amp; The Scott Family - Thy Will (Official Lyric Video)\" width=\"696\" height=\"392\" src=\"https:\/\/www.youtube.com\/embed\/PAmh3yvmzXs?feature=oembed\" frameborder=\"0\" allow=\"accelerometer; autoplay; encrypted-media; gyroscope; picture-in-picture\" allowfullscreen><\/iframe><\/p>\n<p>&nbsp;<\/p>\n<p>&nbsp;<\/p>\n","protected":false},"excerpt":{"rendered":"<p>El trabajo que realiza un cantante cristiano, tiene un gran peso, debido a su gran preparaci\u00f3n para dar lo mejor de s\u00ed. Pues tambi\u00e9n es importante que se les valore el esfuerzo y talento con un Grammy. En la pasada entrega que fue realizada el domingo en la ciudad de Los \u00c1ngeles, EE.UU. artistas de [&hellip;]<\/p>\n","protected":false},"author":3,"featured_media":2382,"comment_status":"open","ping_status":"open","sticky":false,"template":"","format":"standard","meta":[],"categories":[101],"tags":[],"yoast_head":"<!-- This site is optimized with the Yoast SEO plugin v20.8 - https:\/\/yoast.com\/wordpress\/plugins\/seo\/ -->\n<title>Los Grammy tambi\u00e9n reconoce a los artistas cristianos - La Prensa Cristiana<\/title>\n<meta name=\"robots\" content=\"index, follow, max-snippet:-1, max-image-preview:large, max-video-preview:-1\" \/>\n<link rel=\"canonical\" href=\"https:\/\/laprensacristiana.com\/?p=2381\" \/>\n<meta property=\"og:locale\" content=\"es_ES\" \/>\n<meta property=\"og:type\" content=\"article\" \/>\n<meta property=\"og:title\" content=\"Los Grammy tambi\u00e9n reconoce a los artistas cristianos - La Prensa Cristiana\" \/>\n<meta property=\"og:description\" content=\"El trabajo que realiza un cantante cristiano, tiene un gran peso, debido a su gran preparaci\u00f3n para dar lo mejor de s\u00ed. Pues tambi\u00e9n es importante que se les valore el esfuerzo y talento con un Grammy. En la pasada entrega que fue realizada el domingo en la ciudad de Los \u00c1ngeles, EE.UU. artistas de [&hellip;]\" \/>\n<meta property=\"og:url\" content=\"https:\/\/laprensacristiana.com\/?p=2381\" \/>\n<meta property=\"og:site_name\" content=\"La Prensa Cristiana\" \/>\n<meta property=\"article:published_time\" content=\"2017-02-16T21:18:37+00:00\" \/>\n<meta property=\"article:modified_time\" content=\"2020-07-02T01:10:14+00:00\" \/>\n<meta property=\"og:image\" content=\"https:\/\/laprensacristiana.com\/wp-content\/uploads\/2017\/02\/PREMIOS.jpg\" \/>\n\t<meta property=\"og:image:width\" content=\"850\" \/>\n\t<meta property=\"og:image:height\" content=\"800\" \/>\n\t<meta property=\"og:image:type\" content=\"image\/jpeg\" \/>\n<meta name=\"author\" content=\"EDITOR\" \/>\n<meta name=\"twitter:card\" content=\"summary_large_image\" \/>\n<meta name=\"twitter:label1\" content=\"Escrito por\" \/>\n\t<meta name=\"twitter:data1\" content=\"EDITOR\" \/>\n\t<meta name=\"twitter:label2\" content=\"Tiempo de lectura\" \/>\n\t<meta name=\"twitter:data2\" content=\"1 minuto\" \/>\n<script type=\"application\/ld+json\" class=\"yoast-schema-graph\">{\"@context\":\"https:\/\/schema.org\",\"@graph\":[{\"@type\":\"WebPage\",\"@id\":\"https:\/\/laprensacristiana.com\/?p=2381\",\"url\":\"https:\/\/laprensacristiana.com\/?p=2381\",\"name\":\"Los Grammy tambi\u00e9n reconoce a los artistas cristianos - La Prensa Cristiana\",\"isPartOf\":{\"@id\":\"https:\/\/laprensacristiana.com\/#website\"},\"datePublished\":\"2017-02-16T21:18:37+00:00\",\"dateModified\":\"2020-07-02T01:10:14+00:00\",\"author\":{\"@id\":\"https:\/\/laprensacristiana.com\/#\/schema\/person\/3e7d82c6bfd6b1fa67010f8f7cd5256e\"},\"breadcrumb\":{\"@id\":\"https:\/\/laprensacristiana.com\/?p=2381#breadcrumb\"},\"inLanguage\":\"es\",\"potentialAction\":[{\"@type\":\"ReadAction\",\"target\":[\"https:\/\/laprensacristiana.com\/?p=2381\"]}]},{\"@type\":\"BreadcrumbList\",\"@id\":\"https:\/\/laprensacristiana.com\/?p=2381#breadcrumb\",\"itemListElement\":[{\"@type\":\"ListItem\",\"position\":1,\"name\":\"Portada\",\"item\":\"https:\/\/laprensacristiana.com\/\"},{\"@type\":\"ListItem\",\"position\":2,\"name\":\"Los Grammy tambi\u00e9n reconoce a los artistas cristianos\"}]},{\"@type\":\"WebSite\",\"@id\":\"https:\/\/laprensacristiana.com\/#website\",\"url\":\"https:\/\/laprensacristiana.com\/\",\"name\":\"La Prensa Cristiana\",\"description\":\"Anunciando Las Buenas Nuevas\",\"potentialAction\":[{\"@type\":\"SearchAction\",\"target\":{\"@type\":\"EntryPoint\",\"urlTemplate\":\"https:\/\/laprensacristiana.com\/?s={search_term_string}\"},\"query-input\":\"required name=search_term_string\"}],\"inLanguage\":\"es\"},{\"@type\":\"Person\",\"@id\":\"https:\/\/laprensacristiana.com\/#\/schema\/person\/3e7d82c6bfd6b1fa67010f8f7cd5256e\",\"name\":\"EDITOR\",\"image\":{\"@type\":\"ImageObject\",\"inLanguage\":\"es\",\"@id\":\"https:\/\/laprensacristiana.com\/#\/schema\/person\/image\/\",\"url\":\"https:\/\/secure.gravatar.com\/avatar\/72069dfb6c13772d9e8381e3638666d2?s=96&d=mm&r=g\",\"contentUrl\":\"https:\/\/secure.gravatar.com\/avatar\/72069dfb6c13772d9e8381e3638666d2?s=96&d=mm&r=g\",\"caption\":\"EDITOR\"},\"url\":\"https:\/\/laprensacristiana.com\/?author=3\"}]}<\/script>\n<!-- \/ Yoast SEO plugin. -->","yoast_head_json":{"title":"Los Grammy tambi\u00e9n reconoce a los artistas cristianos - La Prensa Cristiana","robots":{"index":"index","follow":"follow","max-snippet":"max-snippet:-1","max-image-preview":"max-image-preview:large","max-video-preview":"max-video-preview:-1"},"canonical":"https:\/\/laprensacristiana.com\/?p=2381","og_locale":"es_ES","og_type":"article","og_title":"Los Grammy tambi\u00e9n reconoce a los artistas cristianos - La Prensa Cristiana","og_description":"El trabajo que realiza un cantante cristiano, tiene un gran peso, debido a su gran preparaci\u00f3n para dar lo mejor de s\u00ed. Pues tambi\u00e9n es importante que se les valore el esfuerzo y talento con un Grammy. En la pasada entrega que fue realizada el domingo en la ciudad de Los \u00c1ngeles, EE.UU. artistas de [&hellip;]","og_url":"https:\/\/laprensacristiana.com\/?p=2381","og_site_name":"La Prensa Cristiana","article_published_time":"2017-02-16T21:18:37+00:00","article_modified_time":"2020-07-02T01:10:14+00:00","og_image":[{"width":850,"height":800,"url":"https:\/\/laprensacristiana.com\/wp-content\/uploads\/2017\/02\/PREMIOS.jpg","type":"image\/jpeg"}],"author":"EDITOR","twitter_card":"summary_large_image","twitter_misc":{"Escrito por":"EDITOR","Tiempo de lectura":"1 minuto"},"schema":{"@context":"https:\/\/schema.org","@graph":[{"@type":"WebPage","@id":"https:\/\/laprensacristiana.com\/?p=2381","url":"https:\/\/laprensacristiana.com\/?p=2381","name":"Los Grammy tambi\u00e9n reconoce a los artistas cristianos - La Prensa Cristiana","isPartOf":{"@id":"https:\/\/laprensacristiana.com\/#website"},"datePublished":"2017-02-16T21:18:37+00:00","dateModified":"2020-07-02T01:10:14+00:00","author":{"@id":"https:\/\/laprensacristiana.com\/#\/schema\/person\/3e7d82c6bfd6b1fa67010f8f7cd5256e"},"breadcrumb":{"@id":"https:\/\/laprensacristiana.com\/?p=2381#breadcrumb"},"inLanguage":"es","potentialAction":[{"@type":"ReadAction","target":["https:\/\/laprensacristiana.com\/?p=2381"]}]},{"@type":"BreadcrumbList","@id":"https:\/\/laprensacristiana.com\/?p=2381#breadcrumb","itemListElement":[{"@type":"ListItem","position":1,"name":"Portada","item":"https:\/\/laprensacristiana.com\/"},{"@type":"ListItem","position":2,"name":"Los Grammy tambi\u00e9n reconoce a los artistas cristianos"}]},{"@type":"WebSite","@id":"https:\/\/laprensacristiana.com\/#website","url":"https:\/\/laprensacristiana.com\/","name":"La Prensa Cristiana","description":"Anunciando Las Buenas Nuevas","potentialAction":[{"@type":"SearchAction","target":{"@type":"EntryPoint","urlTemplate":"https:\/\/laprensacristiana.com\/?s={search_term_string}"},"query-input":"required name=search_term_string"}],"inLanguage":"es"},{"@type":"Person","@id":"https:\/\/laprensacristiana.com\/#\/schema\/person\/3e7d82c6bfd6b1fa67010f8f7cd5256e","name":"EDITOR","image":{"@type":"ImageObject","inLanguage":"es","@id":"https:\/\/laprensacristiana.com\/#\/schema\/person\/image\/","url":"https:\/\/secure.gravatar.com\/avatar\/72069dfb6c13772d9e8381e3638666d2?s=96&d=mm&r=g","contentUrl":"https:\/\/secure.gravatar.com\/avatar\/72069dfb6c13772d9e8381e3638666d2?s=96&d=mm&r=g","caption":"EDITOR"},"url":"https:\/\/laprensacristiana.com\/?author=3"}]}},"_links":{"self":[{"href":"https:\/\/laprensacristiana.com\/index.php?rest_route=\/wp\/v2\/posts\/2381"}],"collection":[{"href":"https:\/\/laprensacristiana.com\/index.php?rest_route=\/wp\/v2\/posts"}],"about":[{"href":"https:\/\/laprensacristiana.com\/index.php?rest_route=\/wp\/v2\/types\/post"}],"author":[{"embeddable":true,"href":"https:\/\/laprensacristiana.com\/index.php?rest_route=\/wp\/v2\/users\/3"}],"replies":[{"embeddable":true,"href":"https:\/\/laprensacristiana.com\/index.php?rest_route=%2Fwp%2Fv2%2Fcomments&post=2381"}],"version-history":[{"count":1,"href":"https:\/\/laprensacristiana.com\/index.php?rest_route=\/wp\/v2\/posts\/2381\/revisions"}],"predecessor-version":[{"id":2383,"href":"https:\/\/laprensacristiana.com\/index.php?rest_route=\/wp\/v2\/posts\/2381\/revisions\/2383"}],"wp:featuredmedia":[{"embeddable":true,"href":"https:\/\/laprensacristiana.com\/index.php?rest_route=\/wp\/v2\/media\/2382"}],"wp:attachment":[{"href":"https:\/\/laprensacristiana.com\/index.php?rest_route=%2Fwp%2Fv2%2Fmedia&parent=2381"}],"wp:term":[{"taxonomy":"category","embeddable":true,"href":"https:\/\/laprensacristiana.com\/index.php?rest_route=%2Fwp%2Fv2%2Fcategories&post=2381"},{"taxonomy":"post_tag","embeddable":true,"href":"https:\/\/laprensacristiana.com\/index.php?rest_route=%2Fwp%2Fv2%2Ftags&post=2381"}],"curies":[{"name":"wp","href":"https:\/\/api.w.org\/{rel}","templated":true}]}}