{"id":2402,"date":"2017-02-21T21:31:47","date_gmt":"2017-02-21T21:31:47","guid":{"rendered":"https:\/\/laprensacristiana.com\/?p=2402"},"modified":"2020-07-02T01:09:36","modified_gmt":"2020-07-02T01:09:36","slug":"nacimos-porque-otros-pensaron-distinto","status":"publish","type":"post","link":"https:\/\/laprensacristiana.com\/?p=2402","title":{"rendered":"\u201cNacimos porque otros pensaron distinto\u201d"},"content":{"rendered":"<p>Hoy la ministra de Salud Violeta Menj\u00edvar, se postul\u00f3 ante las leyes del pa\u00eds, poniendo en manifiesto que la penalizaci\u00f3n del aborto imposibilita salvar la vida de una mujer, \u00a0cuando su embarazo corre riesgo.<\/p>\n<p>Adem\u00e1s la ministra invit\u00f3 a que se estudie la propuesta de ley presentada hace unos meses por la diputada Lorena Pe\u00f1a, de despenalizar el aborto.<\/p>\n<p>La Pastora de Iglesia del Camino, Rosario Navas, afirma que: <strong><em>\u201cEs una puerta que se abrir\u00e1 para que m\u00e9dicos sin valores puedan autorizar aborto en cualquier caso. Las causales\u00a0 solo son excusas para abrir la oportunidad a m\u00e1s asesinatos a los no nacidos\u201d.<\/em><\/strong><\/p>\n<p><strong><em>\u00abLa ministra de Salud fue la primera que vot\u00f3 a favor de la ratificaci\u00f3n de la reforma al art\u00edculo 1 de la Constituci\u00f3n en 1999 que reconoce como persona a todo ser humano desde la concepci\u00f3n, cuando Schafik H\u00e1ndal\u00a0les autoriz\u00f3 a dar su voto con libertad de conciencia\u00bb.<\/em><\/strong> Coment\u00f3 Navas.<\/p>\n<p>El art\u00edculo 1. de la Constituci\u00f3n de la rep\u00fablica, es bastante expl\u00edcito en decir: \u00a0<strong><em>\u201cEl Salvador reconoce a la persona humana como el origen y el fin de la actividad del Estado, que est\u00e1 organizado para la consecuci\u00f3n de la justicia, de la seguridad jur\u00eddica y del bien com\u00fan. Asimismo reconoce como persona humana a todo ser humano desde el instante de la concepci\u00f3n\u201d.<\/em><\/strong><\/p>\n<p>Aun cuando, la ley es tan clara en lo que cita, hay quienes quieren contradecirla. Y peor cuando al querer hacerlo se desobedece la ley de Dios y su creaci\u00f3n tan genuina para la humanidad.<\/p>\n<p><strong><em>\u201cEl aborto es \u00e9ticamente justificable cuando es para salvar la vida de una mujer<\/em><\/strong>\u201d. Expres\u00f3 la Dra. Violeta Menj\u00edvar.<\/p>\n<p>Al preguntarle a Navas que como pueblo de Dios, \u00bfc\u00f3mo podr\u00edamos hacer para que no se infrinja lo establecido por Dios? Respondi\u00f3 <strong><em>\u201cCreo que a la Iglesia cristiana nos hace falta educaci\u00f3n en esta \u00e1rea. Pero los evang\u00e9licos no sabemos unirnos, y es un tema m\u00e1s all\u00e1 de la religi\u00f3n\u201d.<\/em><\/strong><\/p>\n<p>El Ministerio de Salud, present\u00f3 que en 2015 murieron 14 mujeres\u00a0 producto de complicaciones en el tiempo de sus gestaciones, sin embargo partiendo del hecho en que Dios creo la vida, y cuando se justifica que el aborto deber\u00eda ser aprobado porque fue producto de una violaci\u00f3n (por ejemplo), \u00bfAcaso Dios se equivoca en lo que tiene planeado?<\/p>\n<p>El Pastor Numa Rodezno, miembro organizador de\u00a0 SANTOS, dijo:<em> <strong>\u201c<\/strong><\/em><strong><em>Siempre han querido hacerlo, aun cuando es un crimen hacerlo, ellos solo quieren darle cr\u00e9dito al aborto, darle cr\u00e9dito a todo lo que va en contra de Dios\u201d.<\/em> <\/strong><\/p>\n<p>\u00bfPor qu\u00e9 quienes nos gobiernan no pueden entender que esa aprobaci\u00f3n es todo lo contrario a lo que Dios hizo?<\/p>\n<p><strong><em>\u201cLas autoridades todo lo justifican, <\/em><\/strong><em><strong>es la vida de un humano independientemente por la raz\u00f3n por la que se quiera destruir. Si se aprueba, ya no ser\u00e1 1 sino miles de asesinatos los que se estar\u00edan aprobando\u201d. \u00a0<\/strong><\/em><em>Dijo Rodezno. <\/em><\/p>\n","protected":false},"excerpt":{"rendered":"<p>Hoy la ministra de Salud Violeta Menj\u00edvar, se postul\u00f3 ante las leyes del pa\u00eds, poniendo en manifiesto que la penalizaci\u00f3n del aborto imposibilita salvar la vida de una mujer, \u00a0cuando su embarazo corre riesgo. Adem\u00e1s la ministra invit\u00f3 a que se estudie la propuesta de ley presentada hace unos meses por la diputada Lorena Pe\u00f1a, [&hellip;]<\/p>\n","protected":false},"author":3,"featured_media":2403,"comment_status":"open","ping_status":"open","sticky":false,"template":"","format":"standard","meta":[],"categories":[56],"tags":[],"yoast_head":"<!-- This site is optimized with the Yoast SEO plugin v20.8 - https:\/\/yoast.com\/wordpress\/plugins\/seo\/ -->\n<title>\u201cNacimos porque otros pensaron distinto\u201d - La Prensa Cristiana<\/title>\n<meta name=\"robots\" content=\"index, follow, max-snippet:-1, max-image-preview:large, max-video-preview:-1\" \/>\n<link rel=\"canonical\" href=\"https:\/\/laprensacristiana.com\/?p=2402\" \/>\n<meta property=\"og:locale\" content=\"es_ES\" \/>\n<meta property=\"og:type\" content=\"article\" \/>\n<meta property=\"og:title\" content=\"\u201cNacimos porque otros pensaron distinto\u201d - La Prensa Cristiana\" \/>\n<meta property=\"og:description\" content=\"Hoy la ministra de Salud Violeta Menj\u00edvar, se postul\u00f3 ante las leyes del pa\u00eds, poniendo en manifiesto que la penalizaci\u00f3n del aborto imposibilita salvar la vida de una mujer, \u00a0cuando su embarazo corre riesgo. Adem\u00e1s la ministra invit\u00f3 a que se estudie la propuesta de ley presentada hace unos meses por la diputada Lorena Pe\u00f1a, [&hellip;]\" \/>\n<meta property=\"og:url\" content=\"https:\/\/laprensacristiana.com\/?p=2402\" \/>\n<meta property=\"og:site_name\" content=\"La Prensa Cristiana\" \/>\n<meta property=\"article:published_time\" content=\"2017-02-21T21:31:47+00:00\" \/>\n<meta property=\"article:modified_time\" content=\"2020-07-02T01:09:36+00:00\" \/>\n<meta property=\"og:image\" content=\"https:\/\/laprensacristiana.com\/wp-content\/uploads\/2017\/02\/Nacieron-porque-otros-pensaron-distinto.jpg\" \/>\n\t<meta property=\"og:image:width\" content=\"809\" \/>\n\t<meta property=\"og:image:height\" content=\"720\" \/>\n\t<meta property=\"og:image:type\" content=\"image\/jpeg\" \/>\n<meta name=\"author\" content=\"EDITOR\" \/>\n<meta name=\"twitter:card\" content=\"summary_large_image\" \/>\n<meta name=\"twitter:label1\" content=\"Escrito por\" \/>\n\t<meta name=\"twitter:data1\" content=\"EDITOR\" \/>\n\t<meta name=\"twitter:label2\" content=\"Tiempo de lectura\" \/>\n\t<meta name=\"twitter:data2\" content=\"3 minutos\" \/>\n<script type=\"application\/ld+json\" class=\"yoast-schema-graph\">{\"@context\":\"https:\/\/schema.org\",\"@graph\":[{\"@type\":\"WebPage\",\"@id\":\"https:\/\/laprensacristiana.com\/?p=2402\",\"url\":\"https:\/\/laprensacristiana.com\/?p=2402\",\"name\":\"\u201cNacimos porque otros pensaron distinto\u201d - La Prensa Cristiana\",\"isPartOf\":{\"@id\":\"https:\/\/laprensacristiana.com\/#website\"},\"datePublished\":\"2017-02-21T21:31:47+00:00\",\"dateModified\":\"2020-07-02T01:09:36+00:00\",\"author\":{\"@id\":\"https:\/\/laprensacristiana.com\/#\/schema\/person\/3e7d82c6bfd6b1fa67010f8f7cd5256e\"},\"breadcrumb\":{\"@id\":\"https:\/\/laprensacristiana.com\/?p=2402#breadcrumb\"},\"inLanguage\":\"es\",\"potentialAction\":[{\"@type\":\"ReadAction\",\"target\":[\"https:\/\/laprensacristiana.com\/?p=2402\"]}]},{\"@type\":\"BreadcrumbList\",\"@id\":\"https:\/\/laprensacristiana.com\/?p=2402#breadcrumb\",\"itemListElement\":[{\"@type\":\"ListItem\",\"position\":1,\"name\":\"Portada\",\"item\":\"https:\/\/laprensacristiana.com\/\"},{\"@type\":\"ListItem\",\"position\":2,\"name\":\"\u201cNacimos porque otros pensaron distinto\u201d\"}]},{\"@type\":\"WebSite\",\"@id\":\"https:\/\/laprensacristiana.com\/#website\",\"url\":\"https:\/\/laprensacristiana.com\/\",\"name\":\"La Prensa Cristiana\",\"description\":\"Anunciando Las Buenas Nuevas\",\"potentialAction\":[{\"@type\":\"SearchAction\",\"target\":{\"@type\":\"EntryPoint\",\"urlTemplate\":\"https:\/\/laprensacristiana.com\/?s={search_term_string}\"},\"query-input\":\"required name=search_term_string\"}],\"inLanguage\":\"es\"},{\"@type\":\"Person\",\"@id\":\"https:\/\/laprensacristiana.com\/#\/schema\/person\/3e7d82c6bfd6b1fa67010f8f7cd5256e\",\"name\":\"EDITOR\",\"image\":{\"@type\":\"ImageObject\",\"inLanguage\":\"es\",\"@id\":\"https:\/\/laprensacristiana.com\/#\/schema\/person\/image\/\",\"url\":\"https:\/\/secure.gravatar.com\/avatar\/72069dfb6c13772d9e8381e3638666d2?s=96&d=mm&r=g\",\"contentUrl\":\"https:\/\/secure.gravatar.com\/avatar\/72069dfb6c13772d9e8381e3638666d2?s=96&d=mm&r=g\",\"caption\":\"EDITOR\"},\"url\":\"https:\/\/laprensacristiana.com\/?author=3\"}]}<\/script>\n<!-- \/ Yoast SEO plugin. -->","yoast_head_json":{"title":"\u201cNacimos porque otros pensaron distinto\u201d - La Prensa Cristiana","robots":{"index":"index","follow":"follow","max-snippet":"max-snippet:-1","max-image-preview":"max-image-preview:large","max-video-preview":"max-video-preview:-1"},"canonical":"https:\/\/laprensacristiana.com\/?p=2402","og_locale":"es_ES","og_type":"article","og_title":"\u201cNacimos porque otros pensaron distinto\u201d - La Prensa Cristiana","og_description":"Hoy la ministra de Salud Violeta Menj\u00edvar, se postul\u00f3 ante las leyes del pa\u00eds, poniendo en manifiesto que la penalizaci\u00f3n del aborto imposibilita salvar la vida de una mujer, \u00a0cuando su embarazo corre riesgo. Adem\u00e1s la ministra invit\u00f3 a que se estudie la propuesta de ley presentada hace unos meses por la diputada Lorena Pe\u00f1a, [&hellip;]","og_url":"https:\/\/laprensacristiana.com\/?p=2402","og_site_name":"La Prensa Cristiana","article_published_time":"2017-02-21T21:31:47+00:00","article_modified_time":"2020-07-02T01:09:36+00:00","og_image":[{"width":809,"height":720,"url":"https:\/\/laprensacristiana.com\/wp-content\/uploads\/2017\/02\/Nacieron-porque-otros-pensaron-distinto.jpg","type":"image\/jpeg"}],"author":"EDITOR","twitter_card":"summary_large_image","twitter_misc":{"Escrito por":"EDITOR","Tiempo de lectura":"3 minutos"},"schema":{"@context":"https:\/\/schema.org","@graph":[{"@type":"WebPage","@id":"https:\/\/laprensacristiana.com\/?p=2402","url":"https:\/\/laprensacristiana.com\/?p=2402","name":"\u201cNacimos porque otros pensaron distinto\u201d - La Prensa Cristiana","isPartOf":{"@id":"https:\/\/laprensacristiana.com\/#website"},"datePublished":"2017-02-21T21:31:47+00:00","dateModified":"2020-07-02T01:09:36+00:00","author":{"@id":"https:\/\/laprensacristiana.com\/#\/schema\/person\/3e7d82c6bfd6b1fa67010f8f7cd5256e"},"breadcrumb":{"@id":"https:\/\/laprensacristiana.com\/?p=2402#breadcrumb"},"inLanguage":"es","potentialAction":[{"@type":"ReadAction","target":["https:\/\/laprensacristiana.com\/?p=2402"]}]},{"@type":"BreadcrumbList","@id":"https:\/\/laprensacristiana.com\/?p=2402#breadcrumb","itemListElement":[{"@type":"ListItem","position":1,"name":"Portada","item":"https:\/\/laprensacristiana.com\/"},{"@type":"ListItem","position":2,"name":"\u201cNacimos porque otros pensaron distinto\u201d"}]},{"@type":"WebSite","@id":"https:\/\/laprensacristiana.com\/#website","url":"https:\/\/laprensacristiana.com\/","name":"La Prensa Cristiana","description":"Anunciando Las Buenas Nuevas","potentialAction":[{"@type":"SearchAction","target":{"@type":"EntryPoint","urlTemplate":"https:\/\/laprensacristiana.com\/?s={search_term_string}"},"query-input":"required name=search_term_string"}],"inLanguage":"es"},{"@type":"Person","@id":"https:\/\/laprensacristiana.com\/#\/schema\/person\/3e7d82c6bfd6b1fa67010f8f7cd5256e","name":"EDITOR","image":{"@type":"ImageObject","inLanguage":"es","@id":"https:\/\/laprensacristiana.com\/#\/schema\/person\/image\/","url":"https:\/\/secure.gravatar.com\/avatar\/72069dfb6c13772d9e8381e3638666d2?s=96&d=mm&r=g","contentUrl":"https:\/\/secure.gravatar.com\/avatar\/72069dfb6c13772d9e8381e3638666d2?s=96&d=mm&r=g","caption":"EDITOR"},"url":"https:\/\/laprensacristiana.com\/?author=3"}]}},"_links":{"self":[{"href":"https:\/\/laprensacristiana.com\/index.php?rest_route=\/wp\/v2\/posts\/2402"}],"collection":[{"href":"https:\/\/laprensacristiana.com\/index.php?rest_route=\/wp\/v2\/posts"}],"about":[{"href":"https:\/\/laprensacristiana.com\/index.php?rest_route=\/wp\/v2\/types\/post"}],"author":[{"embeddable":true,"href":"https:\/\/laprensacristiana.com\/index.php?rest_route=\/wp\/v2\/users\/3"}],"replies":[{"embeddable":true,"href":"https:\/\/laprensacristiana.com\/index.php?rest_route=%2Fwp%2Fv2%2Fcomments&post=2402"}],"version-history":[{"count":2,"href":"https:\/\/laprensacristiana.com\/index.php?rest_route=\/wp\/v2\/posts\/2402\/revisions"}],"predecessor-version":[{"id":2406,"href":"https:\/\/laprensacristiana.com\/index.php?rest_route=\/wp\/v2\/posts\/2402\/revisions\/2406"}],"wp:featuredmedia":[{"embeddable":true,"href":"https:\/\/laprensacristiana.com\/index.php?rest_route=\/wp\/v2\/media\/2403"}],"wp:attachment":[{"href":"https:\/\/laprensacristiana.com\/index.php?rest_route=%2Fwp%2Fv2%2Fmedia&parent=2402"}],"wp:term":[{"taxonomy":"category","embeddable":true,"href":"https:\/\/laprensacristiana.com\/index.php?rest_route=%2Fwp%2Fv2%2Fcategories&post=2402"},{"taxonomy":"post_tag","embeddable":true,"href":"https:\/\/laprensacristiana.com\/index.php?rest_route=%2Fwp%2Fv2%2Ftags&post=2402"}],"curies":[{"name":"wp","href":"https:\/\/api.w.org\/{rel}","templated":true}]}}