{"id":2411,"date":"2017-02-22T20:15:39","date_gmt":"2017-02-22T20:15:39","guid":{"rendered":"https:\/\/laprensacristiana.com\/?p=2411"},"modified":"2017-02-23T22:24:44","modified_gmt":"2017-02-23T22:24:44","slug":"mi-proposito","status":"publish","type":"post","link":"https:\/\/laprensacristiana.com\/?p=2411","title":{"rendered":"Mi prop\u00f3sito"},"content":{"rendered":"<h4><em>Por: Vladimir G\u00e1lvez<\/em><\/h4>\n<p>Impresionante ver hoy en d\u00eda, caminar por esta tierra a cantidades de personas las cuales no le hayan sentido a la vida\u2026 Deambulan con una mirada perdida, con una combinaci\u00f3n de ropa que solo ellos saben que es lo que se han puesto, diciendo palabras las cuales est\u00e1n totalmente alejadas de la realidad, sentados en lugares donde la verdad no son para perder el tiempo sino para disfrutar de cada cosa que Dios ha creado para nosotros.<\/p>\n<p>Es lamentable escuchar personas diciendo que lo peor que les pudo haber ocurrido es haber nacido, porque quiz\u00e1 se ven en una realidad que ellos no quisieran estar, j\u00f3venes que se me acercan y me dicen yo no quer\u00eda nacer en la familia que estoy\u2026.<br \/>\nHay unas palabras tan fuertes que d\u00eda a d\u00eda golpean mi coraz\u00f3n en la Biblia en Isa\u00edas 41, donde dice, \u201cMi siervo eres t\u00fa, te escog\u00ed mas no te deseche\u201d\u2026. no me cabe la menor duda que Dios nunca se equivoca, estamos m\u00e1s que bien planificados por parte de Dios, eso nos lleva a pensar y a reflexionar que estamos en el lugar correcto, nacimos en el tiempo correcto y tenemos prop\u00f3sito de vida, el cual en cada palpitar de nuestro coraz\u00f3n, en cada segundo que vivimos se va cumpliendo en cada uno de nosotros.<br \/>\nQuiero\u00a0aclararte\u00a0lo\u00a0siguiente:<\/p>\n<p>1\u00a0\u00a0\u00a0\u00a0Dios\u00a0te\u00a0cre\u00f3\u00a0con\u00a0un\u00a0prop\u00f3sito\u00a0especial.<br \/>\n2\u00a0\u00a0\u00a0\u00a0Jam\u00e1s\u00a0creas\u00a0que\u00a0no\u00a0tienes\u00a0nada\u00a0que\u00a0hacer\u00a0en\u00a0este\u00a0mundo.<br \/>\n3 \u00a0\u00a0\u00a0Lev\u00e1ntate y esfu\u00e9rzate por cumplir ese prop\u00f3sito perfecto que Dios ha puesto en ti.<\/p>\n<p>El hijo pr\u00f3digo le quiso dar prop\u00f3sito a su vida malgastando su herencia (Tiempo, dinero, salud, vida) cuando esa direcci\u00f3n lo llevo a verse demasiado lejos de la realidad y prop\u00f3sito que fue creado. Ahora lo importante es tu actitud con la que te levantes para cumplir ese prop\u00f3sito, dale un giro a tus decisiones, esfu\u00e9rzate de una manera impresionante y date cuenta que no hay fracaso sin antes haberlo intentado, y si ese fracaso llega, pos jam\u00e1s fuiste creado para vivir en el suelo as\u00ed que lev\u00e1ntate sac\u00fadete el polvo y a seguirlo intentando.<br \/>\nJam\u00e1s nuestro Dios nos abandonar\u00e1 en la b\u00fasqueda de ese prop\u00f3sito perfecto y cumplir\u00e1s y honraras a los que est\u00e1n a tu alrededor y por supuesto honraras a Dios.<br \/>\nLos\u00a0supuestos<\/p>\n","protected":false},"excerpt":{"rendered":"<p>Por: Vladimir G\u00e1lvez Impresionante ver hoy en d\u00eda, caminar por esta tierra a cantidades de personas las cuales no le hayan sentido a la vida\u2026 Deambulan con una mirada perdida, con una combinaci\u00f3n de ropa que solo ellos saben que es lo que se han puesto, diciendo palabras las cuales est\u00e1n totalmente alejadas de la [&hellip;]<\/p>\n","protected":false},"author":3,"featured_media":417,"comment_status":"open","ping_status":"open","sticky":false,"template":"","format":"standard","meta":[],"categories":[36],"tags":[],"yoast_head":"<!-- This site is optimized with the Yoast SEO plugin v20.8 - https:\/\/yoast.com\/wordpress\/plugins\/seo\/ -->\n<title>Mi prop\u00f3sito - La Prensa Cristiana<\/title>\n<meta name=\"robots\" content=\"index, follow, max-snippet:-1, max-image-preview:large, max-video-preview:-1\" \/>\n<link rel=\"canonical\" href=\"https:\/\/laprensacristiana.com\/?p=2411\" \/>\n<meta property=\"og:locale\" content=\"es_ES\" \/>\n<meta property=\"og:type\" content=\"article\" \/>\n<meta property=\"og:title\" content=\"Mi prop\u00f3sito - La Prensa Cristiana\" \/>\n<meta property=\"og:description\" content=\"Por: Vladimir G\u00e1lvez Impresionante ver hoy en d\u00eda, caminar por esta tierra a cantidades de personas las cuales no le hayan sentido a la vida\u2026 Deambulan con una mirada perdida, con una combinaci\u00f3n de ropa que solo ellos saben que es lo que se han puesto, diciendo palabras las cuales est\u00e1n totalmente alejadas de la [&hellip;]\" \/>\n<meta property=\"og:url\" content=\"https:\/\/laprensacristiana.com\/?p=2411\" \/>\n<meta property=\"og:site_name\" content=\"La Prensa Cristiana\" \/>\n<meta property=\"article:published_time\" content=\"2017-02-22T20:15:39+00:00\" \/>\n<meta property=\"article:modified_time\" content=\"2017-02-23T22:24:44+00:00\" \/>\n<meta property=\"og:image\" content=\"https:\/\/laprensacristiana.com\/wp-content\/uploads\/2016\/04\/SECCIONES-01-04-1-scaled.jpg\" \/>\n\t<meta property=\"og:image:width\" content=\"2560\" \/>\n\t<meta property=\"og:image:height\" content=\"1429\" \/>\n\t<meta property=\"og:image:type\" content=\"image\/jpeg\" \/>\n<meta name=\"author\" content=\"EDITOR\" \/>\n<meta name=\"twitter:card\" content=\"summary_large_image\" \/>\n<meta name=\"twitter:label1\" content=\"Escrito por\" \/>\n\t<meta name=\"twitter:data1\" content=\"EDITOR\" \/>\n\t<meta name=\"twitter:label2\" content=\"Tiempo de lectura\" \/>\n\t<meta name=\"twitter:data2\" content=\"2 minutos\" \/>\n<script type=\"application\/ld+json\" class=\"yoast-schema-graph\">{\"@context\":\"https:\/\/schema.org\",\"@graph\":[{\"@type\":\"WebPage\",\"@id\":\"https:\/\/laprensacristiana.com\/?p=2411\",\"url\":\"https:\/\/laprensacristiana.com\/?p=2411\",\"name\":\"Mi prop\u00f3sito - La Prensa Cristiana\",\"isPartOf\":{\"@id\":\"https:\/\/laprensacristiana.com\/#website\"},\"datePublished\":\"2017-02-22T20:15:39+00:00\",\"dateModified\":\"2017-02-23T22:24:44+00:00\",\"author\":{\"@id\":\"https:\/\/laprensacristiana.com\/#\/schema\/person\/3e7d82c6bfd6b1fa67010f8f7cd5256e\"},\"breadcrumb\":{\"@id\":\"https:\/\/laprensacristiana.com\/?p=2411#breadcrumb\"},\"inLanguage\":\"es\",\"potentialAction\":[{\"@type\":\"ReadAction\",\"target\":[\"https:\/\/laprensacristiana.com\/?p=2411\"]}]},{\"@type\":\"BreadcrumbList\",\"@id\":\"https:\/\/laprensacristiana.com\/?p=2411#breadcrumb\",\"itemListElement\":[{\"@type\":\"ListItem\",\"position\":1,\"name\":\"Portada\",\"item\":\"https:\/\/laprensacristiana.com\/\"},{\"@type\":\"ListItem\",\"position\":2,\"name\":\"Mi prop\u00f3sito\"}]},{\"@type\":\"WebSite\",\"@id\":\"https:\/\/laprensacristiana.com\/#website\",\"url\":\"https:\/\/laprensacristiana.com\/\",\"name\":\"La Prensa Cristiana\",\"description\":\"Anunciando Las Buenas Nuevas\",\"potentialAction\":[{\"@type\":\"SearchAction\",\"target\":{\"@type\":\"EntryPoint\",\"urlTemplate\":\"https:\/\/laprensacristiana.com\/?s={search_term_string}\"},\"query-input\":\"required name=search_term_string\"}],\"inLanguage\":\"es\"},{\"@type\":\"Person\",\"@id\":\"https:\/\/laprensacristiana.com\/#\/schema\/person\/3e7d82c6bfd6b1fa67010f8f7cd5256e\",\"name\":\"EDITOR\",\"image\":{\"@type\":\"ImageObject\",\"inLanguage\":\"es\",\"@id\":\"https:\/\/laprensacristiana.com\/#\/schema\/person\/image\/\",\"url\":\"https:\/\/secure.gravatar.com\/avatar\/72069dfb6c13772d9e8381e3638666d2?s=96&d=mm&r=g\",\"contentUrl\":\"https:\/\/secure.gravatar.com\/avatar\/72069dfb6c13772d9e8381e3638666d2?s=96&d=mm&r=g\",\"caption\":\"EDITOR\"},\"url\":\"https:\/\/laprensacristiana.com\/?author=3\"}]}<\/script>\n<!-- \/ Yoast SEO plugin. -->","yoast_head_json":{"title":"Mi prop\u00f3sito - La Prensa Cristiana","robots":{"index":"index","follow":"follow","max-snippet":"max-snippet:-1","max-image-preview":"max-image-preview:large","max-video-preview":"max-video-preview:-1"},"canonical":"https:\/\/laprensacristiana.com\/?p=2411","og_locale":"es_ES","og_type":"article","og_title":"Mi prop\u00f3sito - La Prensa Cristiana","og_description":"Por: Vladimir G\u00e1lvez Impresionante ver hoy en d\u00eda, caminar por esta tierra a cantidades de personas las cuales no le hayan sentido a la vida\u2026 Deambulan con una mirada perdida, con una combinaci\u00f3n de ropa que solo ellos saben que es lo que se han puesto, diciendo palabras las cuales est\u00e1n totalmente alejadas de la [&hellip;]","og_url":"https:\/\/laprensacristiana.com\/?p=2411","og_site_name":"La Prensa Cristiana","article_published_time":"2017-02-22T20:15:39+00:00","article_modified_time":"2017-02-23T22:24:44+00:00","og_image":[{"width":2560,"height":1429,"url":"https:\/\/laprensacristiana.com\/wp-content\/uploads\/2016\/04\/SECCIONES-01-04-1-scaled.jpg","type":"image\/jpeg"}],"author":"EDITOR","twitter_card":"summary_large_image","twitter_misc":{"Escrito por":"EDITOR","Tiempo de lectura":"2 minutos"},"schema":{"@context":"https:\/\/schema.org","@graph":[{"@type":"WebPage","@id":"https:\/\/laprensacristiana.com\/?p=2411","url":"https:\/\/laprensacristiana.com\/?p=2411","name":"Mi prop\u00f3sito - La Prensa Cristiana","isPartOf":{"@id":"https:\/\/laprensacristiana.com\/#website"},"datePublished":"2017-02-22T20:15:39+00:00","dateModified":"2017-02-23T22:24:44+00:00","author":{"@id":"https:\/\/laprensacristiana.com\/#\/schema\/person\/3e7d82c6bfd6b1fa67010f8f7cd5256e"},"breadcrumb":{"@id":"https:\/\/laprensacristiana.com\/?p=2411#breadcrumb"},"inLanguage":"es","potentialAction":[{"@type":"ReadAction","target":["https:\/\/laprensacristiana.com\/?p=2411"]}]},{"@type":"BreadcrumbList","@id":"https:\/\/laprensacristiana.com\/?p=2411#breadcrumb","itemListElement":[{"@type":"ListItem","position":1,"name":"Portada","item":"https:\/\/laprensacristiana.com\/"},{"@type":"ListItem","position":2,"name":"Mi prop\u00f3sito"}]},{"@type":"WebSite","@id":"https:\/\/laprensacristiana.com\/#website","url":"https:\/\/laprensacristiana.com\/","name":"La Prensa Cristiana","description":"Anunciando Las Buenas Nuevas","potentialAction":[{"@type":"SearchAction","target":{"@type":"EntryPoint","urlTemplate":"https:\/\/laprensacristiana.com\/?s={search_term_string}"},"query-input":"required name=search_term_string"}],"inLanguage":"es"},{"@type":"Person","@id":"https:\/\/laprensacristiana.com\/#\/schema\/person\/3e7d82c6bfd6b1fa67010f8f7cd5256e","name":"EDITOR","image":{"@type":"ImageObject","inLanguage":"es","@id":"https:\/\/laprensacristiana.com\/#\/schema\/person\/image\/","url":"https:\/\/secure.gravatar.com\/avatar\/72069dfb6c13772d9e8381e3638666d2?s=96&d=mm&r=g","contentUrl":"https:\/\/secure.gravatar.com\/avatar\/72069dfb6c13772d9e8381e3638666d2?s=96&d=mm&r=g","caption":"EDITOR"},"url":"https:\/\/laprensacristiana.com\/?author=3"}]}},"_links":{"self":[{"href":"https:\/\/laprensacristiana.com\/index.php?rest_route=\/wp\/v2\/posts\/2411"}],"collection":[{"href":"https:\/\/laprensacristiana.com\/index.php?rest_route=\/wp\/v2\/posts"}],"about":[{"href":"https:\/\/laprensacristiana.com\/index.php?rest_route=\/wp\/v2\/types\/post"}],"author":[{"embeddable":true,"href":"https:\/\/laprensacristiana.com\/index.php?rest_route=\/wp\/v2\/users\/3"}],"replies":[{"embeddable":true,"href":"https:\/\/laprensacristiana.com\/index.php?rest_route=%2Fwp%2Fv2%2Fcomments&post=2411"}],"version-history":[{"count":3,"href":"https:\/\/laprensacristiana.com\/index.php?rest_route=\/wp\/v2\/posts\/2411\/revisions"}],"predecessor-version":[{"id":2416,"href":"https:\/\/laprensacristiana.com\/index.php?rest_route=\/wp\/v2\/posts\/2411\/revisions\/2416"}],"wp:featuredmedia":[{"embeddable":true,"href":"https:\/\/laprensacristiana.com\/index.php?rest_route=\/wp\/v2\/media\/417"}],"wp:attachment":[{"href":"https:\/\/laprensacristiana.com\/index.php?rest_route=%2Fwp%2Fv2%2Fmedia&parent=2411"}],"wp:term":[{"taxonomy":"category","embeddable":true,"href":"https:\/\/laprensacristiana.com\/index.php?rest_route=%2Fwp%2Fv2%2Fcategories&post=2411"},{"taxonomy":"post_tag","embeddable":true,"href":"https:\/\/laprensacristiana.com\/index.php?rest_route=%2Fwp%2Fv2%2Ftags&post=2411"}],"curies":[{"name":"wp","href":"https:\/\/api.w.org\/{rel}","templated":true}]}}