{"id":2419,"date":"2017-02-27T19:43:24","date_gmt":"2017-02-27T19:43:24","guid":{"rendered":"https:\/\/laprensacristiana.com\/?p=2419"},"modified":"2020-07-02T01:08:37","modified_gmt":"2020-07-02T01:08:37","slug":"matar-al-bebe-y-destruir-a-la-madre","status":"publish","type":"post","link":"https:\/\/laprensacristiana.com\/?p=2419","title":{"rendered":"\u00bfMatar al beb\u00e9 y destruir a la madre?"},"content":{"rendered":"<p>Hoy por la ma\u00f1ana, La Comisi\u00f3n de Puntos Constitucionales de la Asamblea Legislativa se dio cita con representantes de la Iglesia Evang\u00e9lica y miembros de asociaciones, en un di\u00e1logo abierto para conocer posturas a favor y en contra de la despenalizaci\u00f3n del aborto; en vista de la postura que hace unos d\u00edas dej\u00f3 en claro la ministra de salud.<\/p>\n<figure id=\"attachment_2421\" aria-describedby=\"caption-attachment-2421\" style=\"width: 300px\" class=\"wp-caption alignleft\"><img decoding=\"async\" loading=\"lazy\" class=\"wp-image-2421 size-medium\" src=\"https:\/\/laprensacristiana.com\/wp-content\/uploads\/2017\/02\/FOTO-2-300x175.jpg\" alt=\"FOTO 2\" width=\"300\" height=\"175\" srcset=\"https:\/\/laprensacristiana.com\/wp-content\/uploads\/2017\/02\/FOTO-2-300x175.jpg 300w, https:\/\/laprensacristiana.com\/wp-content\/uploads\/2017\/02\/FOTO-2-600x349.jpg 600w, https:\/\/laprensacristiana.com\/wp-content\/uploads\/2017\/02\/FOTO-2-768x447.jpg 768w, https:\/\/laprensacristiana.com\/wp-content\/uploads\/2017\/02\/FOTO-2-1024x596.jpg 1024w, https:\/\/laprensacristiana.com\/wp-content\/uploads\/2017\/02\/FOTO-2-696x405.jpg 696w, https:\/\/laprensacristiana.com\/wp-content\/uploads\/2017\/02\/FOTO-2-1068x622.jpg 1068w, https:\/\/laprensacristiana.com\/wp-content\/uploads\/2017\/02\/FOTO-2-721x420.jpg 721w, https:\/\/laprensacristiana.com\/wp-content\/uploads\/2017\/02\/FOTO-2.jpg 1092w\" sizes=\"(max-width: 300px) 100vw, 300px\" \/><figcaption id=\"caption-attachment-2421\" class=\"wp-caption-text\">Pastora Rosario Navas y Pastor Josu\u00e9 Anaya.<\/figcaption><\/figure>\n<p>Dentro de este marco, se hicieron presentes la Pastora Rosario Navas, de la Iglesia Del Camino y el Pastor Josu\u00e9 Anaya, presidente de la Asociaci\u00f3n SANTO, quienes dieron su postura ante el tema:<\/p>\n<p><strong><em>\u201cSomos un estado laico, pero La Biblia nos demanda a que oremos por ustedes\u201d<\/em><\/strong> expres\u00f3 Navas, dirigi\u00e9ndose a la mesa de diputados.<\/p>\n<p><strong><em>\u201cSoy representante de la mujer evang\u00e9lica, esto no debe pasar estando basadas en informaci\u00f3n correcta, lo que internacionalmente nos quieren imponer. Es imposible gobernar sin Dios\u201d.<\/em><\/strong> Dijo.<\/p>\n<p>Siendo m\u00e9dico y pastor a la vez, Josu\u00e9 Anaya puso en evidencia su manifiesto en cuanto la educaci\u00f3n sexual y la manera en c\u00f3mo se est\u00e1 tratando:<strong> <em>\u201cDej\u00e9monos que la iglesia es ignorante, en todos los pa\u00edses donde se ha aprobado el aborto, esto no ha resuelto el problema. Somos 2 millones de evang\u00e9licos salvadore\u00f1os estamos en la disponibilidad de un di\u00e1logo. Haremos lo necesario para que no sea aprobado\u201d.<\/em><\/strong><\/p>\n<p>Anaya, adem\u00e1s recalc\u00f3 el hecho en que siempre para defender este tipo de pr\u00e1cticas, se suelen mostrar fotos de ni\u00f1os con enfermedades como hidrocefalia, pero por qu\u00e9 no mostrar esos bebes despedazados. \u00a0El pastor se declar\u00f3 <strong><em>\u201cSalubrista\u201d.<\/em><\/strong><\/p>\n<p>La Comisi\u00f3n de Puntos Institucionales de la Asamblea Legislativa, abri\u00f3 este espacio en vista de las solicitudes que les hacen llegar, para que diferentes agrupaciones puedan compartir su opini\u00f3n referente a un tema de naci\u00f3n espec\u00edfico. En esta ocasi\u00f3n eran 22 solicitudes que hab\u00edan verificado para tratar el tema, de las cuales solo 16 se hicieron presentes.<\/p>\n<figure id=\"attachment_2422\" aria-describedby=\"caption-attachment-2422\" style=\"width: 300px\" class=\"wp-caption alignright\"><img decoding=\"async\" loading=\"lazy\" class=\"size-medium wp-image-2422\" src=\"https:\/\/laprensacristiana.com\/wp-content\/uploads\/2017\/02\/FOTO-1-300x235.jpg\" alt=\"Asociaci\u00f3n S\u00ed a la Vida.\" width=\"300\" height=\"235\" srcset=\"https:\/\/laprensacristiana.com\/wp-content\/uploads\/2017\/02\/FOTO-1-300x235.jpg 300w, https:\/\/laprensacristiana.com\/wp-content\/uploads\/2017\/02\/FOTO-1-600x470.jpg 600w, https:\/\/laprensacristiana.com\/wp-content\/uploads\/2017\/02\/FOTO-1-768x601.jpg 768w, https:\/\/laprensacristiana.com\/wp-content\/uploads\/2017\/02\/FOTO-1-696x545.jpg 696w, https:\/\/laprensacristiana.com\/wp-content\/uploads\/2017\/02\/FOTO-1-537x420.jpg 537w, https:\/\/laprensacristiana.com\/wp-content\/uploads\/2017\/02\/FOTO-1.jpg 934w\" sizes=\"(max-width: 300px) 100vw, 300px\" \/><figcaption id=\"caption-attachment-2422\" class=\"wp-caption-text\">Asociaci\u00f3n S\u00ed a la Vida.<\/figcaption><\/figure>\n<p>Representantes de la asociaci\u00f3n <em>S\u00ed a la Vida<\/em>, expresaron su sentir ante el tema que est\u00e1 en discusi\u00f3n,<strong><em> \u201cEl aborto legal no existe, el aborto seguro no existe. Los m\u00e9dicos no tienen las manos atadas, se debe luchar por ambas vidas porque no es un paciente, sino dos. Violencia y muerte no pueden ser soluci\u00f3n.\u201d<\/em><\/strong><\/p>\n<p><strong><em><br \/>\n<\/em><\/strong><\/p>\n<p><strong><em>\u00a0<\/em><\/strong><\/p>\n","protected":false},"excerpt":{"rendered":"<p>Hoy por la ma\u00f1ana, La Comisi\u00f3n de Puntos Constitucionales de la Asamblea Legislativa se dio cita con representantes de la Iglesia Evang\u00e9lica y miembros de asociaciones, en un di\u00e1logo abierto para conocer posturas a favor y en contra de la despenalizaci\u00f3n del aborto; en vista de la postura que hace unos d\u00edas dej\u00f3 en claro [&hellip;]<\/p>\n","protected":false},"author":3,"featured_media":2420,"comment_status":"open","ping_status":"open","sticky":false,"template":"","format":"standard","meta":[],"categories":[36],"tags":[],"yoast_head":"<!-- This site is optimized with the Yoast SEO plugin v20.8 - https:\/\/yoast.com\/wordpress\/plugins\/seo\/ -->\n<title>\u00bfMatar al beb\u00e9 y destruir a la madre? - La Prensa Cristiana<\/title>\n<meta name=\"robots\" content=\"index, follow, max-snippet:-1, max-image-preview:large, max-video-preview:-1\" \/>\n<link rel=\"canonical\" href=\"https:\/\/laprensacristiana.com\/?p=2419\" \/>\n<meta property=\"og:locale\" content=\"es_ES\" \/>\n<meta property=\"og:type\" content=\"article\" \/>\n<meta property=\"og:title\" content=\"\u00bfMatar al beb\u00e9 y destruir a la madre? - La Prensa Cristiana\" \/>\n<meta property=\"og:description\" content=\"Hoy por la ma\u00f1ana, La Comisi\u00f3n de Puntos Constitucionales de la Asamblea Legislativa se dio cita con representantes de la Iglesia Evang\u00e9lica y miembros de asociaciones, en un di\u00e1logo abierto para conocer posturas a favor y en contra de la despenalizaci\u00f3n del aborto; en vista de la postura que hace unos d\u00edas dej\u00f3 en claro [&hellip;]\" \/>\n<meta property=\"og:url\" content=\"https:\/\/laprensacristiana.com\/?p=2419\" \/>\n<meta property=\"og:site_name\" content=\"La Prensa Cristiana\" \/>\n<meta property=\"article:published_time\" content=\"2017-02-27T19:43:24+00:00\" \/>\n<meta property=\"article:modified_time\" content=\"2020-07-02T01:08:37+00:00\" \/>\n<meta property=\"og:image\" content=\"https:\/\/laprensacristiana.com\/wp-content\/uploads\/2017\/02\/PORTADA-1.jpg\" \/>\n\t<meta property=\"og:image:width\" content=\"1022\" \/>\n\t<meta property=\"og:image:height\" content=\"672\" \/>\n\t<meta property=\"og:image:type\" content=\"image\/jpeg\" \/>\n<meta name=\"author\" content=\"EDITOR\" \/>\n<meta name=\"twitter:card\" content=\"summary_large_image\" \/>\n<meta name=\"twitter:label1\" content=\"Escrito por\" \/>\n\t<meta name=\"twitter:data1\" content=\"EDITOR\" \/>\n\t<meta name=\"twitter:label2\" content=\"Tiempo de lectura\" \/>\n\t<meta name=\"twitter:data2\" content=\"2 minutos\" \/>\n<script type=\"application\/ld+json\" class=\"yoast-schema-graph\">{\"@context\":\"https:\/\/schema.org\",\"@graph\":[{\"@type\":\"WebPage\",\"@id\":\"https:\/\/laprensacristiana.com\/?p=2419\",\"url\":\"https:\/\/laprensacristiana.com\/?p=2419\",\"name\":\"\u00bfMatar al beb\u00e9 y destruir a la madre? - La Prensa Cristiana\",\"isPartOf\":{\"@id\":\"https:\/\/laprensacristiana.com\/#website\"},\"datePublished\":\"2017-02-27T19:43:24+00:00\",\"dateModified\":\"2020-07-02T01:08:37+00:00\",\"author\":{\"@id\":\"https:\/\/laprensacristiana.com\/#\/schema\/person\/3e7d82c6bfd6b1fa67010f8f7cd5256e\"},\"breadcrumb\":{\"@id\":\"https:\/\/laprensacristiana.com\/?p=2419#breadcrumb\"},\"inLanguage\":\"es\",\"potentialAction\":[{\"@type\":\"ReadAction\",\"target\":[\"https:\/\/laprensacristiana.com\/?p=2419\"]}]},{\"@type\":\"BreadcrumbList\",\"@id\":\"https:\/\/laprensacristiana.com\/?p=2419#breadcrumb\",\"itemListElement\":[{\"@type\":\"ListItem\",\"position\":1,\"name\":\"Portada\",\"item\":\"https:\/\/laprensacristiana.com\/\"},{\"@type\":\"ListItem\",\"position\":2,\"name\":\"\u00bfMatar al beb\u00e9 y destruir a la madre?\"}]},{\"@type\":\"WebSite\",\"@id\":\"https:\/\/laprensacristiana.com\/#website\",\"url\":\"https:\/\/laprensacristiana.com\/\",\"name\":\"La Prensa Cristiana\",\"description\":\"Anunciando Las Buenas Nuevas\",\"potentialAction\":[{\"@type\":\"SearchAction\",\"target\":{\"@type\":\"EntryPoint\",\"urlTemplate\":\"https:\/\/laprensacristiana.com\/?s={search_term_string}\"},\"query-input\":\"required name=search_term_string\"}],\"inLanguage\":\"es\"},{\"@type\":\"Person\",\"@id\":\"https:\/\/laprensacristiana.com\/#\/schema\/person\/3e7d82c6bfd6b1fa67010f8f7cd5256e\",\"name\":\"EDITOR\",\"image\":{\"@type\":\"ImageObject\",\"inLanguage\":\"es\",\"@id\":\"https:\/\/laprensacristiana.com\/#\/schema\/person\/image\/\",\"url\":\"https:\/\/secure.gravatar.com\/avatar\/72069dfb6c13772d9e8381e3638666d2?s=96&d=mm&r=g\",\"contentUrl\":\"https:\/\/secure.gravatar.com\/avatar\/72069dfb6c13772d9e8381e3638666d2?s=96&d=mm&r=g\",\"caption\":\"EDITOR\"},\"url\":\"https:\/\/laprensacristiana.com\/?author=3\"}]}<\/script>\n<!-- \/ Yoast SEO plugin. -->","yoast_head_json":{"title":"\u00bfMatar al beb\u00e9 y destruir a la madre? - La Prensa Cristiana","robots":{"index":"index","follow":"follow","max-snippet":"max-snippet:-1","max-image-preview":"max-image-preview:large","max-video-preview":"max-video-preview:-1"},"canonical":"https:\/\/laprensacristiana.com\/?p=2419","og_locale":"es_ES","og_type":"article","og_title":"\u00bfMatar al beb\u00e9 y destruir a la madre? - La Prensa Cristiana","og_description":"Hoy por la ma\u00f1ana, La Comisi\u00f3n de Puntos Constitucionales de la Asamblea Legislativa se dio cita con representantes de la Iglesia Evang\u00e9lica y miembros de asociaciones, en un di\u00e1logo abierto para conocer posturas a favor y en contra de la despenalizaci\u00f3n del aborto; en vista de la postura que hace unos d\u00edas dej\u00f3 en claro [&hellip;]","og_url":"https:\/\/laprensacristiana.com\/?p=2419","og_site_name":"La Prensa Cristiana","article_published_time":"2017-02-27T19:43:24+00:00","article_modified_time":"2020-07-02T01:08:37+00:00","og_image":[{"width":1022,"height":672,"url":"https:\/\/laprensacristiana.com\/wp-content\/uploads\/2017\/02\/PORTADA-1.jpg","type":"image\/jpeg"}],"author":"EDITOR","twitter_card":"summary_large_image","twitter_misc":{"Escrito por":"EDITOR","Tiempo de lectura":"2 minutos"},"schema":{"@context":"https:\/\/schema.org","@graph":[{"@type":"WebPage","@id":"https:\/\/laprensacristiana.com\/?p=2419","url":"https:\/\/laprensacristiana.com\/?p=2419","name":"\u00bfMatar al beb\u00e9 y destruir a la madre? - La Prensa Cristiana","isPartOf":{"@id":"https:\/\/laprensacristiana.com\/#website"},"datePublished":"2017-02-27T19:43:24+00:00","dateModified":"2020-07-02T01:08:37+00:00","author":{"@id":"https:\/\/laprensacristiana.com\/#\/schema\/person\/3e7d82c6bfd6b1fa67010f8f7cd5256e"},"breadcrumb":{"@id":"https:\/\/laprensacristiana.com\/?p=2419#breadcrumb"},"inLanguage":"es","potentialAction":[{"@type":"ReadAction","target":["https:\/\/laprensacristiana.com\/?p=2419"]}]},{"@type":"BreadcrumbList","@id":"https:\/\/laprensacristiana.com\/?p=2419#breadcrumb","itemListElement":[{"@type":"ListItem","position":1,"name":"Portada","item":"https:\/\/laprensacristiana.com\/"},{"@type":"ListItem","position":2,"name":"\u00bfMatar al beb\u00e9 y destruir a la madre?"}]},{"@type":"WebSite","@id":"https:\/\/laprensacristiana.com\/#website","url":"https:\/\/laprensacristiana.com\/","name":"La Prensa Cristiana","description":"Anunciando Las Buenas Nuevas","potentialAction":[{"@type":"SearchAction","target":{"@type":"EntryPoint","urlTemplate":"https:\/\/laprensacristiana.com\/?s={search_term_string}"},"query-input":"required name=search_term_string"}],"inLanguage":"es"},{"@type":"Person","@id":"https:\/\/laprensacristiana.com\/#\/schema\/person\/3e7d82c6bfd6b1fa67010f8f7cd5256e","name":"EDITOR","image":{"@type":"ImageObject","inLanguage":"es","@id":"https:\/\/laprensacristiana.com\/#\/schema\/person\/image\/","url":"https:\/\/secure.gravatar.com\/avatar\/72069dfb6c13772d9e8381e3638666d2?s=96&d=mm&r=g","contentUrl":"https:\/\/secure.gravatar.com\/avatar\/72069dfb6c13772d9e8381e3638666d2?s=96&d=mm&r=g","caption":"EDITOR"},"url":"https:\/\/laprensacristiana.com\/?author=3"}]}},"_links":{"self":[{"href":"https:\/\/laprensacristiana.com\/index.php?rest_route=\/wp\/v2\/posts\/2419"}],"collection":[{"href":"https:\/\/laprensacristiana.com\/index.php?rest_route=\/wp\/v2\/posts"}],"about":[{"href":"https:\/\/laprensacristiana.com\/index.php?rest_route=\/wp\/v2\/types\/post"}],"author":[{"embeddable":true,"href":"https:\/\/laprensacristiana.com\/index.php?rest_route=\/wp\/v2\/users\/3"}],"replies":[{"embeddable":true,"href":"https:\/\/laprensacristiana.com\/index.php?rest_route=%2Fwp%2Fv2%2Fcomments&post=2419"}],"version-history":[{"count":6,"href":"https:\/\/laprensacristiana.com\/index.php?rest_route=\/wp\/v2\/posts\/2419\/revisions"}],"predecessor-version":[{"id":2428,"href":"https:\/\/laprensacristiana.com\/index.php?rest_route=\/wp\/v2\/posts\/2419\/revisions\/2428"}],"wp:featuredmedia":[{"embeddable":true,"href":"https:\/\/laprensacristiana.com\/index.php?rest_route=\/wp\/v2\/media\/2420"}],"wp:attachment":[{"href":"https:\/\/laprensacristiana.com\/index.php?rest_route=%2Fwp%2Fv2%2Fmedia&parent=2419"}],"wp:term":[{"taxonomy":"category","embeddable":true,"href":"https:\/\/laprensacristiana.com\/index.php?rest_route=%2Fwp%2Fv2%2Fcategories&post=2419"},{"taxonomy":"post_tag","embeddable":true,"href":"https:\/\/laprensacristiana.com\/index.php?rest_route=%2Fwp%2Fv2%2Ftags&post=2419"}],"curies":[{"name":"wp","href":"https:\/\/api.w.org\/{rel}","templated":true}]}}