{"id":2435,"date":"2017-02-27T22:14:35","date_gmt":"2017-02-27T22:14:35","guid":{"rendered":"https:\/\/laprensacristiana.com\/?p=2435"},"modified":"2020-07-02T01:08:04","modified_gmt":"2020-07-02T01:08:04","slug":"transferencia-generacional","status":"publish","type":"post","link":"https:\/\/laprensacristiana.com\/?p=2435","title":{"rendered":"Transferencia generacional"},"content":{"rendered":"<p>El s\u00e1bado en horas de la tarde en al auditorio de FEPADE, fue realizada \u00a0la conferencia para pastores y l\u00edderes con Marcos Barrientos, salmista y conferencista internacional, quien visit\u00f3 tierra salvadore\u00f1as para transmitir su mensaje.<\/p>\n<figure id=\"attachment_2437\" aria-describedby=\"caption-attachment-2437\" style=\"width: 205px\" class=\"wp-caption aligncenter\"><img decoding=\"async\" loading=\"lazy\" class=\"size-medium wp-image-2437\" src=\"https:\/\/laprensacristiana.com\/wp-content\/uploads\/2017\/02\/IMG_0550-205x300.jpg\" alt=\"Pastor Dr. Mauricio Navas.\" width=\"205\" height=\"300\" srcset=\"https:\/\/laprensacristiana.com\/wp-content\/uploads\/2017\/02\/IMG_0550-205x300.jpg 205w, https:\/\/laprensacristiana.com\/wp-content\/uploads\/2017\/02\/IMG_0550-600x878.jpg 600w, https:\/\/laprensacristiana.com\/wp-content\/uploads\/2017\/02\/IMG_0550-287x420.jpg 287w, https:\/\/laprensacristiana.com\/wp-content\/uploads\/2017\/02\/IMG_0550.jpg 656w\" sizes=\"(max-width: 205px) 100vw, 205px\" \/><figcaption id=\"caption-attachment-2437\" class=\"wp-caption-text\">Pastor Dr. Mauricio Navas.<\/figcaption><\/figure>\n<p>En la disertaci\u00f3n, a manera de introducci\u00f3n el Pastor general Dr. Mauricio Navas de Iglesia Del Camino, dio testimonio de como pandilleros se han salido de grupos delictivos a los que pertenec\u00edan y se han encaminado con Dios, a lo cual el pastor lo marc\u00f3 como un \u00e9xito.<\/p>\n<figure id=\"attachment_2438\" aria-describedby=\"caption-attachment-2438\" style=\"width: 238px\" class=\"wp-caption alignleft\"><img decoding=\"async\" loading=\"lazy\" class=\"size-medium wp-image-2438\" src=\"https:\/\/laprensacristiana.com\/wp-content\/uploads\/2017\/02\/IMG_0561-238x300.jpg\" alt=\"Marcos Barrientos.\" width=\"238\" height=\"300\" srcset=\"https:\/\/laprensacristiana.com\/wp-content\/uploads\/2017\/02\/IMG_0561-238x300.jpg 238w, https:\/\/laprensacristiana.com\/wp-content\/uploads\/2017\/02\/IMG_0561-600x756.jpg 600w, https:\/\/laprensacristiana.com\/wp-content\/uploads\/2017\/02\/IMG_0561-696x877.jpg 696w, https:\/\/laprensacristiana.com\/wp-content\/uploads\/2017\/02\/IMG_0561-333x420.jpg 333w, https:\/\/laprensacristiana.com\/wp-content\/uploads\/2017\/02\/IMG_0561.jpg 725w\" sizes=\"(max-width: 238px) 100vw, 238px\" \/><figcaption id=\"caption-attachment-2438\" class=\"wp-caption-text\">Marcos Barrientos.<\/figcaption><\/figure>\n<p>Marcos Barrientos, habl\u00f3 sobre la \u00abreconexi\u00f3n generacional\u00bb, su ponencia se enfatiz\u00f3 en el deber de los pastores y l\u00edderes de hoy, ya que tienen que transmitirle el mensaje que Dios les revel\u00f3 a las nuevas generaciones. <strong><em>\u00abTenemos que pensar diferente, no solo trabajar sino desarrollar la inteligencia que Dios nos dio\u00bb.<\/em><\/strong><\/p>\n<p>La asociaci\u00f3n de Chofaristas del pa\u00eds, le otorgaron un reconocimiento a Marcos, por la labor que \u00e9l realiza expandiendo su mensaje. Para Marcos, los hijos tienen que superar a sus padres, sin embargo se tiene que tener la sabidur\u00eda de c\u00f3mo lograrlo. <strong><em>\u00abLes dejan dinero y recursos, pero no les dicen c\u00f3mo\u00a0invertirlo, como es la inteligencia para saber ganarlo, y es ah\u00ed\u00a0donde se rompe la transferencia generacional\u00bb.<\/em><\/strong> A\u00f1adi\u00f3.<\/p>\n<figure id=\"attachment_2439\" aria-describedby=\"caption-attachment-2439\" style=\"width: 300px\" class=\"wp-caption aligncenter\"><img decoding=\"async\" loading=\"lazy\" class=\"size-medium wp-image-2439\" src=\"https:\/\/laprensacristiana.com\/wp-content\/uploads\/2017\/02\/marcos-300x189.jpg\" alt=\"Entrega de placa a Marcos Barrientos. \" width=\"300\" height=\"189\" srcset=\"https:\/\/laprensacristiana.com\/wp-content\/uploads\/2017\/02\/marcos-300x189.jpg 300w, https:\/\/laprensacristiana.com\/wp-content\/uploads\/2017\/02\/marcos-600x377.jpg 600w, https:\/\/laprensacristiana.com\/wp-content\/uploads\/2017\/02\/marcos-768x483.jpg 768w, https:\/\/laprensacristiana.com\/wp-content\/uploads\/2017\/02\/marcos-696x438.jpg 696w, https:\/\/laprensacristiana.com\/wp-content\/uploads\/2017\/02\/marcos-668x420.jpg 668w, https:\/\/laprensacristiana.com\/wp-content\/uploads\/2017\/02\/marcos.jpg 1008w\" sizes=\"(max-width: 300px) 100vw, 300px\" \/><figcaption id=\"caption-attachment-2439\" class=\"wp-caption-text\">Entrega de placa a Marcos Barrientos.<\/figcaption><\/figure>\n<p>&nbsp;<\/p>\n<p>&nbsp;<\/p>\n","protected":false},"excerpt":{"rendered":"<p>El s\u00e1bado en horas de la tarde en al auditorio de FEPADE, fue realizada \u00a0la conferencia para pastores y l\u00edderes con Marcos Barrientos, salmista y conferencista internacional, quien visit\u00f3 tierra salvadore\u00f1as para transmitir su mensaje. En la disertaci\u00f3n, a manera de introducci\u00f3n el Pastor general Dr. Mauricio Navas de Iglesia Del Camino, dio testimonio de [&hellip;]<\/p>\n","protected":false},"author":3,"featured_media":2436,"comment_status":"open","ping_status":"open","sticky":false,"template":"","format":"standard","meta":[],"categories":[56],"tags":[],"yoast_head":"<!-- This site is optimized with the Yoast SEO plugin v20.8 - https:\/\/yoast.com\/wordpress\/plugins\/seo\/ -->\n<title>Transferencia generacional - La Prensa Cristiana<\/title>\n<meta name=\"robots\" content=\"index, follow, max-snippet:-1, max-image-preview:large, max-video-preview:-1\" \/>\n<link rel=\"canonical\" href=\"https:\/\/laprensacristiana.com\/?p=2435\" \/>\n<meta property=\"og:locale\" content=\"es_ES\" \/>\n<meta property=\"og:type\" content=\"article\" \/>\n<meta property=\"og:title\" content=\"Transferencia generacional - La Prensa Cristiana\" \/>\n<meta property=\"og:description\" content=\"El s\u00e1bado en horas de la tarde en al auditorio de FEPADE, fue realizada \u00a0la conferencia para pastores y l\u00edderes con Marcos Barrientos, salmista y conferencista internacional, quien visit\u00f3 tierra salvadore\u00f1as para transmitir su mensaje. En la disertaci\u00f3n, a manera de introducci\u00f3n el Pastor general Dr. Mauricio Navas de Iglesia Del Camino, dio testimonio de [&hellip;]\" \/>\n<meta property=\"og:url\" content=\"https:\/\/laprensacristiana.com\/?p=2435\" \/>\n<meta property=\"og:site_name\" content=\"La Prensa Cristiana\" \/>\n<meta property=\"article:published_time\" content=\"2017-02-27T22:14:35+00:00\" \/>\n<meta property=\"article:modified_time\" content=\"2020-07-02T01:08:04+00:00\" \/>\n<meta property=\"og:image\" content=\"https:\/\/laprensacristiana.com\/wp-content\/uploads\/2017\/02\/IMG_0576.jpg\" \/>\n\t<meta property=\"og:image:width\" content=\"1008\" \/>\n\t<meta property=\"og:image:height\" content=\"672\" \/>\n\t<meta property=\"og:image:type\" content=\"image\/jpeg\" \/>\n<meta name=\"author\" content=\"EDITOR\" \/>\n<meta name=\"twitter:card\" content=\"summary_large_image\" \/>\n<meta name=\"twitter:label1\" content=\"Escrito por\" \/>\n\t<meta name=\"twitter:data1\" content=\"EDITOR\" \/>\n\t<meta name=\"twitter:label2\" content=\"Tiempo de lectura\" \/>\n\t<meta name=\"twitter:data2\" content=\"1 minuto\" \/>\n<script type=\"application\/ld+json\" class=\"yoast-schema-graph\">{\"@context\":\"https:\/\/schema.org\",\"@graph\":[{\"@type\":\"WebPage\",\"@id\":\"https:\/\/laprensacristiana.com\/?p=2435\",\"url\":\"https:\/\/laprensacristiana.com\/?p=2435\",\"name\":\"Transferencia generacional - La Prensa Cristiana\",\"isPartOf\":{\"@id\":\"https:\/\/laprensacristiana.com\/#website\"},\"datePublished\":\"2017-02-27T22:14:35+00:00\",\"dateModified\":\"2020-07-02T01:08:04+00:00\",\"author\":{\"@id\":\"https:\/\/laprensacristiana.com\/#\/schema\/person\/3e7d82c6bfd6b1fa67010f8f7cd5256e\"},\"breadcrumb\":{\"@id\":\"https:\/\/laprensacristiana.com\/?p=2435#breadcrumb\"},\"inLanguage\":\"es\",\"potentialAction\":[{\"@type\":\"ReadAction\",\"target\":[\"https:\/\/laprensacristiana.com\/?p=2435\"]}]},{\"@type\":\"BreadcrumbList\",\"@id\":\"https:\/\/laprensacristiana.com\/?p=2435#breadcrumb\",\"itemListElement\":[{\"@type\":\"ListItem\",\"position\":1,\"name\":\"Portada\",\"item\":\"https:\/\/laprensacristiana.com\/\"},{\"@type\":\"ListItem\",\"position\":2,\"name\":\"Transferencia generacional\"}]},{\"@type\":\"WebSite\",\"@id\":\"https:\/\/laprensacristiana.com\/#website\",\"url\":\"https:\/\/laprensacristiana.com\/\",\"name\":\"La Prensa Cristiana\",\"description\":\"Anunciando Las Buenas Nuevas\",\"potentialAction\":[{\"@type\":\"SearchAction\",\"target\":{\"@type\":\"EntryPoint\",\"urlTemplate\":\"https:\/\/laprensacristiana.com\/?s={search_term_string}\"},\"query-input\":\"required name=search_term_string\"}],\"inLanguage\":\"es\"},{\"@type\":\"Person\",\"@id\":\"https:\/\/laprensacristiana.com\/#\/schema\/person\/3e7d82c6bfd6b1fa67010f8f7cd5256e\",\"name\":\"EDITOR\",\"image\":{\"@type\":\"ImageObject\",\"inLanguage\":\"es\",\"@id\":\"https:\/\/laprensacristiana.com\/#\/schema\/person\/image\/\",\"url\":\"https:\/\/secure.gravatar.com\/avatar\/72069dfb6c13772d9e8381e3638666d2?s=96&d=mm&r=g\",\"contentUrl\":\"https:\/\/secure.gravatar.com\/avatar\/72069dfb6c13772d9e8381e3638666d2?s=96&d=mm&r=g\",\"caption\":\"EDITOR\"},\"url\":\"https:\/\/laprensacristiana.com\/?author=3\"}]}<\/script>\n<!-- \/ Yoast SEO plugin. -->","yoast_head_json":{"title":"Transferencia generacional - La Prensa Cristiana","robots":{"index":"index","follow":"follow","max-snippet":"max-snippet:-1","max-image-preview":"max-image-preview:large","max-video-preview":"max-video-preview:-1"},"canonical":"https:\/\/laprensacristiana.com\/?p=2435","og_locale":"es_ES","og_type":"article","og_title":"Transferencia generacional - La Prensa Cristiana","og_description":"El s\u00e1bado en horas de la tarde en al auditorio de FEPADE, fue realizada \u00a0la conferencia para pastores y l\u00edderes con Marcos Barrientos, salmista y conferencista internacional, quien visit\u00f3 tierra salvadore\u00f1as para transmitir su mensaje. En la disertaci\u00f3n, a manera de introducci\u00f3n el Pastor general Dr. Mauricio Navas de Iglesia Del Camino, dio testimonio de [&hellip;]","og_url":"https:\/\/laprensacristiana.com\/?p=2435","og_site_name":"La Prensa Cristiana","article_published_time":"2017-02-27T22:14:35+00:00","article_modified_time":"2020-07-02T01:08:04+00:00","og_image":[{"width":1008,"height":672,"url":"https:\/\/laprensacristiana.com\/wp-content\/uploads\/2017\/02\/IMG_0576.jpg","type":"image\/jpeg"}],"author":"EDITOR","twitter_card":"summary_large_image","twitter_misc":{"Escrito por":"EDITOR","Tiempo de lectura":"1 minuto"},"schema":{"@context":"https:\/\/schema.org","@graph":[{"@type":"WebPage","@id":"https:\/\/laprensacristiana.com\/?p=2435","url":"https:\/\/laprensacristiana.com\/?p=2435","name":"Transferencia generacional - La Prensa Cristiana","isPartOf":{"@id":"https:\/\/laprensacristiana.com\/#website"},"datePublished":"2017-02-27T22:14:35+00:00","dateModified":"2020-07-02T01:08:04+00:00","author":{"@id":"https:\/\/laprensacristiana.com\/#\/schema\/person\/3e7d82c6bfd6b1fa67010f8f7cd5256e"},"breadcrumb":{"@id":"https:\/\/laprensacristiana.com\/?p=2435#breadcrumb"},"inLanguage":"es","potentialAction":[{"@type":"ReadAction","target":["https:\/\/laprensacristiana.com\/?p=2435"]}]},{"@type":"BreadcrumbList","@id":"https:\/\/laprensacristiana.com\/?p=2435#breadcrumb","itemListElement":[{"@type":"ListItem","position":1,"name":"Portada","item":"https:\/\/laprensacristiana.com\/"},{"@type":"ListItem","position":2,"name":"Transferencia generacional"}]},{"@type":"WebSite","@id":"https:\/\/laprensacristiana.com\/#website","url":"https:\/\/laprensacristiana.com\/","name":"La Prensa Cristiana","description":"Anunciando Las Buenas Nuevas","potentialAction":[{"@type":"SearchAction","target":{"@type":"EntryPoint","urlTemplate":"https:\/\/laprensacristiana.com\/?s={search_term_string}"},"query-input":"required name=search_term_string"}],"inLanguage":"es"},{"@type":"Person","@id":"https:\/\/laprensacristiana.com\/#\/schema\/person\/3e7d82c6bfd6b1fa67010f8f7cd5256e","name":"EDITOR","image":{"@type":"ImageObject","inLanguage":"es","@id":"https:\/\/laprensacristiana.com\/#\/schema\/person\/image\/","url":"https:\/\/secure.gravatar.com\/avatar\/72069dfb6c13772d9e8381e3638666d2?s=96&d=mm&r=g","contentUrl":"https:\/\/secure.gravatar.com\/avatar\/72069dfb6c13772d9e8381e3638666d2?s=96&d=mm&r=g","caption":"EDITOR"},"url":"https:\/\/laprensacristiana.com\/?author=3"}]}},"_links":{"self":[{"href":"https:\/\/laprensacristiana.com\/index.php?rest_route=\/wp\/v2\/posts\/2435"}],"collection":[{"href":"https:\/\/laprensacristiana.com\/index.php?rest_route=\/wp\/v2\/posts"}],"about":[{"href":"https:\/\/laprensacristiana.com\/index.php?rest_route=\/wp\/v2\/types\/post"}],"author":[{"embeddable":true,"href":"https:\/\/laprensacristiana.com\/index.php?rest_route=\/wp\/v2\/users\/3"}],"replies":[{"embeddable":true,"href":"https:\/\/laprensacristiana.com\/index.php?rest_route=%2Fwp%2Fv2%2Fcomments&post=2435"}],"version-history":[{"count":3,"href":"https:\/\/laprensacristiana.com\/index.php?rest_route=\/wp\/v2\/posts\/2435\/revisions"}],"predecessor-version":[{"id":2442,"href":"https:\/\/laprensacristiana.com\/index.php?rest_route=\/wp\/v2\/posts\/2435\/revisions\/2442"}],"wp:featuredmedia":[{"embeddable":true,"href":"https:\/\/laprensacristiana.com\/index.php?rest_route=\/wp\/v2\/media\/2436"}],"wp:attachment":[{"href":"https:\/\/laprensacristiana.com\/index.php?rest_route=%2Fwp%2Fv2%2Fmedia&parent=2435"}],"wp:term":[{"taxonomy":"category","embeddable":true,"href":"https:\/\/laprensacristiana.com\/index.php?rest_route=%2Fwp%2Fv2%2Fcategories&post=2435"},{"taxonomy":"post_tag","embeddable":true,"href":"https:\/\/laprensacristiana.com\/index.php?rest_route=%2Fwp%2Fv2%2Ftags&post=2435"}],"curies":[{"name":"wp","href":"https:\/\/api.w.org\/{rel}","templated":true}]}}