{"id":2446,"date":"2017-03-01T18:12:11","date_gmt":"2017-03-01T18:12:11","guid":{"rendered":"https:\/\/laprensacristiana.com\/?p=2446"},"modified":"2017-03-01T18:21:40","modified_gmt":"2017-03-01T18:21:40","slug":"camina-sobre-la-tierra-de-los-gigantes","status":"publish","type":"post","link":"https:\/\/laprensacristiana.com\/?p=2446","title":{"rendered":"Camina sobre la tierra de los gigantes"},"content":{"rendered":"<h4>Por: Licda. Marielos Salinas.<\/h4>\n<p>En estos tiempos en que vivimos son tiempos agitados, tiempos dif\u00edciles; se vive violencia por un lado y por otro, pero la pregunta es \u00bfQu\u00e9 estamos haciendo por nuestro pa\u00eds? Hemos orado, por el; hemos evangelizado a las personas; otros se quejan de su situaci\u00f3n.<\/p>\n<p>Pero d\u00e9jame decirte que debes creer y tener Fe; debes de caminar por fe, ver hacia adelante sin mirar atr\u00e1s, creer en el Todo Poderoso que aunque los tiempos sean malos hay uno que te dice: \u201cLev\u00e1ntate\u201d que tengo algo para ti, solo tienes que creer acu\u00e9rdate que en la palabra dice: al que cree todo le es posible basta con tener fe, ya que esta act\u00faa sobrenaturalmente donde tu l\u00f3gica no logra entender, es por ello que no te enfoques en los problemas, enf\u00f3cate en las soluciones.<\/p>\n<p>Te preguntar\u00e1s y cu\u00e1l es la solucion, dejame decirte que la soluci\u00f3n a tu problema por el que estas pasando \u00a0es \u201cLa Oraci\u00f3n\u201d\u00a0 por medio de ella puedes solucionar cualquier problema o situaci\u00f3n que est\u00e9s afrontando , acompa\u00f1ado de la fe.<\/p>\n<p>En Jerem\u00edas 33:3 dice \u201cClama a m\u00ed y yo te responder\u00e9 y te ense\u00f1ar\u00e9 cosas grandes y ocultas que t\u00fa no conoces\u201d. Que quiere decir esto, que tenemos que orar sin cesar.<\/p>\n<p>El Se\u00f1or nos ha dado el regalo de la Fe que nos reta cada d\u00eda a creer, que aunque hayan aflicciones \u00c9l ya nos dio la victoria, es por eso que tenemos que esforzarnos, as\u00ed como lo dice en Josue 1:9 \u00abMira que te mando que te esfuerces y seas valiente no temas ni desmayes porque Jehov\u00e1 tu Dios estar\u00e1 en donde quiera que vayas\u00bb. Que quiere decir esto, que debemos de esforzarnos cada d\u00eda y as\u00ed seremos aut\u00e9nticos vencedores, solo debemos de confiar que para Dios no existe la palabra Imposible.<\/p>\n","protected":false},"excerpt":{"rendered":"<p>Por: Licda. Marielos Salinas. En estos tiempos en que vivimos son tiempos agitados, tiempos dif\u00edciles; se vive violencia por un lado y por otro, pero la pregunta es \u00bfQu\u00e9 estamos haciendo por nuestro pa\u00eds? Hemos orado, por el; hemos evangelizado a las personas; otros se quejan de su situaci\u00f3n. Pero d\u00e9jame decirte que debes creer [&hellip;]<\/p>\n","protected":false},"author":3,"featured_media":1836,"comment_status":"open","ping_status":"open","sticky":false,"template":"","format":"standard","meta":[],"categories":[36],"tags":[],"yoast_head":"<!-- This site is optimized with the Yoast SEO plugin v20.8 - https:\/\/yoast.com\/wordpress\/plugins\/seo\/ -->\n<title>Camina sobre la tierra de los gigantes - La Prensa Cristiana<\/title>\n<meta name=\"robots\" content=\"index, follow, max-snippet:-1, max-image-preview:large, max-video-preview:-1\" \/>\n<link rel=\"canonical\" href=\"https:\/\/laprensacristiana.com\/?p=2446\" \/>\n<meta property=\"og:locale\" content=\"es_ES\" \/>\n<meta property=\"og:type\" content=\"article\" \/>\n<meta property=\"og:title\" content=\"Camina sobre la tierra de los gigantes - La Prensa Cristiana\" \/>\n<meta property=\"og:description\" content=\"Por: Licda. Marielos Salinas. En estos tiempos en que vivimos son tiempos agitados, tiempos dif\u00edciles; se vive violencia por un lado y por otro, pero la pregunta es \u00bfQu\u00e9 estamos haciendo por nuestro pa\u00eds? Hemos orado, por el; hemos evangelizado a las personas; otros se quejan de su situaci\u00f3n. Pero d\u00e9jame decirte que debes creer [&hellip;]\" \/>\n<meta property=\"og:url\" content=\"https:\/\/laprensacristiana.com\/?p=2446\" \/>\n<meta property=\"og:site_name\" content=\"La Prensa Cristiana\" \/>\n<meta property=\"article:published_time\" content=\"2017-03-01T18:12:11+00:00\" \/>\n<meta property=\"article:modified_time\" content=\"2017-03-01T18:21:40+00:00\" \/>\n<meta property=\"og:image\" content=\"https:\/\/laprensacristiana.com\/wp-content\/uploads\/2016\/11\/REFLEXION-MARIELOS-SALINAS-01-scaled.jpg\" \/>\n\t<meta property=\"og:image:width\" content=\"2560\" \/>\n\t<meta property=\"og:image:height\" content=\"1429\" \/>\n\t<meta property=\"og:image:type\" content=\"image\/jpeg\" \/>\n<meta name=\"author\" content=\"EDITOR\" \/>\n<meta name=\"twitter:card\" content=\"summary_large_image\" \/>\n<meta name=\"twitter:label1\" content=\"Escrito por\" \/>\n\t<meta name=\"twitter:data1\" content=\"EDITOR\" \/>\n\t<meta name=\"twitter:label2\" content=\"Tiempo de lectura\" \/>\n\t<meta name=\"twitter:data2\" content=\"2 minutos\" \/>\n<script type=\"application\/ld+json\" class=\"yoast-schema-graph\">{\"@context\":\"https:\/\/schema.org\",\"@graph\":[{\"@type\":\"WebPage\",\"@id\":\"https:\/\/laprensacristiana.com\/?p=2446\",\"url\":\"https:\/\/laprensacristiana.com\/?p=2446\",\"name\":\"Camina sobre la tierra de los gigantes - La Prensa Cristiana\",\"isPartOf\":{\"@id\":\"https:\/\/laprensacristiana.com\/#website\"},\"datePublished\":\"2017-03-01T18:12:11+00:00\",\"dateModified\":\"2017-03-01T18:21:40+00:00\",\"author\":{\"@id\":\"https:\/\/laprensacristiana.com\/#\/schema\/person\/3e7d82c6bfd6b1fa67010f8f7cd5256e\"},\"breadcrumb\":{\"@id\":\"https:\/\/laprensacristiana.com\/?p=2446#breadcrumb\"},\"inLanguage\":\"es\",\"potentialAction\":[{\"@type\":\"ReadAction\",\"target\":[\"https:\/\/laprensacristiana.com\/?p=2446\"]}]},{\"@type\":\"BreadcrumbList\",\"@id\":\"https:\/\/laprensacristiana.com\/?p=2446#breadcrumb\",\"itemListElement\":[{\"@type\":\"ListItem\",\"position\":1,\"name\":\"Portada\",\"item\":\"https:\/\/laprensacristiana.com\/\"},{\"@type\":\"ListItem\",\"position\":2,\"name\":\"Camina sobre la tierra de los gigantes\"}]},{\"@type\":\"WebSite\",\"@id\":\"https:\/\/laprensacristiana.com\/#website\",\"url\":\"https:\/\/laprensacristiana.com\/\",\"name\":\"La Prensa Cristiana\",\"description\":\"Anunciando Las Buenas Nuevas\",\"potentialAction\":[{\"@type\":\"SearchAction\",\"target\":{\"@type\":\"EntryPoint\",\"urlTemplate\":\"https:\/\/laprensacristiana.com\/?s={search_term_string}\"},\"query-input\":\"required name=search_term_string\"}],\"inLanguage\":\"es\"},{\"@type\":\"Person\",\"@id\":\"https:\/\/laprensacristiana.com\/#\/schema\/person\/3e7d82c6bfd6b1fa67010f8f7cd5256e\",\"name\":\"EDITOR\",\"image\":{\"@type\":\"ImageObject\",\"inLanguage\":\"es\",\"@id\":\"https:\/\/laprensacristiana.com\/#\/schema\/person\/image\/\",\"url\":\"https:\/\/secure.gravatar.com\/avatar\/72069dfb6c13772d9e8381e3638666d2?s=96&d=mm&r=g\",\"contentUrl\":\"https:\/\/secure.gravatar.com\/avatar\/72069dfb6c13772d9e8381e3638666d2?s=96&d=mm&r=g\",\"caption\":\"EDITOR\"},\"url\":\"https:\/\/laprensacristiana.com\/?author=3\"}]}<\/script>\n<!-- \/ Yoast SEO plugin. -->","yoast_head_json":{"title":"Camina sobre la tierra de los gigantes - La Prensa Cristiana","robots":{"index":"index","follow":"follow","max-snippet":"max-snippet:-1","max-image-preview":"max-image-preview:large","max-video-preview":"max-video-preview:-1"},"canonical":"https:\/\/laprensacristiana.com\/?p=2446","og_locale":"es_ES","og_type":"article","og_title":"Camina sobre la tierra de los gigantes - La Prensa Cristiana","og_description":"Por: Licda. Marielos Salinas. En estos tiempos en que vivimos son tiempos agitados, tiempos dif\u00edciles; se vive violencia por un lado y por otro, pero la pregunta es \u00bfQu\u00e9 estamos haciendo por nuestro pa\u00eds? Hemos orado, por el; hemos evangelizado a las personas; otros se quejan de su situaci\u00f3n. Pero d\u00e9jame decirte que debes creer [&hellip;]","og_url":"https:\/\/laprensacristiana.com\/?p=2446","og_site_name":"La Prensa Cristiana","article_published_time":"2017-03-01T18:12:11+00:00","article_modified_time":"2017-03-01T18:21:40+00:00","og_image":[{"width":2560,"height":1429,"url":"https:\/\/laprensacristiana.com\/wp-content\/uploads\/2016\/11\/REFLEXION-MARIELOS-SALINAS-01-scaled.jpg","type":"image\/jpeg"}],"author":"EDITOR","twitter_card":"summary_large_image","twitter_misc":{"Escrito por":"EDITOR","Tiempo de lectura":"2 minutos"},"schema":{"@context":"https:\/\/schema.org","@graph":[{"@type":"WebPage","@id":"https:\/\/laprensacristiana.com\/?p=2446","url":"https:\/\/laprensacristiana.com\/?p=2446","name":"Camina sobre la tierra de los gigantes - La Prensa Cristiana","isPartOf":{"@id":"https:\/\/laprensacristiana.com\/#website"},"datePublished":"2017-03-01T18:12:11+00:00","dateModified":"2017-03-01T18:21:40+00:00","author":{"@id":"https:\/\/laprensacristiana.com\/#\/schema\/person\/3e7d82c6bfd6b1fa67010f8f7cd5256e"},"breadcrumb":{"@id":"https:\/\/laprensacristiana.com\/?p=2446#breadcrumb"},"inLanguage":"es","potentialAction":[{"@type":"ReadAction","target":["https:\/\/laprensacristiana.com\/?p=2446"]}]},{"@type":"BreadcrumbList","@id":"https:\/\/laprensacristiana.com\/?p=2446#breadcrumb","itemListElement":[{"@type":"ListItem","position":1,"name":"Portada","item":"https:\/\/laprensacristiana.com\/"},{"@type":"ListItem","position":2,"name":"Camina sobre la tierra de los gigantes"}]},{"@type":"WebSite","@id":"https:\/\/laprensacristiana.com\/#website","url":"https:\/\/laprensacristiana.com\/","name":"La Prensa Cristiana","description":"Anunciando Las Buenas Nuevas","potentialAction":[{"@type":"SearchAction","target":{"@type":"EntryPoint","urlTemplate":"https:\/\/laprensacristiana.com\/?s={search_term_string}"},"query-input":"required name=search_term_string"}],"inLanguage":"es"},{"@type":"Person","@id":"https:\/\/laprensacristiana.com\/#\/schema\/person\/3e7d82c6bfd6b1fa67010f8f7cd5256e","name":"EDITOR","image":{"@type":"ImageObject","inLanguage":"es","@id":"https:\/\/laprensacristiana.com\/#\/schema\/person\/image\/","url":"https:\/\/secure.gravatar.com\/avatar\/72069dfb6c13772d9e8381e3638666d2?s=96&d=mm&r=g","contentUrl":"https:\/\/secure.gravatar.com\/avatar\/72069dfb6c13772d9e8381e3638666d2?s=96&d=mm&r=g","caption":"EDITOR"},"url":"https:\/\/laprensacristiana.com\/?author=3"}]}},"_links":{"self":[{"href":"https:\/\/laprensacristiana.com\/index.php?rest_route=\/wp\/v2\/posts\/2446"}],"collection":[{"href":"https:\/\/laprensacristiana.com\/index.php?rest_route=\/wp\/v2\/posts"}],"about":[{"href":"https:\/\/laprensacristiana.com\/index.php?rest_route=\/wp\/v2\/types\/post"}],"author":[{"embeddable":true,"href":"https:\/\/laprensacristiana.com\/index.php?rest_route=\/wp\/v2\/users\/3"}],"replies":[{"embeddable":true,"href":"https:\/\/laprensacristiana.com\/index.php?rest_route=%2Fwp%2Fv2%2Fcomments&post=2446"}],"version-history":[{"count":2,"href":"https:\/\/laprensacristiana.com\/index.php?rest_route=\/wp\/v2\/posts\/2446\/revisions"}],"predecessor-version":[{"id":2448,"href":"https:\/\/laprensacristiana.com\/index.php?rest_route=\/wp\/v2\/posts\/2446\/revisions\/2448"}],"wp:featuredmedia":[{"embeddable":true,"href":"https:\/\/laprensacristiana.com\/index.php?rest_route=\/wp\/v2\/media\/1836"}],"wp:attachment":[{"href":"https:\/\/laprensacristiana.com\/index.php?rest_route=%2Fwp%2Fv2%2Fmedia&parent=2446"}],"wp:term":[{"taxonomy":"category","embeddable":true,"href":"https:\/\/laprensacristiana.com\/index.php?rest_route=%2Fwp%2Fv2%2Fcategories&post=2446"},{"taxonomy":"post_tag","embeddable":true,"href":"https:\/\/laprensacristiana.com\/index.php?rest_route=%2Fwp%2Fv2%2Ftags&post=2446"}],"curies":[{"name":"wp","href":"https:\/\/api.w.org\/{rel}","templated":true}]}}