{"id":2449,"date":"2017-03-01T21:21:11","date_gmt":"2017-03-01T21:21:11","guid":{"rendered":"https:\/\/laprensacristiana.com\/?p=2449"},"modified":"2020-07-02T01:07:49","modified_gmt":"2020-07-02T01:07:49","slug":"llegara-tu-tiempo","status":"publish","type":"post","link":"https:\/\/laprensacristiana.com\/?p=2449","title":{"rendered":"\u00abLlegar\u00e1 tu tiempo\u00bb"},"content":{"rendered":"<p>Hace unos d\u00edas, el cantante Marcos Yaroide anunci\u00f3 por medio de redes sociales, que pr\u00f3ximamente estaria lanzando sus nuevo sencillo llamado \u00abLlegar\u00e1 tu milagro\u00bb. El cual forma parte de su nuevo \u00e1lbum nombrado \u00abLa vida es\u00bb.<\/p>\n<p>El cantante y compositor de origen dominicano, mencion\u00f3 que al estrenarse dicho tema musical, estar\u00e1 disponible en diversas plataformas digitales. Su carrera como solista empez\u00f3 en el 2006. \u00abLa vida es\u00bb, ser\u00eda el sexto \u00e1lbum en la carrera del artista.<\/p>\n","protected":false},"excerpt":{"rendered":"<p>Hace unos d\u00edas, el cantante Marcos Yaroide anunci\u00f3 por medio de redes sociales, que pr\u00f3ximamente estaria lanzando sus nuevo sencillo llamado \u00abLlegar\u00e1 tu milagro\u00bb. El cual forma parte de su nuevo \u00e1lbum nombrado \u00abLa vida es\u00bb. El cantante y compositor de origen dominicano, mencion\u00f3 que al estrenarse dicho tema musical, estar\u00e1 disponible en diversas plataformas [&hellip;]<\/p>\n","protected":false},"author":3,"featured_media":2452,"comment_status":"open","ping_status":"open","sticky":false,"template":"","format":"standard","meta":[],"categories":[36],"tags":[],"yoast_head":"<!-- This site is optimized with the Yoast SEO plugin v20.8 - https:\/\/yoast.com\/wordpress\/plugins\/seo\/ -->\n<title>&quot;Llegar\u00e1 tu tiempo&quot; - La Prensa Cristiana<\/title>\n<meta name=\"robots\" content=\"index, follow, max-snippet:-1, max-image-preview:large, max-video-preview:-1\" \/>\n<link rel=\"canonical\" href=\"https:\/\/laprensacristiana.com\/?p=2449\" \/>\n<meta property=\"og:locale\" content=\"es_ES\" \/>\n<meta property=\"og:type\" content=\"article\" \/>\n<meta property=\"og:title\" content=\"&quot;Llegar\u00e1 tu tiempo&quot; - La Prensa Cristiana\" \/>\n<meta property=\"og:description\" content=\"Hace unos d\u00edas, el cantante Marcos Yaroide anunci\u00f3 por medio de redes sociales, que pr\u00f3ximamente estaria lanzando sus nuevo sencillo llamado \u00abLlegar\u00e1 tu milagro\u00bb. El cual forma parte de su nuevo \u00e1lbum nombrado \u00abLa vida es\u00bb. El cantante y compositor de origen dominicano, mencion\u00f3 que al estrenarse dicho tema musical, estar\u00e1 disponible en diversas plataformas [&hellip;]\" \/>\n<meta property=\"og:url\" content=\"https:\/\/laprensacristiana.com\/?p=2449\" \/>\n<meta property=\"og:site_name\" content=\"La Prensa Cristiana\" \/>\n<meta property=\"article:published_time\" content=\"2017-03-01T21:21:11+00:00\" \/>\n<meta property=\"article:modified_time\" content=\"2020-07-02T01:07:49+00:00\" \/>\n<meta property=\"og:image\" content=\"https:\/\/laprensacristiana.com\/wp-content\/uploads\/2017\/03\/MARCOS.jpg\" \/>\n\t<meta property=\"og:image:width\" content=\"714\" \/>\n\t<meta property=\"og:image:height\" content=\"714\" \/>\n\t<meta property=\"og:image:type\" content=\"image\/jpeg\" \/>\n<meta name=\"author\" content=\"EDITOR\" \/>\n<meta name=\"twitter:card\" content=\"summary_large_image\" \/>\n<meta name=\"twitter:label1\" content=\"Escrito por\" \/>\n\t<meta name=\"twitter:data1\" content=\"EDITOR\" \/>\n<script type=\"application\/ld+json\" class=\"yoast-schema-graph\">{\"@context\":\"https:\/\/schema.org\",\"@graph\":[{\"@type\":\"WebPage\",\"@id\":\"https:\/\/laprensacristiana.com\/?p=2449\",\"url\":\"https:\/\/laprensacristiana.com\/?p=2449\",\"name\":\"\\\"Llegar\u00e1 tu tiempo\\\" - La Prensa Cristiana\",\"isPartOf\":{\"@id\":\"https:\/\/laprensacristiana.com\/#website\"},\"datePublished\":\"2017-03-01T21:21:11+00:00\",\"dateModified\":\"2020-07-02T01:07:49+00:00\",\"author\":{\"@id\":\"https:\/\/laprensacristiana.com\/#\/schema\/person\/3e7d82c6bfd6b1fa67010f8f7cd5256e\"},\"breadcrumb\":{\"@id\":\"https:\/\/laprensacristiana.com\/?p=2449#breadcrumb\"},\"inLanguage\":\"es\",\"potentialAction\":[{\"@type\":\"ReadAction\",\"target\":[\"https:\/\/laprensacristiana.com\/?p=2449\"]}]},{\"@type\":\"BreadcrumbList\",\"@id\":\"https:\/\/laprensacristiana.com\/?p=2449#breadcrumb\",\"itemListElement\":[{\"@type\":\"ListItem\",\"position\":1,\"name\":\"Portada\",\"item\":\"https:\/\/laprensacristiana.com\/\"},{\"@type\":\"ListItem\",\"position\":2,\"name\":\"\u00abLlegar\u00e1 tu tiempo\u00bb\"}]},{\"@type\":\"WebSite\",\"@id\":\"https:\/\/laprensacristiana.com\/#website\",\"url\":\"https:\/\/laprensacristiana.com\/\",\"name\":\"La Prensa Cristiana\",\"description\":\"Anunciando Las Buenas Nuevas\",\"potentialAction\":[{\"@type\":\"SearchAction\",\"target\":{\"@type\":\"EntryPoint\",\"urlTemplate\":\"https:\/\/laprensacristiana.com\/?s={search_term_string}\"},\"query-input\":\"required name=search_term_string\"}],\"inLanguage\":\"es\"},{\"@type\":\"Person\",\"@id\":\"https:\/\/laprensacristiana.com\/#\/schema\/person\/3e7d82c6bfd6b1fa67010f8f7cd5256e\",\"name\":\"EDITOR\",\"image\":{\"@type\":\"ImageObject\",\"inLanguage\":\"es\",\"@id\":\"https:\/\/laprensacristiana.com\/#\/schema\/person\/image\/\",\"url\":\"https:\/\/secure.gravatar.com\/avatar\/72069dfb6c13772d9e8381e3638666d2?s=96&d=mm&r=g\",\"contentUrl\":\"https:\/\/secure.gravatar.com\/avatar\/72069dfb6c13772d9e8381e3638666d2?s=96&d=mm&r=g\",\"caption\":\"EDITOR\"},\"url\":\"https:\/\/laprensacristiana.com\/?author=3\"}]}<\/script>\n<!-- \/ Yoast SEO plugin. -->","yoast_head_json":{"title":"\"Llegar\u00e1 tu tiempo\" - La Prensa Cristiana","robots":{"index":"index","follow":"follow","max-snippet":"max-snippet:-1","max-image-preview":"max-image-preview:large","max-video-preview":"max-video-preview:-1"},"canonical":"https:\/\/laprensacristiana.com\/?p=2449","og_locale":"es_ES","og_type":"article","og_title":"\"Llegar\u00e1 tu tiempo\" - La Prensa Cristiana","og_description":"Hace unos d\u00edas, el cantante Marcos Yaroide anunci\u00f3 por medio de redes sociales, que pr\u00f3ximamente estaria lanzando sus nuevo sencillo llamado \u00abLlegar\u00e1 tu milagro\u00bb. El cual forma parte de su nuevo \u00e1lbum nombrado \u00abLa vida es\u00bb. El cantante y compositor de origen dominicano, mencion\u00f3 que al estrenarse dicho tema musical, estar\u00e1 disponible en diversas plataformas [&hellip;]","og_url":"https:\/\/laprensacristiana.com\/?p=2449","og_site_name":"La Prensa Cristiana","article_published_time":"2017-03-01T21:21:11+00:00","article_modified_time":"2020-07-02T01:07:49+00:00","og_image":[{"width":714,"height":714,"url":"https:\/\/laprensacristiana.com\/wp-content\/uploads\/2017\/03\/MARCOS.jpg","type":"image\/jpeg"}],"author":"EDITOR","twitter_card":"summary_large_image","twitter_misc":{"Escrito por":"EDITOR"},"schema":{"@context":"https:\/\/schema.org","@graph":[{"@type":"WebPage","@id":"https:\/\/laprensacristiana.com\/?p=2449","url":"https:\/\/laprensacristiana.com\/?p=2449","name":"\"Llegar\u00e1 tu tiempo\" - La Prensa Cristiana","isPartOf":{"@id":"https:\/\/laprensacristiana.com\/#website"},"datePublished":"2017-03-01T21:21:11+00:00","dateModified":"2020-07-02T01:07:49+00:00","author":{"@id":"https:\/\/laprensacristiana.com\/#\/schema\/person\/3e7d82c6bfd6b1fa67010f8f7cd5256e"},"breadcrumb":{"@id":"https:\/\/laprensacristiana.com\/?p=2449#breadcrumb"},"inLanguage":"es","potentialAction":[{"@type":"ReadAction","target":["https:\/\/laprensacristiana.com\/?p=2449"]}]},{"@type":"BreadcrumbList","@id":"https:\/\/laprensacristiana.com\/?p=2449#breadcrumb","itemListElement":[{"@type":"ListItem","position":1,"name":"Portada","item":"https:\/\/laprensacristiana.com\/"},{"@type":"ListItem","position":2,"name":"\u00abLlegar\u00e1 tu tiempo\u00bb"}]},{"@type":"WebSite","@id":"https:\/\/laprensacristiana.com\/#website","url":"https:\/\/laprensacristiana.com\/","name":"La Prensa Cristiana","description":"Anunciando Las Buenas Nuevas","potentialAction":[{"@type":"SearchAction","target":{"@type":"EntryPoint","urlTemplate":"https:\/\/laprensacristiana.com\/?s={search_term_string}"},"query-input":"required name=search_term_string"}],"inLanguage":"es"},{"@type":"Person","@id":"https:\/\/laprensacristiana.com\/#\/schema\/person\/3e7d82c6bfd6b1fa67010f8f7cd5256e","name":"EDITOR","image":{"@type":"ImageObject","inLanguage":"es","@id":"https:\/\/laprensacristiana.com\/#\/schema\/person\/image\/","url":"https:\/\/secure.gravatar.com\/avatar\/72069dfb6c13772d9e8381e3638666d2?s=96&d=mm&r=g","contentUrl":"https:\/\/secure.gravatar.com\/avatar\/72069dfb6c13772d9e8381e3638666d2?s=96&d=mm&r=g","caption":"EDITOR"},"url":"https:\/\/laprensacristiana.com\/?author=3"}]}},"_links":{"self":[{"href":"https:\/\/laprensacristiana.com\/index.php?rest_route=\/wp\/v2\/posts\/2449"}],"collection":[{"href":"https:\/\/laprensacristiana.com\/index.php?rest_route=\/wp\/v2\/posts"}],"about":[{"href":"https:\/\/laprensacristiana.com\/index.php?rest_route=\/wp\/v2\/types\/post"}],"author":[{"embeddable":true,"href":"https:\/\/laprensacristiana.com\/index.php?rest_route=\/wp\/v2\/users\/3"}],"replies":[{"embeddable":true,"href":"https:\/\/laprensacristiana.com\/index.php?rest_route=%2Fwp%2Fv2%2Fcomments&post=2449"}],"version-history":[{"count":1,"href":"https:\/\/laprensacristiana.com\/index.php?rest_route=\/wp\/v2\/posts\/2449\/revisions"}],"predecessor-version":[{"id":2451,"href":"https:\/\/laprensacristiana.com\/index.php?rest_route=\/wp\/v2\/posts\/2449\/revisions\/2451"}],"wp:featuredmedia":[{"embeddable":true,"href":"https:\/\/laprensacristiana.com\/index.php?rest_route=\/wp\/v2\/media\/2452"}],"wp:attachment":[{"href":"https:\/\/laprensacristiana.com\/index.php?rest_route=%2Fwp%2Fv2%2Fmedia&parent=2449"}],"wp:term":[{"taxonomy":"category","embeddable":true,"href":"https:\/\/laprensacristiana.com\/index.php?rest_route=%2Fwp%2Fv2%2Fcategories&post=2449"},{"taxonomy":"post_tag","embeddable":true,"href":"https:\/\/laprensacristiana.com\/index.php?rest_route=%2Fwp%2Fv2%2Ftags&post=2449"}],"curies":[{"name":"wp","href":"https:\/\/api.w.org\/{rel}","templated":true}]}}