{"id":2455,"date":"2017-03-02T19:16:49","date_gmt":"2017-03-02T19:16:49","guid":{"rendered":"https:\/\/laprensacristiana.com\/?p=2455"},"modified":"2020-07-02T01:05:31","modified_gmt":"2020-07-02T01:05:31","slug":"mi-pasion","status":"publish","type":"post","link":"https:\/\/laprensacristiana.com\/?p=2455","title":{"rendered":"Mi pasi\u00f3n"},"content":{"rendered":"<p>El cantante Abraham Reyes, ha lanzado un nuevo sencillo de balada pop llamado <strong><em>\u00abMi pasi\u00f3n\u00bb<\/em><\/strong>, letra que fue escrita por el productor Roberto \u00abTito\u00bb Mart\u00ednez, hace doce a\u00f1os. Dicho tema fue grabado por vez primera en el disco del salmista Erick Bola\u00f1os, en el pa\u00eds vecino de Guatemala.<\/p>\n<p>\u00abEs un canto que habla de poner a Dios en el primer lugar de nuestra vida. Que \u00c9l sea nuestra pasi\u00f3n m\u00e1s grande\u00bb<\/p>\n<p>La canci\u00f3n, es de agradecimiento y confianza que se le tiene a Dios, adem\u00e1s del cuidado que \u00c9l tiene con sus hijos.<strong><em> \u00ab\u00a1Siempre me gust\u00f3 el canto! \u00a0Su estructura musical y lo que nos reta a pensar cuando la cantamos. Es un canto que habla de poner a Dios en el primer lugar de nuestra vida. Que \u00c9l sea nuestra pasi\u00f3n m\u00e1s grande\u00bb.<\/em><\/strong> Dijo Reyes, al preguntarle qu\u00e9 lo motiv\u00f3 a lanzar este tema.<\/p>\n<p>Mi Pasi\u00f3n, ya est\u00e1 sonando en radio El Camino, y muy pronto se grabar\u00e1 un videoclip. Abraham, coment\u00f3 que posiblemente esta canci\u00f3n se parte de su pr\u00f3ximo disco que ser\u00e1 en vivo.<\/p>\n<p>La canci\u00f3n est\u00e1 de forma gratuita para quienes quieran cantarla en sus iglesias, a trav\u00e9s del link\u00a0<a href=\"https:\/\/soundcloud.com\/abrahamreyesministerio\">Abraham Reyes<\/a>.<\/p>\n<p>&nbsp;<\/p>\n","protected":false},"excerpt":{"rendered":"<p>El cantante Abraham Reyes, ha lanzado un nuevo sencillo de balada pop llamado \u00abMi pasi\u00f3n\u00bb, letra que fue escrita por el productor Roberto \u00abTito\u00bb Mart\u00ednez, hace doce a\u00f1os. Dicho tema fue grabado por vez primera en el disco del salmista Erick Bola\u00f1os, en el pa\u00eds vecino de Guatemala. \u00abEs un canto que habla de poner [&hellip;]<\/p>\n","protected":false},"author":3,"featured_media":2456,"comment_status":"open","ping_status":"open","sticky":false,"template":"","format":"standard","meta":[],"categories":[101],"tags":[],"yoast_head":"<!-- This site is optimized with the Yoast SEO plugin v20.8 - https:\/\/yoast.com\/wordpress\/plugins\/seo\/ -->\n<title>Mi pasi\u00f3n - La Prensa Cristiana<\/title>\n<meta name=\"robots\" content=\"index, follow, max-snippet:-1, max-image-preview:large, max-video-preview:-1\" \/>\n<link rel=\"canonical\" href=\"https:\/\/laprensacristiana.com\/?p=2455\" \/>\n<meta property=\"og:locale\" content=\"es_ES\" \/>\n<meta property=\"og:type\" content=\"article\" \/>\n<meta property=\"og:title\" content=\"Mi pasi\u00f3n - La Prensa Cristiana\" \/>\n<meta property=\"og:description\" content=\"El cantante Abraham Reyes, ha lanzado un nuevo sencillo de balada pop llamado \u00abMi pasi\u00f3n\u00bb, letra que fue escrita por el productor Roberto \u00abTito\u00bb Mart\u00ednez, hace doce a\u00f1os. Dicho tema fue grabado por vez primera en el disco del salmista Erick Bola\u00f1os, en el pa\u00eds vecino de Guatemala. \u00abEs un canto que habla de poner [&hellip;]\" \/>\n<meta property=\"og:url\" content=\"https:\/\/laprensacristiana.com\/?p=2455\" \/>\n<meta property=\"og:site_name\" content=\"La Prensa Cristiana\" \/>\n<meta property=\"article:published_time\" content=\"2017-03-02T19:16:49+00:00\" \/>\n<meta property=\"article:modified_time\" content=\"2020-07-02T01:05:31+00:00\" \/>\n<meta property=\"og:image\" content=\"https:\/\/laprensacristiana.com\/wp-content\/uploads\/2017\/03\/REYES.jpg\" \/>\n\t<meta property=\"og:image:width\" content=\"833\" \/>\n\t<meta property=\"og:image:height\" content=\"833\" \/>\n\t<meta property=\"og:image:type\" content=\"image\/jpeg\" \/>\n<meta name=\"author\" content=\"EDITOR\" \/>\n<meta name=\"twitter:card\" content=\"summary_large_image\" \/>\n<meta name=\"twitter:label1\" content=\"Escrito por\" \/>\n\t<meta name=\"twitter:data1\" content=\"EDITOR\" \/>\n\t<meta name=\"twitter:label2\" content=\"Tiempo de lectura\" \/>\n\t<meta name=\"twitter:data2\" content=\"1 minuto\" \/>\n<script type=\"application\/ld+json\" class=\"yoast-schema-graph\">{\"@context\":\"https:\/\/schema.org\",\"@graph\":[{\"@type\":\"WebPage\",\"@id\":\"https:\/\/laprensacristiana.com\/?p=2455\",\"url\":\"https:\/\/laprensacristiana.com\/?p=2455\",\"name\":\"Mi pasi\u00f3n - La Prensa Cristiana\",\"isPartOf\":{\"@id\":\"https:\/\/laprensacristiana.com\/#website\"},\"datePublished\":\"2017-03-02T19:16:49+00:00\",\"dateModified\":\"2020-07-02T01:05:31+00:00\",\"author\":{\"@id\":\"https:\/\/laprensacristiana.com\/#\/schema\/person\/3e7d82c6bfd6b1fa67010f8f7cd5256e\"},\"breadcrumb\":{\"@id\":\"https:\/\/laprensacristiana.com\/?p=2455#breadcrumb\"},\"inLanguage\":\"es\",\"potentialAction\":[{\"@type\":\"ReadAction\",\"target\":[\"https:\/\/laprensacristiana.com\/?p=2455\"]}]},{\"@type\":\"BreadcrumbList\",\"@id\":\"https:\/\/laprensacristiana.com\/?p=2455#breadcrumb\",\"itemListElement\":[{\"@type\":\"ListItem\",\"position\":1,\"name\":\"Portada\",\"item\":\"https:\/\/laprensacristiana.com\/\"},{\"@type\":\"ListItem\",\"position\":2,\"name\":\"Mi pasi\u00f3n\"}]},{\"@type\":\"WebSite\",\"@id\":\"https:\/\/laprensacristiana.com\/#website\",\"url\":\"https:\/\/laprensacristiana.com\/\",\"name\":\"La Prensa Cristiana\",\"description\":\"Anunciando Las Buenas Nuevas\",\"potentialAction\":[{\"@type\":\"SearchAction\",\"target\":{\"@type\":\"EntryPoint\",\"urlTemplate\":\"https:\/\/laprensacristiana.com\/?s={search_term_string}\"},\"query-input\":\"required name=search_term_string\"}],\"inLanguage\":\"es\"},{\"@type\":\"Person\",\"@id\":\"https:\/\/laprensacristiana.com\/#\/schema\/person\/3e7d82c6bfd6b1fa67010f8f7cd5256e\",\"name\":\"EDITOR\",\"image\":{\"@type\":\"ImageObject\",\"inLanguage\":\"es\",\"@id\":\"https:\/\/laprensacristiana.com\/#\/schema\/person\/image\/\",\"url\":\"https:\/\/secure.gravatar.com\/avatar\/72069dfb6c13772d9e8381e3638666d2?s=96&d=mm&r=g\",\"contentUrl\":\"https:\/\/secure.gravatar.com\/avatar\/72069dfb6c13772d9e8381e3638666d2?s=96&d=mm&r=g\",\"caption\":\"EDITOR\"},\"url\":\"https:\/\/laprensacristiana.com\/?author=3\"}]}<\/script>\n<!-- \/ Yoast SEO plugin. -->","yoast_head_json":{"title":"Mi pasi\u00f3n - La Prensa Cristiana","robots":{"index":"index","follow":"follow","max-snippet":"max-snippet:-1","max-image-preview":"max-image-preview:large","max-video-preview":"max-video-preview:-1"},"canonical":"https:\/\/laprensacristiana.com\/?p=2455","og_locale":"es_ES","og_type":"article","og_title":"Mi pasi\u00f3n - La Prensa Cristiana","og_description":"El cantante Abraham Reyes, ha lanzado un nuevo sencillo de balada pop llamado \u00abMi pasi\u00f3n\u00bb, letra que fue escrita por el productor Roberto \u00abTito\u00bb Mart\u00ednez, hace doce a\u00f1os. Dicho tema fue grabado por vez primera en el disco del salmista Erick Bola\u00f1os, en el pa\u00eds vecino de Guatemala. \u00abEs un canto que habla de poner [&hellip;]","og_url":"https:\/\/laprensacristiana.com\/?p=2455","og_site_name":"La Prensa Cristiana","article_published_time":"2017-03-02T19:16:49+00:00","article_modified_time":"2020-07-02T01:05:31+00:00","og_image":[{"width":833,"height":833,"url":"https:\/\/laprensacristiana.com\/wp-content\/uploads\/2017\/03\/REYES.jpg","type":"image\/jpeg"}],"author":"EDITOR","twitter_card":"summary_large_image","twitter_misc":{"Escrito por":"EDITOR","Tiempo de lectura":"1 minuto"},"schema":{"@context":"https:\/\/schema.org","@graph":[{"@type":"WebPage","@id":"https:\/\/laprensacristiana.com\/?p=2455","url":"https:\/\/laprensacristiana.com\/?p=2455","name":"Mi pasi\u00f3n - La Prensa Cristiana","isPartOf":{"@id":"https:\/\/laprensacristiana.com\/#website"},"datePublished":"2017-03-02T19:16:49+00:00","dateModified":"2020-07-02T01:05:31+00:00","author":{"@id":"https:\/\/laprensacristiana.com\/#\/schema\/person\/3e7d82c6bfd6b1fa67010f8f7cd5256e"},"breadcrumb":{"@id":"https:\/\/laprensacristiana.com\/?p=2455#breadcrumb"},"inLanguage":"es","potentialAction":[{"@type":"ReadAction","target":["https:\/\/laprensacristiana.com\/?p=2455"]}]},{"@type":"BreadcrumbList","@id":"https:\/\/laprensacristiana.com\/?p=2455#breadcrumb","itemListElement":[{"@type":"ListItem","position":1,"name":"Portada","item":"https:\/\/laprensacristiana.com\/"},{"@type":"ListItem","position":2,"name":"Mi pasi\u00f3n"}]},{"@type":"WebSite","@id":"https:\/\/laprensacristiana.com\/#website","url":"https:\/\/laprensacristiana.com\/","name":"La Prensa Cristiana","description":"Anunciando Las Buenas Nuevas","potentialAction":[{"@type":"SearchAction","target":{"@type":"EntryPoint","urlTemplate":"https:\/\/laprensacristiana.com\/?s={search_term_string}"},"query-input":"required name=search_term_string"}],"inLanguage":"es"},{"@type":"Person","@id":"https:\/\/laprensacristiana.com\/#\/schema\/person\/3e7d82c6bfd6b1fa67010f8f7cd5256e","name":"EDITOR","image":{"@type":"ImageObject","inLanguage":"es","@id":"https:\/\/laprensacristiana.com\/#\/schema\/person\/image\/","url":"https:\/\/secure.gravatar.com\/avatar\/72069dfb6c13772d9e8381e3638666d2?s=96&d=mm&r=g","contentUrl":"https:\/\/secure.gravatar.com\/avatar\/72069dfb6c13772d9e8381e3638666d2?s=96&d=mm&r=g","caption":"EDITOR"},"url":"https:\/\/laprensacristiana.com\/?author=3"}]}},"_links":{"self":[{"href":"https:\/\/laprensacristiana.com\/index.php?rest_route=\/wp\/v2\/posts\/2455"}],"collection":[{"href":"https:\/\/laprensacristiana.com\/index.php?rest_route=\/wp\/v2\/posts"}],"about":[{"href":"https:\/\/laprensacristiana.com\/index.php?rest_route=\/wp\/v2\/types\/post"}],"author":[{"embeddable":true,"href":"https:\/\/laprensacristiana.com\/index.php?rest_route=\/wp\/v2\/users\/3"}],"replies":[{"embeddable":true,"href":"https:\/\/laprensacristiana.com\/index.php?rest_route=%2Fwp%2Fv2%2Fcomments&post=2455"}],"version-history":[{"count":3,"href":"https:\/\/laprensacristiana.com\/index.php?rest_route=\/wp\/v2\/posts\/2455\/revisions"}],"predecessor-version":[{"id":2459,"href":"https:\/\/laprensacristiana.com\/index.php?rest_route=\/wp\/v2\/posts\/2455\/revisions\/2459"}],"wp:featuredmedia":[{"embeddable":true,"href":"https:\/\/laprensacristiana.com\/index.php?rest_route=\/wp\/v2\/media\/2456"}],"wp:attachment":[{"href":"https:\/\/laprensacristiana.com\/index.php?rest_route=%2Fwp%2Fv2%2Fmedia&parent=2455"}],"wp:term":[{"taxonomy":"category","embeddable":true,"href":"https:\/\/laprensacristiana.com\/index.php?rest_route=%2Fwp%2Fv2%2Fcategories&post=2455"},{"taxonomy":"post_tag","embeddable":true,"href":"https:\/\/laprensacristiana.com\/index.php?rest_route=%2Fwp%2Fv2%2Ftags&post=2455"}],"curies":[{"name":"wp","href":"https:\/\/api.w.org\/{rel}","templated":true}]}}