{"id":2464,"date":"2017-03-06T16:55:45","date_gmt":"2017-03-06T16:55:45","guid":{"rendered":"https:\/\/laprensacristiana.com\/?p=2464"},"modified":"2020-07-02T01:04:43","modified_gmt":"2020-07-02T01:04:43","slug":"aprovecha-tu-tiempo","status":"publish","type":"post","link":"https:\/\/laprensacristiana.com\/?p=2464","title":{"rendered":"APROVECHA TU TIEMPO"},"content":{"rendered":"<p><span style=\"color: #333399;\">POR JULY DE SOSA\u00a0<\/span><\/p>\n<p style=\"text-align: justify;\"><span style=\"color: #333399;\">Cada ma\u00f1ana a todos se nos presenta una nueva oportunidad de vida, pero es decisi\u00f3n de cada quien aprovechar o mal gastar, ese tiempo.<\/span><\/p>\n<p style=\"text-align: justify;\"><span style=\"color: #333399;\">El libro de Eclesiast\u00e9s, afirma\u2026Dios hizo todo Hermoso en su tiempo.<\/span><\/p>\n<p style=\"text-align: justify;\"><span style=\"color: #333399;\">Dios puso en nuestra mente el sentido del tiempo, es por eso que debemos recordar que el tiempo que se va, no vuelve.<\/span><\/p>\n<p style=\"text-align: justify;\"><span style=\"color: #333399;\">Gracias a esa memoria de tiempo, Podemos ver claramente que aquellos que lo pierden, andan mal y en cosas que no traer\u00e1n, buen porvenir para ellos. Esto exige conocer<\/span><\/p>\n<p style=\"text-align: justify;\"><span style=\"color: #333399;\">como aprovechar el tiempo, para comenzar a dar sentido de valor a nuestras horas.<\/span><\/p>\n<p style=\"text-align: justify;\"><span style=\"color: #333399;\">No valorar el tiempo en nuestra vida; resta importancia a la misma. Si bien es cierto que no podemos aumentar tiempo al d\u00eda, si nos corresponde crear la calidad de vida a ese tiempo. Es precisamente eso lo que nos urge aprender y ense\u00f1ar a nuestros hijos que en algunos casos pasan desperdiciando muchas horas frente a la TV, o en juegos de video. A falta de un adulto que les ense\u00f1e a aprovechar su tiempo en cualquier tipo de arte, disciplina, viajar a trav\u00e9s de un cuento, entre mil cosas m\u00e1s, para aprender a crear calidad de tiempo.<\/span><\/p>\n<p style=\"text-align: justify;\"><span style=\"color: #333399;\">Jes\u00fas horas antes de ser aprendido por la guardia romana pidi\u00f3 a sus disc\u00edpulos que velaran junto a \u00e9l, una hora. Pero ellos, no pudieron mantenerse despiertos; y le dejaron solo. Este es un ejemplo id\u00f3neo para comprender la importancia de aprovechar el tiempo. Jes\u00fas estaba triste hasta la muerte, y necesitaba el apoyo de sus disc\u00edpulos en aquella oscura hora.<\/span><\/p>\n<p style=\"text-align: justify;\"><span style=\"color: #333399;\">Perm\u00edtame recordarle dos cosas que a mi juicio ayudan a aprovechar el tiempo.<\/span><\/p>\n<p style=\"text-align: justify;\"><span style=\"color: #333399;\">1-Otorge utilidad a tu tiempo. Urge que entienda que la vida no le ha sido dada para desperdiciarla sino para aprovecharla, recuerde que es ef\u00edmera. Muchos llegan tarde a su vida y otros nunca llegan. Tenemos un ejemplo de esto en Eclesiast\u00e9s 3:17<\/span><\/p>\n<p style=\"text-align: justify;\"><span style=\"color: #333399;\">Viene una hora para el justo y el malvado, pues hay un tiempo para toda obra y un lugar para cada acci\u00f3n. No pase por alto que lo que Dios juzgar\u00e1 es lo que hicimos con el tiempo asignado.<\/span><\/p>\n<p style=\"text-align: justify;\"><span style=\"color: #333399;\">2- P\u00f3ngale plazo a todo lo que anhele alcanzar e invierta su tiempo y fuerzas en ello. Tenemos en la Biblia ejemplo de esto, un hombre llamado: Nehem\u00edas \u00e9l, reconstruyo una ciudad derivada. \u00a0Teniendo como rey a uno que no hablaba su mismo idioma. Pero eso no fue obst\u00e1culo para \u00e9l, Nehem\u00edas dijo: En cuanto le propuse un plazo el rey acepto. Nehem\u00edas 2:4-6.<\/span><\/p>\n<p style=\"text-align: justify;\"><span style=\"color: #333399;\">Tambi\u00e9n tenemos ejemplo de desperdicio de tiempo en Lucas 14: 24. Este es el resultado de personas que viven desaprovechando las oportunidades y su tiempo.<\/span><\/p>\n<p style=\"text-align: justify;\"><span style=\"color: #333399;\">Y t\u00fa \u00bfAprovechas tiempo con Dios? Te recuerdo que ese tiempo es lo \u00fanico que se ir\u00e1 con nosotros a la eternidad. De todo lo dem\u00e1s que poseamos solo nos servir\u00e1 el mejor traje para nuestro cuerpo presente en nuestro funeral.<\/span><\/p>\n<p style=\"text-align: justify;\"><span style=\"color: #333399;\">Te invito a aprovechar el tiempo d\u00e1ndole valor a las horas de tu vida, aun cuando fueres viejo porque Dios no mira nuestro parecer sino, el prop\u00f3sito de vida que tiene con cada uno. Convencida estoy que, as\u00ed como Sara dio a luz a su hijo a sus 90 a\u00f1os. Nosotros llegaremos a la vejez, si Dios nos regala tiempo, siendo fruct\u00edferos aun cuando nuestras fuerzas ya no est\u00e9n.<\/span><\/p>\n<p style=\"text-align: justify;\"><span style=\"color: #333399;\">\u00a1Feliz tiempo de semana!<\/span><\/p>\n<p style=\"text-align: justify;\">\n<p style=\"text-align: justify;\">\n<p>&nbsp;<\/p>\n<p>&nbsp;<\/p>\n","protected":false},"excerpt":{"rendered":"<p>POR JULY DE SOSA\u00a0 Cada ma\u00f1ana a todos se nos presenta una nueva oportunidad de vida, pero es decisi\u00f3n de cada quien aprovechar o mal gastar, ese tiempo. El libro de Eclesiast\u00e9s, afirma\u2026Dios hizo todo Hermoso en su tiempo. Dios puso en nuestra mente el sentido del tiempo, es por eso que debemos recordar que [&hellip;]<\/p>\n","protected":false},"author":3,"featured_media":2400,"comment_status":"open","ping_status":"open","sticky":false,"template":"","format":"standard","meta":[],"categories":[36],"tags":[],"yoast_head":"<!-- This site is optimized with the Yoast SEO plugin v20.8 - https:\/\/yoast.com\/wordpress\/plugins\/seo\/ -->\n<title>APROVECHA TU TIEMPO - La Prensa Cristiana<\/title>\n<meta name=\"robots\" content=\"index, follow, max-snippet:-1, max-image-preview:large, max-video-preview:-1\" \/>\n<link rel=\"canonical\" href=\"https:\/\/laprensacristiana.com\/?p=2464\" \/>\n<meta property=\"og:locale\" content=\"es_ES\" \/>\n<meta property=\"og:type\" content=\"article\" \/>\n<meta property=\"og:title\" content=\"APROVECHA TU TIEMPO - La Prensa Cristiana\" \/>\n<meta property=\"og:description\" content=\"POR JULY DE SOSA\u00a0 Cada ma\u00f1ana a todos se nos presenta una nueva oportunidad de vida, pero es decisi\u00f3n de cada quien aprovechar o mal gastar, ese tiempo. El libro de Eclesiast\u00e9s, afirma\u2026Dios hizo todo Hermoso en su tiempo. Dios puso en nuestra mente el sentido del tiempo, es por eso que debemos recordar que [&hellip;]\" \/>\n<meta property=\"og:url\" content=\"https:\/\/laprensacristiana.com\/?p=2464\" \/>\n<meta property=\"og:site_name\" content=\"La Prensa Cristiana\" \/>\n<meta property=\"article:published_time\" content=\"2017-03-06T16:55:45+00:00\" \/>\n<meta property=\"article:modified_time\" content=\"2020-07-02T01:04:43+00:00\" \/>\n<meta property=\"og:image\" content=\"https:\/\/laprensacristiana.com\/wp-content\/uploads\/2017\/02\/JULY-LPG-2017.jpg\" \/>\n\t<meta property=\"og:image:width\" content=\"1240\" \/>\n\t<meta property=\"og:image:height\" content=\"692\" \/>\n\t<meta property=\"og:image:type\" content=\"image\/jpeg\" \/>\n<meta name=\"author\" content=\"EDITOR\" \/>\n<meta name=\"twitter:card\" content=\"summary_large_image\" \/>\n<meta name=\"twitter:label1\" content=\"Escrito por\" \/>\n\t<meta name=\"twitter:data1\" content=\"EDITOR\" \/>\n\t<meta name=\"twitter:label2\" content=\"Tiempo de lectura\" \/>\n\t<meta name=\"twitter:data2\" content=\"3 minutos\" \/>\n<script type=\"application\/ld+json\" class=\"yoast-schema-graph\">{\"@context\":\"https:\/\/schema.org\",\"@graph\":[{\"@type\":\"WebPage\",\"@id\":\"https:\/\/laprensacristiana.com\/?p=2464\",\"url\":\"https:\/\/laprensacristiana.com\/?p=2464\",\"name\":\"APROVECHA TU TIEMPO - La Prensa Cristiana\",\"isPartOf\":{\"@id\":\"https:\/\/laprensacristiana.com\/#website\"},\"datePublished\":\"2017-03-06T16:55:45+00:00\",\"dateModified\":\"2020-07-02T01:04:43+00:00\",\"author\":{\"@id\":\"https:\/\/laprensacristiana.com\/#\/schema\/person\/3e7d82c6bfd6b1fa67010f8f7cd5256e\"},\"breadcrumb\":{\"@id\":\"https:\/\/laprensacristiana.com\/?p=2464#breadcrumb\"},\"inLanguage\":\"es\",\"potentialAction\":[{\"@type\":\"ReadAction\",\"target\":[\"https:\/\/laprensacristiana.com\/?p=2464\"]}]},{\"@type\":\"BreadcrumbList\",\"@id\":\"https:\/\/laprensacristiana.com\/?p=2464#breadcrumb\",\"itemListElement\":[{\"@type\":\"ListItem\",\"position\":1,\"name\":\"Portada\",\"item\":\"https:\/\/laprensacristiana.com\/\"},{\"@type\":\"ListItem\",\"position\":2,\"name\":\"APROVECHA TU TIEMPO\"}]},{\"@type\":\"WebSite\",\"@id\":\"https:\/\/laprensacristiana.com\/#website\",\"url\":\"https:\/\/laprensacristiana.com\/\",\"name\":\"La Prensa Cristiana\",\"description\":\"Anunciando Las Buenas Nuevas\",\"potentialAction\":[{\"@type\":\"SearchAction\",\"target\":{\"@type\":\"EntryPoint\",\"urlTemplate\":\"https:\/\/laprensacristiana.com\/?s={search_term_string}\"},\"query-input\":\"required name=search_term_string\"}],\"inLanguage\":\"es\"},{\"@type\":\"Person\",\"@id\":\"https:\/\/laprensacristiana.com\/#\/schema\/person\/3e7d82c6bfd6b1fa67010f8f7cd5256e\",\"name\":\"EDITOR\",\"image\":{\"@type\":\"ImageObject\",\"inLanguage\":\"es\",\"@id\":\"https:\/\/laprensacristiana.com\/#\/schema\/person\/image\/\",\"url\":\"https:\/\/secure.gravatar.com\/avatar\/72069dfb6c13772d9e8381e3638666d2?s=96&d=mm&r=g\",\"contentUrl\":\"https:\/\/secure.gravatar.com\/avatar\/72069dfb6c13772d9e8381e3638666d2?s=96&d=mm&r=g\",\"caption\":\"EDITOR\"},\"url\":\"https:\/\/laprensacristiana.com\/?author=3\"}]}<\/script>\n<!-- \/ Yoast SEO plugin. -->","yoast_head_json":{"title":"APROVECHA TU TIEMPO - La Prensa Cristiana","robots":{"index":"index","follow":"follow","max-snippet":"max-snippet:-1","max-image-preview":"max-image-preview:large","max-video-preview":"max-video-preview:-1"},"canonical":"https:\/\/laprensacristiana.com\/?p=2464","og_locale":"es_ES","og_type":"article","og_title":"APROVECHA TU TIEMPO - La Prensa Cristiana","og_description":"POR JULY DE SOSA\u00a0 Cada ma\u00f1ana a todos se nos presenta una nueva oportunidad de vida, pero es decisi\u00f3n de cada quien aprovechar o mal gastar, ese tiempo. El libro de Eclesiast\u00e9s, afirma\u2026Dios hizo todo Hermoso en su tiempo. Dios puso en nuestra mente el sentido del tiempo, es por eso que debemos recordar que [&hellip;]","og_url":"https:\/\/laprensacristiana.com\/?p=2464","og_site_name":"La Prensa Cristiana","article_published_time":"2017-03-06T16:55:45+00:00","article_modified_time":"2020-07-02T01:04:43+00:00","og_image":[{"width":1240,"height":692,"url":"https:\/\/laprensacristiana.com\/wp-content\/uploads\/2017\/02\/JULY-LPG-2017.jpg","type":"image\/jpeg"}],"author":"EDITOR","twitter_card":"summary_large_image","twitter_misc":{"Escrito por":"EDITOR","Tiempo de lectura":"3 minutos"},"schema":{"@context":"https:\/\/schema.org","@graph":[{"@type":"WebPage","@id":"https:\/\/laprensacristiana.com\/?p=2464","url":"https:\/\/laprensacristiana.com\/?p=2464","name":"APROVECHA TU TIEMPO - La Prensa Cristiana","isPartOf":{"@id":"https:\/\/laprensacristiana.com\/#website"},"datePublished":"2017-03-06T16:55:45+00:00","dateModified":"2020-07-02T01:04:43+00:00","author":{"@id":"https:\/\/laprensacristiana.com\/#\/schema\/person\/3e7d82c6bfd6b1fa67010f8f7cd5256e"},"breadcrumb":{"@id":"https:\/\/laprensacristiana.com\/?p=2464#breadcrumb"},"inLanguage":"es","potentialAction":[{"@type":"ReadAction","target":["https:\/\/laprensacristiana.com\/?p=2464"]}]},{"@type":"BreadcrumbList","@id":"https:\/\/laprensacristiana.com\/?p=2464#breadcrumb","itemListElement":[{"@type":"ListItem","position":1,"name":"Portada","item":"https:\/\/laprensacristiana.com\/"},{"@type":"ListItem","position":2,"name":"APROVECHA TU TIEMPO"}]},{"@type":"WebSite","@id":"https:\/\/laprensacristiana.com\/#website","url":"https:\/\/laprensacristiana.com\/","name":"La Prensa Cristiana","description":"Anunciando Las Buenas Nuevas","potentialAction":[{"@type":"SearchAction","target":{"@type":"EntryPoint","urlTemplate":"https:\/\/laprensacristiana.com\/?s={search_term_string}"},"query-input":"required name=search_term_string"}],"inLanguage":"es"},{"@type":"Person","@id":"https:\/\/laprensacristiana.com\/#\/schema\/person\/3e7d82c6bfd6b1fa67010f8f7cd5256e","name":"EDITOR","image":{"@type":"ImageObject","inLanguage":"es","@id":"https:\/\/laprensacristiana.com\/#\/schema\/person\/image\/","url":"https:\/\/secure.gravatar.com\/avatar\/72069dfb6c13772d9e8381e3638666d2?s=96&d=mm&r=g","contentUrl":"https:\/\/secure.gravatar.com\/avatar\/72069dfb6c13772d9e8381e3638666d2?s=96&d=mm&r=g","caption":"EDITOR"},"url":"https:\/\/laprensacristiana.com\/?author=3"}]}},"_links":{"self":[{"href":"https:\/\/laprensacristiana.com\/index.php?rest_route=\/wp\/v2\/posts\/2464"}],"collection":[{"href":"https:\/\/laprensacristiana.com\/index.php?rest_route=\/wp\/v2\/posts"}],"about":[{"href":"https:\/\/laprensacristiana.com\/index.php?rest_route=\/wp\/v2\/types\/post"}],"author":[{"embeddable":true,"href":"https:\/\/laprensacristiana.com\/index.php?rest_route=\/wp\/v2\/users\/3"}],"replies":[{"embeddable":true,"href":"https:\/\/laprensacristiana.com\/index.php?rest_route=%2Fwp%2Fv2%2Fcomments&post=2464"}],"version-history":[{"count":1,"href":"https:\/\/laprensacristiana.com\/index.php?rest_route=\/wp\/v2\/posts\/2464\/revisions"}],"predecessor-version":[{"id":2465,"href":"https:\/\/laprensacristiana.com\/index.php?rest_route=\/wp\/v2\/posts\/2464\/revisions\/2465"}],"wp:featuredmedia":[{"embeddable":true,"href":"https:\/\/laprensacristiana.com\/index.php?rest_route=\/wp\/v2\/media\/2400"}],"wp:attachment":[{"href":"https:\/\/laprensacristiana.com\/index.php?rest_route=%2Fwp%2Fv2%2Fmedia&parent=2464"}],"wp:term":[{"taxonomy":"category","embeddable":true,"href":"https:\/\/laprensacristiana.com\/index.php?rest_route=%2Fwp%2Fv2%2Fcategories&post=2464"},{"taxonomy":"post_tag","embeddable":true,"href":"https:\/\/laprensacristiana.com\/index.php?rest_route=%2Fwp%2Fv2%2Ftags&post=2464"}],"curies":[{"name":"wp","href":"https:\/\/api.w.org\/{rel}","templated":true}]}}