{"id":2473,"date":"2017-03-08T04:16:24","date_gmt":"2017-03-08T04:16:24","guid":{"rendered":"https:\/\/laprensacristiana.com\/?p=2473"},"modified":"2020-07-02T01:03:40","modified_gmt":"2020-07-02T01:03:40","slug":"fortaleciendo-vinculos","status":"publish","type":"post","link":"https:\/\/laprensacristiana.com\/?p=2473","title":{"rendered":"Firman convenio"},"content":{"rendered":"<p>El d\u00eda de ayer en horas de la tarde, la prestigiada Universidad Cristiana de Las Asambleas de Dios (UCAD) estableci\u00f3 un convenio con La Prensa Cristiana (LPC).<\/p>\n<p>Dicha documentaci\u00f3n, promover\u00e1 la cooperaci\u00f3n bilateral entre las instituciones antes mencionadas. Estableciendo que parte del cuerpo estudiantil de la casa de estudios UCAD, podr\u00e1 realizar sus pr\u00e1cticas profesionales y horas sociales en La Prensa Cristiana, todo bajo la agenda de pa\u00eds y gui\u00e1ndose por las pol\u00edticas y principios del medio.<\/p>\n<figure id=\"attachment_2483\" aria-describedby=\"caption-attachment-2483\" style=\"width: 300px\" class=\"wp-caption alignright\"><img decoding=\"async\" loading=\"lazy\" class=\"size-medium wp-image-2483\" src=\"https:\/\/laprensacristiana.com\/wp-content\/uploads\/2017\/03\/U-2-300x213.jpg\" alt=\"Licda. Concepci\u00f3n Gir\u00f3n, decana de la Facultad de Ciencias y Humanidades y Luis \u00c1ngel Medina, director de LPC.\" width=\"300\" height=\"213\" srcset=\"https:\/\/laprensacristiana.com\/wp-content\/uploads\/2017\/03\/U-2-300x213.jpg 300w, https:\/\/laprensacristiana.com\/wp-content\/uploads\/2017\/03\/U-2-600x425.jpg 600w, https:\/\/laprensacristiana.com\/wp-content\/uploads\/2017\/03\/U-2-768x544.jpg 768w, https:\/\/laprensacristiana.com\/wp-content\/uploads\/2017\/03\/U-2-100x70.jpg 100w, https:\/\/laprensacristiana.com\/wp-content\/uploads\/2017\/03\/U-2-696x493.jpg 696w, https:\/\/laprensacristiana.com\/wp-content\/uploads\/2017\/03\/U-2-593x420.jpg 593w, https:\/\/laprensacristiana.com\/wp-content\/uploads\/2017\/03\/U-2.jpg 992w\" sizes=\"(max-width: 300px) 100vw, 300px\" \/><figcaption id=\"caption-attachment-2483\" class=\"wp-caption-text\">Licda. Concepci\u00f3n Gir\u00f3n, decana de la Facultad de Ciencias y Humanidades y Luis \u00c1ngel Medina, Director de LPC.<\/figcaption><\/figure>\n<p>Quien se encarg\u00f3 de firmar la alianza como representante de la UCAD, fue la Decana de la Facultad de Ciencias y Humanidades, Licda. Concepci\u00f3n de Gir\u00f3n, junto a Luis \u00c1ngel Medina, Director de LPC.<\/p>\n<p>Esto como parte de un v\u00ednculo de apoyo, que abre y fortalece los espacios para permitir que ambas partes crezcan en funci\u00f3n de su trabajo.<\/p>\n<figure id=\"attachment_2474\" aria-describedby=\"caption-attachment-2474\" style=\"width: 300px\" class=\"wp-caption alignleft\"><img decoding=\"async\" loading=\"lazy\" class=\"size-medium wp-image-2474\" src=\"https:\/\/laprensacristiana.com\/wp-content\/uploads\/2017\/03\/UCAD-1-300x172.png\" alt=\"Documento oficial.\" width=\"300\" height=\"172\" srcset=\"https:\/\/laprensacristiana.com\/wp-content\/uploads\/2017\/03\/UCAD-1-300x172.png 300w, https:\/\/laprensacristiana.com\/wp-content\/uploads\/2017\/03\/UCAD-1-600x344.png 600w, https:\/\/laprensacristiana.com\/wp-content\/uploads\/2017\/03\/UCAD-1-768x441.png 768w, https:\/\/laprensacristiana.com\/wp-content\/uploads\/2017\/03\/UCAD-1-696x400.png 696w, https:\/\/laprensacristiana.com\/wp-content\/uploads\/2017\/03\/UCAD-1-732x420.png 732w, https:\/\/laprensacristiana.com\/wp-content\/uploads\/2017\/03\/UCAD-1.png 1005w\" sizes=\"(max-width: 300px) 100vw, 300px\" \/><figcaption id=\"caption-attachment-2474\" class=\"wp-caption-text\">Documento oficial.<\/figcaption><\/figure>\n<figure id=\"attachment_2475\" aria-describedby=\"caption-attachment-2475\" style=\"width: 221px\" class=\"wp-caption aligncenter\"><img decoding=\"async\" loading=\"lazy\" class=\"size-medium wp-image-2475\" src=\"https:\/\/laprensacristiana.com\/wp-content\/uploads\/2017\/03\/ucad-3-221x300.png\" alt=\"Firma de los involucrados. \" width=\"221\" height=\"300\" srcset=\"https:\/\/laprensacristiana.com\/wp-content\/uploads\/2017\/03\/ucad-3-221x300.png 221w, https:\/\/laprensacristiana.com\/wp-content\/uploads\/2017\/03\/ucad-3-600x816.png 600w, https:\/\/laprensacristiana.com\/wp-content\/uploads\/2017\/03\/ucad-3-696x947.png 696w, https:\/\/laprensacristiana.com\/wp-content\/uploads\/2017\/03\/ucad-3-309x420.png 309w, https:\/\/laprensacristiana.com\/wp-content\/uploads\/2017\/03\/ucad-3.png 716w\" sizes=\"(max-width: 221px) 100vw, 221px\" \/><figcaption id=\"caption-attachment-2475\" class=\"wp-caption-text\">Firma de los involucrados.<\/figcaption><\/figure>\n","protected":false},"excerpt":{"rendered":"<p>El d\u00eda de ayer en horas de la tarde, la prestigiada Universidad Cristiana de Las Asambleas de Dios (UCAD) estableci\u00f3 un convenio con La Prensa Cristiana (LPC). Dicha documentaci\u00f3n, promover\u00e1 la cooperaci\u00f3n bilateral entre las instituciones antes mencionadas. Estableciendo que parte del cuerpo estudiantil de la casa de estudios UCAD, podr\u00e1 realizar sus pr\u00e1cticas profesionales [&hellip;]<\/p>\n","protected":false},"author":3,"featured_media":2482,"comment_status":"open","ping_status":"open","sticky":false,"template":"","format":"standard","meta":[],"categories":[56],"tags":[],"yoast_head":"<!-- This site is optimized with the Yoast SEO plugin v20.8 - https:\/\/yoast.com\/wordpress\/plugins\/seo\/ -->\n<title>Firman convenio - La Prensa Cristiana<\/title>\n<meta name=\"robots\" content=\"index, follow, max-snippet:-1, max-image-preview:large, max-video-preview:-1\" \/>\n<link rel=\"canonical\" href=\"https:\/\/laprensacristiana.com\/?p=2473\" \/>\n<meta property=\"og:locale\" content=\"es_ES\" \/>\n<meta property=\"og:type\" content=\"article\" \/>\n<meta property=\"og:title\" content=\"Firman convenio - La Prensa Cristiana\" \/>\n<meta property=\"og:description\" content=\"El d\u00eda de ayer en horas de la tarde, la prestigiada Universidad Cristiana de Las Asambleas de Dios (UCAD) estableci\u00f3 un convenio con La Prensa Cristiana (LPC). Dicha documentaci\u00f3n, promover\u00e1 la cooperaci\u00f3n bilateral entre las instituciones antes mencionadas. Estableciendo que parte del cuerpo estudiantil de la casa de estudios UCAD, podr\u00e1 realizar sus pr\u00e1cticas profesionales [&hellip;]\" \/>\n<meta property=\"og:url\" content=\"https:\/\/laprensacristiana.com\/?p=2473\" \/>\n<meta property=\"og:site_name\" content=\"La Prensa Cristiana\" \/>\n<meta property=\"article:published_time\" content=\"2017-03-08T04:16:24+00:00\" \/>\n<meta property=\"article:modified_time\" content=\"2020-07-02T01:03:40+00:00\" \/>\n<meta property=\"og:image\" content=\"https:\/\/laprensacristiana.com\/wp-content\/uploads\/2017\/03\/U-1.jpg\" \/>\n\t<meta property=\"og:image:width\" content=\"707\" \/>\n\t<meta property=\"og:image:height\" content=\"707\" \/>\n\t<meta property=\"og:image:type\" content=\"image\/jpeg\" \/>\n<meta name=\"author\" content=\"EDITOR\" \/>\n<meta name=\"twitter:card\" content=\"summary_large_image\" \/>\n<meta name=\"twitter:label1\" content=\"Escrito por\" \/>\n\t<meta name=\"twitter:data1\" content=\"EDITOR\" \/>\n\t<meta name=\"twitter:label2\" content=\"Tiempo de lectura\" \/>\n\t<meta name=\"twitter:data2\" content=\"1 minuto\" \/>\n<script type=\"application\/ld+json\" class=\"yoast-schema-graph\">{\"@context\":\"https:\/\/schema.org\",\"@graph\":[{\"@type\":\"WebPage\",\"@id\":\"https:\/\/laprensacristiana.com\/?p=2473\",\"url\":\"https:\/\/laprensacristiana.com\/?p=2473\",\"name\":\"Firman convenio - La Prensa Cristiana\",\"isPartOf\":{\"@id\":\"https:\/\/laprensacristiana.com\/#website\"},\"datePublished\":\"2017-03-08T04:16:24+00:00\",\"dateModified\":\"2020-07-02T01:03:40+00:00\",\"author\":{\"@id\":\"https:\/\/laprensacristiana.com\/#\/schema\/person\/3e7d82c6bfd6b1fa67010f8f7cd5256e\"},\"breadcrumb\":{\"@id\":\"https:\/\/laprensacristiana.com\/?p=2473#breadcrumb\"},\"inLanguage\":\"es\",\"potentialAction\":[{\"@type\":\"ReadAction\",\"target\":[\"https:\/\/laprensacristiana.com\/?p=2473\"]}]},{\"@type\":\"BreadcrumbList\",\"@id\":\"https:\/\/laprensacristiana.com\/?p=2473#breadcrumb\",\"itemListElement\":[{\"@type\":\"ListItem\",\"position\":1,\"name\":\"Portada\",\"item\":\"https:\/\/laprensacristiana.com\/\"},{\"@type\":\"ListItem\",\"position\":2,\"name\":\"Firman convenio\"}]},{\"@type\":\"WebSite\",\"@id\":\"https:\/\/laprensacristiana.com\/#website\",\"url\":\"https:\/\/laprensacristiana.com\/\",\"name\":\"La Prensa Cristiana\",\"description\":\"Anunciando Las Buenas Nuevas\",\"potentialAction\":[{\"@type\":\"SearchAction\",\"target\":{\"@type\":\"EntryPoint\",\"urlTemplate\":\"https:\/\/laprensacristiana.com\/?s={search_term_string}\"},\"query-input\":\"required name=search_term_string\"}],\"inLanguage\":\"es\"},{\"@type\":\"Person\",\"@id\":\"https:\/\/laprensacristiana.com\/#\/schema\/person\/3e7d82c6bfd6b1fa67010f8f7cd5256e\",\"name\":\"EDITOR\",\"image\":{\"@type\":\"ImageObject\",\"inLanguage\":\"es\",\"@id\":\"https:\/\/laprensacristiana.com\/#\/schema\/person\/image\/\",\"url\":\"https:\/\/secure.gravatar.com\/avatar\/72069dfb6c13772d9e8381e3638666d2?s=96&d=mm&r=g\",\"contentUrl\":\"https:\/\/secure.gravatar.com\/avatar\/72069dfb6c13772d9e8381e3638666d2?s=96&d=mm&r=g\",\"caption\":\"EDITOR\"},\"url\":\"https:\/\/laprensacristiana.com\/?author=3\"}]}<\/script>\n<!-- \/ Yoast SEO plugin. -->","yoast_head_json":{"title":"Firman convenio - La Prensa Cristiana","robots":{"index":"index","follow":"follow","max-snippet":"max-snippet:-1","max-image-preview":"max-image-preview:large","max-video-preview":"max-video-preview:-1"},"canonical":"https:\/\/laprensacristiana.com\/?p=2473","og_locale":"es_ES","og_type":"article","og_title":"Firman convenio - La Prensa Cristiana","og_description":"El d\u00eda de ayer en horas de la tarde, la prestigiada Universidad Cristiana de Las Asambleas de Dios (UCAD) estableci\u00f3 un convenio con La Prensa Cristiana (LPC). Dicha documentaci\u00f3n, promover\u00e1 la cooperaci\u00f3n bilateral entre las instituciones antes mencionadas. Estableciendo que parte del cuerpo estudiantil de la casa de estudios UCAD, podr\u00e1 realizar sus pr\u00e1cticas profesionales [&hellip;]","og_url":"https:\/\/laprensacristiana.com\/?p=2473","og_site_name":"La Prensa Cristiana","article_published_time":"2017-03-08T04:16:24+00:00","article_modified_time":"2020-07-02T01:03:40+00:00","og_image":[{"width":707,"height":707,"url":"https:\/\/laprensacristiana.com\/wp-content\/uploads\/2017\/03\/U-1.jpg","type":"image\/jpeg"}],"author":"EDITOR","twitter_card":"summary_large_image","twitter_misc":{"Escrito por":"EDITOR","Tiempo de lectura":"1 minuto"},"schema":{"@context":"https:\/\/schema.org","@graph":[{"@type":"WebPage","@id":"https:\/\/laprensacristiana.com\/?p=2473","url":"https:\/\/laprensacristiana.com\/?p=2473","name":"Firman convenio - La Prensa Cristiana","isPartOf":{"@id":"https:\/\/laprensacristiana.com\/#website"},"datePublished":"2017-03-08T04:16:24+00:00","dateModified":"2020-07-02T01:03:40+00:00","author":{"@id":"https:\/\/laprensacristiana.com\/#\/schema\/person\/3e7d82c6bfd6b1fa67010f8f7cd5256e"},"breadcrumb":{"@id":"https:\/\/laprensacristiana.com\/?p=2473#breadcrumb"},"inLanguage":"es","potentialAction":[{"@type":"ReadAction","target":["https:\/\/laprensacristiana.com\/?p=2473"]}]},{"@type":"BreadcrumbList","@id":"https:\/\/laprensacristiana.com\/?p=2473#breadcrumb","itemListElement":[{"@type":"ListItem","position":1,"name":"Portada","item":"https:\/\/laprensacristiana.com\/"},{"@type":"ListItem","position":2,"name":"Firman convenio"}]},{"@type":"WebSite","@id":"https:\/\/laprensacristiana.com\/#website","url":"https:\/\/laprensacristiana.com\/","name":"La Prensa Cristiana","description":"Anunciando Las Buenas Nuevas","potentialAction":[{"@type":"SearchAction","target":{"@type":"EntryPoint","urlTemplate":"https:\/\/laprensacristiana.com\/?s={search_term_string}"},"query-input":"required name=search_term_string"}],"inLanguage":"es"},{"@type":"Person","@id":"https:\/\/laprensacristiana.com\/#\/schema\/person\/3e7d82c6bfd6b1fa67010f8f7cd5256e","name":"EDITOR","image":{"@type":"ImageObject","inLanguage":"es","@id":"https:\/\/laprensacristiana.com\/#\/schema\/person\/image\/","url":"https:\/\/secure.gravatar.com\/avatar\/72069dfb6c13772d9e8381e3638666d2?s=96&d=mm&r=g","contentUrl":"https:\/\/secure.gravatar.com\/avatar\/72069dfb6c13772d9e8381e3638666d2?s=96&d=mm&r=g","caption":"EDITOR"},"url":"https:\/\/laprensacristiana.com\/?author=3"}]}},"_links":{"self":[{"href":"https:\/\/laprensacristiana.com\/index.php?rest_route=\/wp\/v2\/posts\/2473"}],"collection":[{"href":"https:\/\/laprensacristiana.com\/index.php?rest_route=\/wp\/v2\/posts"}],"about":[{"href":"https:\/\/laprensacristiana.com\/index.php?rest_route=\/wp\/v2\/types\/post"}],"author":[{"embeddable":true,"href":"https:\/\/laprensacristiana.com\/index.php?rest_route=\/wp\/v2\/users\/3"}],"replies":[{"embeddable":true,"href":"https:\/\/laprensacristiana.com\/index.php?rest_route=%2Fwp%2Fv2%2Fcomments&post=2473"}],"version-history":[{"count":8,"href":"https:\/\/laprensacristiana.com\/index.php?rest_route=\/wp\/v2\/posts\/2473\/revisions"}],"predecessor-version":[{"id":2498,"href":"https:\/\/laprensacristiana.com\/index.php?rest_route=\/wp\/v2\/posts\/2473\/revisions\/2498"}],"wp:featuredmedia":[{"embeddable":true,"href":"https:\/\/laprensacristiana.com\/index.php?rest_route=\/wp\/v2\/media\/2482"}],"wp:attachment":[{"href":"https:\/\/laprensacristiana.com\/index.php?rest_route=%2Fwp%2Fv2%2Fmedia&parent=2473"}],"wp:term":[{"taxonomy":"category","embeddable":true,"href":"https:\/\/laprensacristiana.com\/index.php?rest_route=%2Fwp%2Fv2%2Fcategories&post=2473"},{"taxonomy":"post_tag","embeddable":true,"href":"https:\/\/laprensacristiana.com\/index.php?rest_route=%2Fwp%2Fv2%2Ftags&post=2473"}],"curies":[{"name":"wp","href":"https:\/\/api.w.org\/{rel}","templated":true}]}}